{"id":485812,"date":"2020-11-09T00:03:21","date_gmt":"2020-11-09T06:03:21","guid":{"rendered":"https:\/\/www.diarioimagen.net\/?p=485812"},"modified":"2020-11-09T01:52:10","modified_gmt":"2020-11-09T07:52:10","slug":"morenodemia","status":"publish","type":"post","link":"https:\/\/www.diarioimagen.net\/?p=485812","title":{"rendered":"\u201cMorenodemia\u201d"},"content":{"rendered":"<h2>Espacio Electoral<\/h2>\n<h5>Eleazar Flores<\/h5>\n<p>&nbsp;<\/p>\n<p><strong>PAGAR\u00c1 CARO-.<\/strong> No reconocer el triunfo electoral yanqui de Joe Biden, pero sobre todo invocar el recuerdo de 2006, cuando se dijo robado al no alcanzar la Presidencia de M\u00e9xico, se pagar\u00e1 caro.<\/p>\n<p>El padre de la Cuarta Transformaci\u00f3n argumenta que esperar\u00e1 el dictamen final de las autoridades electorales para felicitar a Biden, qu\u00e9 lento.<\/p>\n<p><strong>BOLIVIA-.<\/strong> Obviamente que no faltar\u00e1n, o mejor dicho sobrar\u00e1n, los filopejistas que aplaudan la medida, pero olvidan que fue una actitud diferente ante el triunfo del boliviano Luis Arce, hace dos semanas quien gan\u00f3 la presidencia y raudo y veloz vino el reconocimiento por medio de la canciller\u00eda mexicana.<\/p>\n<p>Se ratifica la excelente relaci\u00f3n entre M\u00e9xico y el nuevo gobierno de Bolivia desde el momento en que el mismo domingo lleg\u00f3 a dicho pa\u00eds sudamericano el nuevo dirigente nacional de Morena, Mario Delgado, seguramente llevando el saludo presidencial.<\/p>\n<p>Lo que pasa es que unos m\u00e1s y otros menos hemos ca\u00eddo en la denominada \u201cMORENODEMIA\u201d consistente en escuchar una y mil veces el mismo discurso presidencial, tanto en las ma\u00f1aneras como en las giras al interior del pa\u00eds, con pronunciamientos de siempre.<\/p>\n<p>Esos pronunciamientos ya los tenemos grabados: que en la lucha contra Covid 19 \u201cvamos bien\u201d, no obstante las 94,808 defunciones al d\u00eda domingo, que hay suficientes medicina contra el c\u00e1ncer infantil no obstante los reclamos de desabasto en los hospitales.<\/p>\n<p>En cuanto a la econom\u00eda ni se diga, se canta a diario la creaci\u00f3n de miles de nuevos empleos, mal pagados en relaci\u00f3n a los salarios de antes, contra el m\u00e1s del mill\u00f3n que se perdieron hace diez meses, cuando el padre de la cuarta transformaci\u00f3n negaba el hecho.<\/p>\n<p>Lo \u00faltimo son las desgracias consecuencia\u00a0 de los ciclones que se han registrado por semanas antes en el norte y hace poco en el sureste.<\/p>\n<p>Ha tenido que pasar un mes para que el presidente L\u00f3pez Obrador acuda, -s\u00f3lo en avi\u00f3n-, a su estado natal para prometer que se levantar\u00e1n de estas desgracias. L\u00e1stima que los habitantes de otras entidades en desgracias similares como Campeche, Chiapas e incluso en las del norte, no hayan tenido la visita del peje.<\/p>\n<p>USA-. En su discurso del domingo por la noche ante sus simpatizantes azules y seguramente algunos rojos que votaron por Trump, el presidente electo Joe Biden dijo con toda claridad que ha pasado la contienda y no habr\u00e1 m\u00e1s rojos o azules, \u201cvamos a unirnos y trabajar juntos por el bien del pa\u00eds\u201d.<\/p>\n<p>Estos intentos de unificaci\u00f3n son los que seguramente no asimila el padre de la <em>cuarta transformaci\u00f3n<\/em>, campe\u00f3n en dividir a sus gobernados entre transformadores y conservadores o neoliberales, como parte de la \u201cMORENODEMIA\u201d.<\/p>\n<p><em><a href=\"mailto:elefa44@gmail.com\" target=\"_blank\" rel=\"noopener noreferrer\">elefa44@gmail.com<\/a><\/em><\/p>\n","protected":false},"excerpt":{"rendered":"<p><span style=\"color: #005497;\"><strong>Eleazar Flores<\/strong><\/span><\/p>\n","protected":false},"author":3,"featured_media":0,"comment_status":"open","ping_status":"open","sticky":false,"template":"","format":"standard","meta":{"_monsterinsights_skip_tracking":false,"_monsterinsights_sitenote_active":false,"_monsterinsights_sitenote_note":"","_monsterinsights_sitenote_category":0,"footnotes":""},"categories":[81743],"tags":[46970,43674],"class_list":["post-485812","post","type-post","status-publish","format-standard","hentry","category-eleazar-flores","tag-espacio","tag-opinion"],"_links":{"self":[{"href":"https:\/\/www.diarioimagen.net\/index.php?rest_route=\/wp\/v2\/posts\/485812","targetHints":{"allow":["GET"]}}],"collection":[{"href":"https:\/\/www.diarioimagen.net\/index.php?rest_route=\/wp\/v2\/posts"}],"about":[{"href":"https:\/\/www.diarioimagen.net\/index.php?rest_route=\/wp\/v2\/types\/post"}],"author":[{"embeddable":true,"href":"https:\/\/www.diarioimagen.net\/index.php?rest_route=\/wp\/v2\/users\/3"}],"replies":[{"embeddable":true,"href":"https:\/\/www.diarioimagen.net\/index.php?rest_route=%2Fwp%2Fv2%2Fcomments&post=485812"}],"version-history":[{"count":0,"href":"https:\/\/www.diarioimagen.net\/index.php?rest_route=\/wp\/v2\/posts\/485812\/revisions"}],"wp:attachment":[{"href":"https:\/\/www.diarioimagen.net\/index.php?rest_route=%2Fwp%2Fv2%2Fmedia&parent=485812"}],"wp:term":[{"taxonomy":"category","embeddable":true,"href":"https:\/\/www.diarioimagen.net\/index.php?rest_route=%2Fwp%2Fv2%2Fcategories&post=485812"},{"taxonomy":"post_tag","embeddable":true,"href":"https:\/\/www.diarioimagen.net\/index.php?rest_route=%2Fwp%2Fv2%2Ftags&post=485812"}],"curies":[{"name":"wp","href":"https:\/\/api.w.org\/{rel}","templated":true}]}}