{"id":485841,"date":"2020-11-09T00:08:56","date_gmt":"2020-11-09T06:08:56","guid":{"rendered":"https:\/\/www.diarioimagen.net\/?p=485841"},"modified":"2020-11-09T04:49:01","modified_gmt":"2020-11-09T10:49:01","slug":"los-espejismos-sociales","status":"publish","type":"post","link":"https:\/\/www.diarioimagen.net\/?p=485841","title":{"rendered":"Los espejismos sociales"},"content":{"rendered":"<h2>Detr\u00e1s del Poder<\/h2>\n<h5>Jos\u00e9 Antonio L\u00f3pez Sosa<\/h5>\n<p>&nbsp;<\/p>\n<p>No s\u00e9 c\u00f3mo interpretar que m\u00e1s de 70 millones de personas en los Estados Unidos votaran por la reelecci\u00f3n de Donald Trump, eso va m\u00e1s all\u00e1 de la condici\u00f3n ideol\u00f3gica o pol\u00edtica entre republicanos y dem\u00f3cratas, sencillamente porque el presidente estadounidense ha representado desde su anterior campa\u00f1a y durante su gobierno, un ente racista, mis\u00f3gino, con ideas supremacistas y sobre todo, con un profundo desd\u00e9n por las minor\u00edas en aquel pa\u00eds.<\/p>\n<p>Me cuesta a\u00fan m\u00e1s trabajo entender a los latinos, sobre todo cubanos y venezolanos (de origen o de ascendencia) que hicieron toda una campa\u00f1a en Florida a favor del candidato republicano.<\/p>\n<p>Esto va m\u00e1s all\u00e1, gente cercana a mi e incluso familiares que tengo en la Uni\u00f3n Americana los vi y le\u00ed convencidos que Trump ha mejorado las cosas en los Estados Unidos e incluso, coincidiendo con su pol\u00edtica proteccionista y anti-inmigrante.<\/p>\n<p>\u00bfQu\u00e9 les pas\u00f3 como sociedad en los Estados Unidos? \u00bfd\u00f3nde se perdieron?, es un ejercicio muy complicado de entender.<\/p>\n<p>Peor a\u00fan, hay gente en M\u00e9xico que defiende ahora la investidura de Trump y considera que era la mejor opci\u00f3n para los Estados Unidos. De verdad de no creerse.<\/p>\n<p>Estamos frente a severos espejismos sociales, frente a una descomposici\u00f3n ideol\u00f3gica que se manifest\u00f3 en las urnas la semana pasada en los Estados Unidos. Afortunadamente para ellos y para nosotros, gan\u00f3 la cordura y Biden ser\u00e1 el pr\u00f3ximo presidente de los Estados Unidos de Am\u00e9rica.<\/p>\n<p>Parece que terminar\u00e1n 4 a\u00f1os de polarizaci\u00f3n, insultos y sobre todo, un gobierno racista lleno de ocurrencias.<\/p>\n<p>Finalmente, no faltan los adosados que pretenden comparar la elecci\u00f3n de Trump y sus millones de seguidores con la elecci\u00f3n que llev\u00f3 a L\u00f3pez Obrador a la presidencia. La diferencia es que, el Presidente de M\u00e9xico nunca fij\u00f3 ni ha fijado una agenda racista, no ha tenido los excesos verbales y ejecutivos del presidente Trump y no representa a un grupo de supremacistas. S\u00ed, ha decepcionado a millones de votantes, no ha sido lo que muchos esperaron, pero est\u00e1n comparando peras con manzanas.<\/p>\n<p>Tambi\u00e9n es momento que en los Estados Uidos se piense a fondo, si la democracia indirecta sigue siendo vigente y \u00fatil o debieran pensar en una democracia directa, donde un voto es efectivo para elegir y no, a trav\u00e9s de un colegio electoral.<\/p>\n<p style=\"text-align: center;\"><strong>La titular de Sefotur Yucat\u00e1n se queja del AICM<\/strong><\/p>\n<p>La tarde de ayer, Michelle Fridman, secretaria de Turismo de Yucat\u00e1n public\u00f3 en su\u00a0<em>timeline\u00a0<\/em>de twitter:\u00a0<em>MUY lamentable el terrible manejo sanitario de\u00a0<\/em><em><u>@AICM_mx<\/u><\/em><em>; los destinos estamos haciendo ENORMES esfuerzos por construir la confianza de los visitantes y por hacer turismo en un marco de bioseguridad. Este tipo de descuidos ponen en riesgo y perjudican seriamente a TODO el sector<\/em>.<\/p>\n<p>Desde la cuenta oficial del aeropuerto le respondieron pidiendo que diera detalles sobre su comentario, ante ello, Fridman pidi\u00f3 hacerlo a trav\u00e9s de una v\u00eda \u201cmenos p\u00fablica y m\u00e1s constructiva\u201d.<\/p>\n<p>Me parece que si un secretario de turismo estatal tiene una queja del aeropuerto de la capital del pa\u00eds en materia sanitaria en estos tiempos de pandemia, lo m\u00e1s constructivo es hacerlo de forma p\u00fablica. No es una relaci\u00f3n entre empresas, es un asunto de inter\u00e9s p\u00fablico. As\u00ed lo hice saber desde mi cuenta de twitter. \u00bfQu\u00e9 sucedi\u00f3?, hasta la redacci\u00f3n de esta columna no lo sabemos, de acuerdo a la interpretaci\u00f3n de lo que es constructivo, desde la visi\u00f3n de un servidor p\u00fablico.<\/p>\n<p><a href=\"mailto:frontenis77@yahoo.com\" target=\"_blank\" rel=\"noopener noreferrer\"><em>frontenis77@yahoo.com<\/em><\/a><\/p>\n","protected":false},"excerpt":{"rendered":"<p><span style=\"color: #005497;\"><strong>Jos\u00e9 Antonio L\u00f3pez Sosa<\/strong><\/span><\/p>\n","protected":false},"author":3,"featured_media":0,"comment_status":"open","ping_status":"open","sticky":false,"template":"","format":"standard","meta":{"_monsterinsights_skip_tracking":false,"_monsterinsights_sitenote_active":false,"_monsterinsights_sitenote_note":"","_monsterinsights_sitenote_category":0,"footnotes":""},"categories":[637],"tags":[638,43690,43674],"class_list":["post-485841","post","type-post","status-publish","format-standard","hentry","category-jose-antonio-lopez-sosa","tag-detras-del-poder","tag-jose-antonio-lopez-sosa","tag-opinion"],"_links":{"self":[{"href":"https:\/\/www.diarioimagen.net\/index.php?rest_route=\/wp\/v2\/posts\/485841","targetHints":{"allow":["GET"]}}],"collection":[{"href":"https:\/\/www.diarioimagen.net\/index.php?rest_route=\/wp\/v2\/posts"}],"about":[{"href":"https:\/\/www.diarioimagen.net\/index.php?rest_route=\/wp\/v2\/types\/post"}],"author":[{"embeddable":true,"href":"https:\/\/www.diarioimagen.net\/index.php?rest_route=\/wp\/v2\/users\/3"}],"replies":[{"embeddable":true,"href":"https:\/\/www.diarioimagen.net\/index.php?rest_route=%2Fwp%2Fv2%2Fcomments&post=485841"}],"version-history":[{"count":0,"href":"https:\/\/www.diarioimagen.net\/index.php?rest_route=\/wp\/v2\/posts\/485841\/revisions"}],"wp:attachment":[{"href":"https:\/\/www.diarioimagen.net\/index.php?rest_route=%2Fwp%2Fv2%2Fmedia&parent=485841"}],"wp:term":[{"taxonomy":"category","embeddable":true,"href":"https:\/\/www.diarioimagen.net\/index.php?rest_route=%2Fwp%2Fv2%2Fcategories&post=485841"},{"taxonomy":"post_tag","embeddable":true,"href":"https:\/\/www.diarioimagen.net\/index.php?rest_route=%2Fwp%2Fv2%2Ftags&post=485841"}],"curies":[{"name":"wp","href":"https:\/\/api.w.org\/{rel}","templated":true}]}}