{"id":485906,"date":"2020-11-10T00:03:31","date_gmt":"2020-11-10T06:03:31","guid":{"rendered":"https:\/\/www.diarioimagen.net\/?p=485906"},"modified":"2020-11-10T01:21:15","modified_gmt":"2020-11-10T07:21:15","slug":"cumbiadelencierro-con-beto-cuevas-y-los-socios-del-ritmo","status":"publish","type":"post","link":"https:\/\/www.diarioimagen.net\/?p=485906","title":{"rendered":"#CumbiaDelEncierro con Beto Cuevas y Los Socios del Ritmo"},"content":{"rendered":"<p>&nbsp;<\/p>\n<ul>\n<li><em><strong> La canci\u00f3n es de la autor\u00eda de Marujita, una linda abuelita chilena de 88 a\u00f1os quien un d\u00eda se levant\u00f3<span class=\"Apple-converted-space\">\u00a0<\/span>-muy temprano- con esta canci\u00f3n en su cabeza as\u00ed<span class=\"Apple-converted-space\">\u00a0<\/span>que decidi\u00f3 escribirla de principio a fin. Despu\u00e9s, este tema lleg\u00f3 a manos de Beto Cuevas, quien se enamor\u00f3 de la letra de manera inmediata<\/strong><\/em><\/li>\n<\/ul>\n<p>&nbsp;<\/p>\n<div id=\"attachment_485907\" style=\"width: 470px\" class=\"wp-caption aligncenter\"><img loading=\"lazy\" decoding=\"async\" aria-describedby=\"caption-attachment-485907\" class=\"size-full wp-image-485907\" src=\"https:\/\/www.diarioimagen.net\/wp-content\/uploads\/2020\/11\/Cumbia-del-Encierro_Beto-Cuevas-y-Los-Socios-del-Ritmo-001111111pPOR.jpg\" alt=\"\" width=\"460\" height=\"270\" \/><p id=\"caption-attachment-485907\" class=\"wp-caption-text\">#CumbiaDelEncierro se encuentra disponible en todas las plataformas digitales as\u00ed como el estreno del video musical.<\/p><\/div>\n<p>&nbsp;<\/p>\n<p>Cumbia del Encierro es un tema de la autor\u00eda de Marujita, una linda abuelita chilena de 88 a\u00f1os quien relat\u00f3, a los medios de su pa\u00eds, que un d\u00eda se levant\u00f3 -muy temprano- con esta canci\u00f3n en su cabeza as\u00ed que decidi\u00f3 escribirla de principio a fin. Despu\u00e9s, este tema lleg\u00f3 a manos de Beto Cuevas, quien se enamor\u00f3 de la letra de manera inmediata.<\/p>\n<p>La primera versi\u00f3n de esta cumbia cuenta con la colaboraci\u00f3n de Los Aut\u00e9nticos Decadentes. El grupo argentino realiz\u00f3 los arreglos y particip\u00f3 en el video. Cumbia del Encierro lleg\u00f3 acompa\u00f1ada de una campa\u00f1a a favor de los adultos mayores.<\/p>\n<p>Decidido a llevar este tema por Am\u00e9rica Latina, el int\u00e9rprete de rock chileno se dedic\u00f3 a buscar una agrupaci\u00f3n mexicana para realizar una nueva versi\u00f3n de esta cumbia y encontrando en Los Socios del Ritmo, al c\u00f3mplice perfecto, ya que es uno de los grupos musicales m\u00e1s importantes en M\u00e9xico. Una vez puestos de acuerdo, trabajaron en nueva versi\u00f3n de Cumbia del Encierro, con arreglos musicales de los int\u00e9rpretes de Llorar.<\/p>\n<p>Al igual que en Chile, Cumbia del Encierro, que se estrenar\u00e1 el pr\u00f3ximo 6 de noviembre en todas las plataformas digitales, estar\u00e1 acompa\u00f1ada de una campa\u00f1a que apoyar\u00e1 a los adultos mayores en M\u00e9xico. \u00danete a esta gran causa realizando el challenge del video y el hashtag #cumbiadelencierro.<br \/>\nPara Beto Cuevas y Los Socios del Ritmo, es importante no olvidar a los adultos mayores durante estos tiempos tan complicados y Cumbia del Encierro es una gran oportunidad para tener presente a este sector de la poblaci\u00f3n en todo el mundo.<\/p>\n<p style=\"text-align: center;\"><b>TV AZTECA Y FUNDACI\u00d3N AZTECA LA CONVIERTEN EN UNA CANCI\u00d3N CON CAUSA<span class=\"Apple-converted-space\">\u00a0<\/span><\/b><\/p>\n<p>Esta campa\u00f1a de sensibilizaci\u00f3n sobre la importancia de valorar, cuidar, atender y ayudar a los adultos mayores, se llevar\u00e1 a cabo a trav\u00e9s de un desaf\u00edo en el que durante dos semanas, j\u00f3venes y adultos deber\u00e1n compartir un video en redes sociales con el hashtag #CumbiaDelEncierro, en el que se les vea cantar y bailar con mensajes que inspiren y contagien optimismo, esperanza y amor. Cada interacci\u00f3n se convertir\u00e1 en productos, servicios y cuidados para personas de la tercera edad a trav\u00e9s del apoyo de empresas e instituciones.<\/p>\n","protected":false},"excerpt":{"rendered":"<p>Cumbia del Encierro es un tema de la autor\u00eda de Marujita, una linda abuelita chilena de 88 a\u00f1os quien relat\u00f3, a los medios de su pa\u00eds, que un d\u00eda se levant\u00f3 -muy temprano- con esta canci\u00f3n en su cabeza as\u00ed que decidi\u00f3 escribirla de principio a fin. Despu\u00e9s, este tema lleg\u00f3 a manos de Beto Cuevas, quien se enamor\u00f3 de la letra de manera inmediata.<\/p>\n","protected":false},"author":1,"featured_media":485907,"comment_status":"open","ping_status":"open","sticky":false,"template":"","format":"standard","meta":{"_monsterinsights_skip_tracking":false,"_monsterinsights_sitenote_active":false,"_monsterinsights_sitenote_note":"","_monsterinsights_sitenote_category":0,"footnotes":""},"categories":[12],"tags":[3079,91866,43682],"class_list":["post-485906","post","type-post","status-publish","format-standard","has-post-thumbnail","hentry","category-espectaculos","tag-beto-cuevas","tag-cumbiadelencierro","tag-espectaculos"],"_links":{"self":[{"href":"https:\/\/www.diarioimagen.net\/index.php?rest_route=\/wp\/v2\/posts\/485906","targetHints":{"allow":["GET"]}}],"collection":[{"href":"https:\/\/www.diarioimagen.net\/index.php?rest_route=\/wp\/v2\/posts"}],"about":[{"href":"https:\/\/www.diarioimagen.net\/index.php?rest_route=\/wp\/v2\/types\/post"}],"author":[{"embeddable":true,"href":"https:\/\/www.diarioimagen.net\/index.php?rest_route=\/wp\/v2\/users\/1"}],"replies":[{"embeddable":true,"href":"https:\/\/www.diarioimagen.net\/index.php?rest_route=%2Fwp%2Fv2%2Fcomments&post=485906"}],"version-history":[{"count":0,"href":"https:\/\/www.diarioimagen.net\/index.php?rest_route=\/wp\/v2\/posts\/485906\/revisions"}],"wp:featuredmedia":[{"embeddable":true,"href":"https:\/\/www.diarioimagen.net\/index.php?rest_route=\/wp\/v2\/media\/485907"}],"wp:attachment":[{"href":"https:\/\/www.diarioimagen.net\/index.php?rest_route=%2Fwp%2Fv2%2Fmedia&parent=485906"}],"wp:term":[{"taxonomy":"category","embeddable":true,"href":"https:\/\/www.diarioimagen.net\/index.php?rest_route=%2Fwp%2Fv2%2Fcategories&post=485906"},{"taxonomy":"post_tag","embeddable":true,"href":"https:\/\/www.diarioimagen.net\/index.php?rest_route=%2Fwp%2Fv2%2Ftags&post=485906"}],"curies":[{"name":"wp","href":"https:\/\/api.w.org\/{rel}","templated":true}]}}