{"id":486096,"date":"2020-11-11T00:06:54","date_gmt":"2020-11-11T06:06:54","guid":{"rendered":"https:\/\/www.diarioimagen.net\/?p=486096"},"modified":"2020-11-12T22:36:24","modified_gmt":"2020-11-13T04:36:24","slug":"alfredo-barrera-rector-de-la-uaem-firmo-convenio-con-rodrigo-espeleta","status":"publish","type":"post","link":"https:\/\/www.diarioimagen.net\/?p=486096","title":{"rendered":"Alfredo Barrera, rector de la UAEM, firm\u00f3 convenio con Rodrigo Espeleta"},"content":{"rendered":"<p>&nbsp;<\/p>\n<ul>\n<li><strong><em>Estudiantes de la m\u00e1xima casa de estudios mexiquense que realizan servicio social y pr\u00e1cticas profesionales podr\u00e1n participar en el Programa Caravanas por la Justicia Cotidiana<\/em><\/strong><\/li>\n<\/ul>\n<p>&nbsp;<\/p>\n<div id=\"attachment_486144\" style=\"width: 470px\" class=\"wp-caption aligncenter\"><a href=\"https:\/\/www.diarioimagen.net\/?attachment_id=486144\" rel=\"attachment wp-att-486144\"><img loading=\"lazy\" decoding=\"async\" aria-describedby=\"caption-attachment-486144\" class=\"size-full wp-image-486144\" src=\"https:\/\/www.diarioimagen.net\/wp-content\/uploads\/2020\/11\/uaem-rector-1.jpg\" alt=\"\" width=\"460\" height=\"270\" \/><\/a><p id=\"caption-attachment-486144\" class=\"wp-caption-text\">El rector de la UAEM, Alfredo Barrera Baca, firm\u00f3 un convenio general de colaboraci\u00f3n con el secretario de @SjyDH_Edomex, Rodrigo Espeleta para que integrantes de la @UAEM_MX participen en el programa de Caravanas por la Justicia Cotidiana.<\/p><\/div>\n<p>&nbsp;<\/p>\n<p><strong>Toluca, Estado de M\u00e9xico<\/strong>.\u2013 El rector de la Universidad Aut\u00f3noma del Estado de M\u00e9xico, Alfredo Barrera Baca, firm\u00f3 un convenio general de colaboraci\u00f3n con el secretario de Justicia y Derechos Humanos del Gobierno del Estado de M\u00e9xico, Rodrigo Espeleta Aladro, documento a partir del cual estudiantes de la m\u00e1xima casa de estudios mexiquense que realizan servicio social y pr\u00e1cticas profesionales podr\u00e1n participar en el Programa Caravanas por la Justicia Cotidiana.<\/p>\n<p>En el Palacio de Gobierno destac\u00f3 que dicho programa, que tiene por objeto atender, dar respuesta y solucionar de manera pronta conflictos entre la poblaci\u00f3n, as\u00ed como acercar tr\u00e1mites y servicios a poblaciones alejadas, refleja la sensibilidad del gobierno mexiquense para ofrecer certeza jur\u00eddica a las poblaciones m\u00e1s necesitadas.<\/p>\n<p>Alfredo Barrera Baca indic\u00f3 que para cumplir sus funciones sustantivas en sincron\u00eda con las necesidades de la sociedad, la UAEM oferta la Licenciatura en Medios Alternos de Soluci\u00f3n de Conflictos y abund\u00f3 que con base en su participaci\u00f3n en este programa, los universitarios adquirir\u00e1n experiencia laboral frente a temas de la mayor sensibilidad.<\/p>\n<p>En su oportunidad, Rodrigo Espeleta Aladro se\u00f1al\u00f3 que el Programa de Caravanas por la Justicia Cotidiana ofrece m\u00e1s de 77 servicios en los que participan 22 instituciones, entre ellas, la m\u00e1xima casa de estudios mexiquense.<\/p>\n<p>En presencia del subsecretario de Justicia del gobierno mexiquense, Arturo Iv\u00e1n Barrera Pineda, y el director de la Facultad de Derecho de la UAEM, Dolores Alan\u00eds Tavira, quienes fungir\u00e1n como enlaces en la colaboraci\u00f3n interinstitucional entre el gobierno de la entidad y la Aut\u00f3noma mexiquense, Espeleta Aladro reconoci\u00f3 a la UAEM, que mediante la iniciativa gubernamental ofrecer\u00e1 asesor\u00edas a las comunidades que m\u00e1s lo requieren.<\/p>\n","protected":false},"excerpt":{"rendered":"<p>El rector de la Universidad Aut\u00f3noma del Estado de M\u00e9xico, Alfredo Barrera Baca, firm\u00f3 un convenio general de colaboraci\u00f3n con el secretario de Justicia y Derechos Humanos del Gobierno del Estado de M\u00e9xico, Rodrigo Espeleta Aladro, documento a partir del cual estudiantes de la m\u00e1xima casa de estudios mexiquense que realizan servicio social y pr\u00e1cticas profesionales podr\u00e1n participar en el Programa Caravanas por la Justicia Cotidiana.<\/p>\n","protected":false},"author":3,"featured_media":486144,"comment_status":"open","ping_status":"open","sticky":false,"template":"","format":"standard","meta":{"_monsterinsights_skip_tracking":false,"_monsterinsights_sitenote_active":false,"_monsterinsights_sitenote_note":"","_monsterinsights_sitenote_category":0,"footnotes":""},"categories":[5],"tags":[58572,43675,452,1490],"class_list":["post-486096","post","type-post","status-publish","format-standard","has-post-thumbnail","hentry","category-estado-de-mexico","tag-alfredo-barrera-baca","tag-estado-de-mexico","tag-toluca","tag-universidad-autonoma-del-estado-de-mexico"],"_links":{"self":[{"href":"https:\/\/www.diarioimagen.net\/index.php?rest_route=\/wp\/v2\/posts\/486096","targetHints":{"allow":["GET"]}}],"collection":[{"href":"https:\/\/www.diarioimagen.net\/index.php?rest_route=\/wp\/v2\/posts"}],"about":[{"href":"https:\/\/www.diarioimagen.net\/index.php?rest_route=\/wp\/v2\/types\/post"}],"author":[{"embeddable":true,"href":"https:\/\/www.diarioimagen.net\/index.php?rest_route=\/wp\/v2\/users\/3"}],"replies":[{"embeddable":true,"href":"https:\/\/www.diarioimagen.net\/index.php?rest_route=%2Fwp%2Fv2%2Fcomments&post=486096"}],"version-history":[{"count":0,"href":"https:\/\/www.diarioimagen.net\/index.php?rest_route=\/wp\/v2\/posts\/486096\/revisions"}],"wp:featuredmedia":[{"embeddable":true,"href":"https:\/\/www.diarioimagen.net\/index.php?rest_route=\/wp\/v2\/media\/486144"}],"wp:attachment":[{"href":"https:\/\/www.diarioimagen.net\/index.php?rest_route=%2Fwp%2Fv2%2Fmedia&parent=486096"}],"wp:term":[{"taxonomy":"category","embeddable":true,"href":"https:\/\/www.diarioimagen.net\/index.php?rest_route=%2Fwp%2Fv2%2Fcategories&post=486096"},{"taxonomy":"post_tag","embeddable":true,"href":"https:\/\/www.diarioimagen.net\/index.php?rest_route=%2Fwp%2Fv2%2Ftags&post=486096"}],"curies":[{"name":"wp","href":"https:\/\/api.w.org\/{rel}","templated":true}]}}