{"id":486098,"date":"2020-11-11T00:02:09","date_gmt":"2020-11-11T06:02:09","guid":{"rendered":"https:\/\/www.diarioimagen.net\/?p=486098"},"modified":"2020-11-11T00:36:41","modified_gmt":"2020-11-11T06:36:41","slug":"pleito-entre-bartett-y-adan-augusto-lopez-sube-peligrosamente-de-temperatura","status":"publish","type":"post","link":"https:\/\/www.diarioimagen.net\/?p=486098","title":{"rendered":"Pleito entre Bartett y Ad\u00e1n Augusto L\u00f3pez sube peligrosamente de temperatura"},"content":{"rendered":"<h2>La Retaguardia<\/h2>\n<h5>Adriana Moreno Cordero<\/h5>\n<p>&nbsp;<\/p>\n<p>Como \u201canillo al dedo\u201d le vino al presidente <strong>Andr\u00e9s Manuel L\u00f3pez Obrador<\/strong>, lo ocurrido hace dos d\u00edas en Canc\u00fan, cuando polic\u00edas del municipio de Benito Ju\u00e1rez, cuya alcaldesa es la morenista <strong>Mara Lezama<\/strong>, repelieron con balas a manifestantes que exig\u00edan justicia por el feminicidio de <strong>Alexis<\/strong>, ya que con ese lamentable suceso, el tabasque\u00f1o pudo cubrir el cada vez m\u00e1s grave problema que vive ni m\u00e1s ni menos que su tierra, Tabasco, que contin\u00faa inundada y sin posibilidades de que esto se solucione, con todo y que ayer, el sol cubri\u00f3 al estado, pero eso no resulta suficiente y menos ante una ciudadan\u00eda que se siente decepcionada del mandatario porque, simple y llanamente, no le importa lo que le ocurra a la tierra que lo vio nacer y no tiene pensado viajar en los pr\u00f3ximos d\u00edas a su estado, ni de lejos y aunque las circunstancias lo obliguen.<\/p>\n<p>En este orden de ideas, c\u00f3mo es posible que en su gustad\u00edsima conferencia de prensa ma\u00f1anera, L\u00f3pez Obrador, sin empacho alguno, diga que \u00e9l tiene la conciencia muy tranquila y que todo es culpa de sus adversarios, sobre todo, de aquellos medios que no lo quieren. Los conflictos que es evidente, se la han salido de las manos, no se pueden reducir a una cuesti\u00f3n de humores.<\/p>\n<p>No es la primera vez que el Presidente sale con eso. La pandemia de Covid-19 ha dejado muerte y desolaci\u00f3n tras de s\u00ed y ni un dedo ha movido el Ejecutivo para apoyar y lo \u00fanico que le interesa es acumular dinero para sacar adelante sus \u201celefantes blancos reum\u00e1ticos\u201d y los programas mediante los cuales, regala dinero como limosna porque supone que ello le va a redituar en muchos votos en las elecciones de 2021.<\/p>\n<p>Sin embargo, en el caso de la entidad inundada, las cosas se le complican al mandatario ya que el pleito que traen el siempre flamante director de la Comisi\u00f3n Federal de Electricidad, <strong>Manuel Bartlett,<\/strong> a quien desde hace varios d\u00edas y como se consign\u00f3 en este espacio, se le cay\u00f3 el sistema\u2026 hidr\u00e1ulico y el gobernador <strong>Ad\u00e1n Augusto L\u00f3pez<\/strong>, sube peligrosamente de temperatura, m\u00e1s a\u00fan porque L\u00f3pez Obrador se coloc\u00f3 del lado del ex gobernador poblano, a quien defiende \u201ca capa y espada\u201d aun a costa de haber dejado en el desamparo a sus paisanos, incluido por cierto, el mandatario estatal.<\/p>\n<p>Y como el imp\u00edo Bartlett D\u00edaz se siente pri\u00edsta \u201cfif\u00ed\u201d \u201cchu ch\u00fa\u201d redimido a morenista, no tuvo inconveniente alguno en prender la mecha en contra del gobernador de Tabasco y afuera de Palacio Nacional respondi\u00f3 sobre el tema: \u201cNinguna (responsabilidad), hay gente que anda buscando a ver a qui\u00e9n le echa la culpa de sus torpezas, es todo lo que voy a decir\u00bb. \u00bfQu\u00e9 tanto ser\u00e1 mediador el Presidente en este pleito?<\/p>\n<p>Retomando lo sucedido en Canc\u00fan, hay que se\u00f1alar que el gobernador <strong>Carlos Joaqu\u00edn Gonz\u00e1lez<\/strong> orden\u00f3 una investigaci\u00f3n inmediata, con resultados concretos y a la brevedad, para encontrar a los elementos que contravinieron sus indicaciones.<\/p>\n<p>Lo anterior -seg\u00fan se sabe-, porque unas horas antes de las protestas el propio mandatario estatal se hab\u00eda reunido con representantes de los colectivos para informarles que girar\u00eda instrucciones para evitar cualquier acto violento en las marchas. En el mismo tenor, el secretario de Seguridad P\u00fablica del estado, <strong>Alberto Capella<\/strong> hab\u00eda instruido a los elementos a su cargo, no llevar armas de fuego que pusieran en peligro la integridad de los presentes en las movilizaciones.<\/p>\n<p>De acuerdo a \u00a0las primeras averiguaciones, se puede inferir que el director de la Polic\u00eda Municipal de Canc\u00fan, <strong>Eduardo Santamar\u00eda Ch\u00e1vez<\/strong>, dio la instrucci\u00f3n de disparar al aire para dispersar la turba que intentaba invadir las oficinas del Ayuntamiento; esto, en teor\u00eda, para proteger la integridad de los servidores que ah\u00ed se encontraban laborando.<\/p>\n<p>Por supuesto y en los primeros resultados de la investigaci\u00f3n, se dio de baja a unos seis polic\u00edas involucrados; el primero en dejar el encargo fue el propio Santamar\u00eda Ch\u00e1vez, ya que sobre \u00e9l recay\u00f3 la responsabilidad del operativo al ser la m\u00e1xima autoridad presente durante los hechos. Cabe se\u00f1alar que el secretario Capella Ibarra se encontraba fuera del estado; viaj\u00f3 a Tijuana debido al reciente fallecimiento de su padre.<\/p>\n<p>Sobre el asunto, la Fiscal\u00eda General de Quintana Roo realiza las averiguaciones correspondientes para deslindar o fincar responsabilidades; a la par, el gobierno de Carlos Joaqu\u00edn, se comprometi\u00f3 a apoyar en todo lo necesario a las v\u00edctimas para que recuperen la salud y se les repare el da\u00f1o.<\/p>\n<p style=\"text-align: center;\"><strong>Municiones<\/strong><\/p>\n<p>*** Sin duda es toda una verg\u00fcenza que el a\u00fan presidente de Estados Unidos, <strong>Donald Trump<\/strong>, no acepte su derrota, que conforme transcurren los d\u00edas se vuelve m\u00e1s y m\u00e1s irreversible y es m\u00e1s, ya se le cerraron todas las de por s\u00ed remotas posibilidades de darle la vuelta a lo que se ha vuelto ya contundente: que perdi\u00f3 frente al presidente electo de la naci\u00f3n m\u00e1s poderosa del mundo, <strong>Joe Biden<\/strong>, quien ayer calific\u00f3 como una verg\u00fcenza la actitud de Trump al se\u00f1alar: \u201cC\u00f3mo podr\u00e9 decirlo con tacto&#8230; creo que esto no ayudar\u00e1 al legado del Presidente y agreg\u00f3, \u201cEl hecho de que la administraci\u00f3n no reconozca nuestro triunfo no cambia la din\u00e1mica de lo que estamos haciendo\u201d.<\/p>\n<p>*** Los dirigentes nacionales del\u00a0PAN, <strong>Marko Cort\u00e9s<\/strong>;\u00a0PRD, <strong>Jes\u00fas Zambrano<\/strong>; por el\u00a0<strong>PRI<\/strong>, <strong>Alejandro Moreno<\/strong>, aceptaron la invitaci\u00f3n de la organizaci\u00f3n \u00ab<a href=\"https:\/\/politico.mx\/minuta-politica\/minuta-politica-partidos-politicos\/pes-acepta-invitaci%C3%B3n-de-s%C3%AD-por-m%C3%A9xico-para-convenci%C3%B3n-nacional\/\">\u00a0S\u00ed por M\u00e9xico<\/a>\u00bb para revisar la\u00a0construcci\u00f3n de una agenda ciudadana\u00a0con miras a las\u00a0elecciones de 2021. \u00bfSe podr\u00e1 ver una alianza de la oposici\u00f3n en contra de la \u201caplanadora\u201d morenista de cara a estos importantes comicios? Al tiempo.<\/p>\n<p>*** La OMS, la FAO y la Organizaci\u00f3n Mundial del Comercio (WTO por sus siglas en ingl\u00e9s) publicaron la nota t\u00e9cnica <em>Recomendaciones dirigidas a tomadores de decisiones en M\u00e9xico para dar respuesta a la vulnerabilidad alimentaria derivada de Covid-19<\/em>. En ella, las tres organizaciones ofrecen una serie de recomendaciones para mitigar el riesgo de malnutrici\u00f3n en M\u00e9xico como consecuencia de la pandemia. En el documento publicado el pasado mes de mayo de 2020, las Naciones Unidas y sus iniciativas adjuntas utilizan el t\u00e9rmino \u201cmalnutrici\u00f3n\u201d para incluir tres afecciones relacionadas a la carencia o exceso de nutrientes y calor\u00edas: 1) la desnutrici\u00f3n, en la cual se incluyen la falta de peso con respecto a la talla, el retraso del crecimiento y el peso insuficiente para la edad, 2) la carencia o el exceso de micronutrientes y 3) el sobrepeso y la obesidad. Previo al D\u00eda Mundial contra la Obesidad, <strong>Irma Ceja Mart\u00ednez<\/strong>, m\u00e9dico especialista en Medicina Interna y Gerente M\u00e9dico de Endocrinolog\u00eda y Nutrici\u00f3n de <strong>Grupo PiSA<\/strong>, record\u00f3 que \u201cla obesidad y el sobrepeso son los principales factores para desarrollar enfermedades cardiometab\u00f3licas, como la diabetes, la hipertensi\u00f3n e incluso algunos tipos de c\u00e1ncer; siendo estas afecciones las principales causas de muerte en M\u00e9xico\u201d.<\/p>\n<p><u><a href=\"mailto:morcora@gmail.com\" target=\"_blank\" rel=\"noopener noreferrer\"><em>morcora@gmail.com<\/em><\/a><\/u><\/p>\n","protected":false},"excerpt":{"rendered":"<p><span style=\"color: #005497;\"><strong>Adriana Moreno Cordero<\/strong><\/span><\/p>\n","protected":false},"author":3,"featured_media":0,"comment_status":"open","ping_status":"open","sticky":false,"template":"","format":"standard","meta":{"_monsterinsights_skip_tracking":false,"_monsterinsights_sitenote_active":false,"_monsterinsights_sitenote_note":"","_monsterinsights_sitenote_category":0,"footnotes":""},"categories":[69370],"tags":[69369,69368,43674],"class_list":["post-486098","post","type-post","status-publish","format-standard","hentry","category-adriana-moreno-cordero","tag-adriana-moreno-cordero","tag-la-retaguardia","tag-opinion"],"_links":{"self":[{"href":"https:\/\/www.diarioimagen.net\/index.php?rest_route=\/wp\/v2\/posts\/486098","targetHints":{"allow":["GET"]}}],"collection":[{"href":"https:\/\/www.diarioimagen.net\/index.php?rest_route=\/wp\/v2\/posts"}],"about":[{"href":"https:\/\/www.diarioimagen.net\/index.php?rest_route=\/wp\/v2\/types\/post"}],"author":[{"embeddable":true,"href":"https:\/\/www.diarioimagen.net\/index.php?rest_route=\/wp\/v2\/users\/3"}],"replies":[{"embeddable":true,"href":"https:\/\/www.diarioimagen.net\/index.php?rest_route=%2Fwp%2Fv2%2Fcomments&post=486098"}],"version-history":[{"count":0,"href":"https:\/\/www.diarioimagen.net\/index.php?rest_route=\/wp\/v2\/posts\/486098\/revisions"}],"wp:attachment":[{"href":"https:\/\/www.diarioimagen.net\/index.php?rest_route=%2Fwp%2Fv2%2Fmedia&parent=486098"}],"wp:term":[{"taxonomy":"category","embeddable":true,"href":"https:\/\/www.diarioimagen.net\/index.php?rest_route=%2Fwp%2Fv2%2Fcategories&post=486098"},{"taxonomy":"post_tag","embeddable":true,"href":"https:\/\/www.diarioimagen.net\/index.php?rest_route=%2Fwp%2Fv2%2Ftags&post=486098"}],"curies":[{"name":"wp","href":"https:\/\/api.w.org\/{rel}","templated":true}]}}