{"id":486113,"date":"2020-11-11T00:03:06","date_gmt":"2020-11-11T06:03:06","guid":{"rendered":"https:\/\/www.diarioimagen.net\/?p=486113"},"modified":"2020-11-11T00:49:50","modified_gmt":"2020-11-11T06:49:50","slug":"pedro-ferriz-de-con","status":"publish","type":"post","link":"https:\/\/www.diarioimagen.net\/?p=486113","title":{"rendered":"Pedro Ferriz de Con"},"content":{"rendered":"<h2>Espacio Electoral<\/h2>\n<h5>Eleazar Flores<\/h5>\n<p>&nbsp;<\/p>\n<p><strong>SIGUE-.<\/strong> Con creyentes a toda prueba, pero tambi\u00e9n incr\u00e9dulos de todo lo que dice en sus noticieros, el periodista Pedro Ferriz de Con sigue y crece en cuanto a cobertura nacional e internacional de su noticiero radiof\u00f3nico matutino.<\/p>\n<p>Tras su aventura pol\u00edtica al inscribirse como candidato presidencial en 2018, meses despu\u00e9s Ferr\u00edz regres\u00f3 a lo suyo, iniciando cuesta arriba y creciendo.<\/p>\n<p>Por segundo d\u00eda consecutivo transmiti\u00f3 ayer su noticiero radiof\u00f3nico \u201ccentral equilibrio\u201d o algo as\u00ed, desde el mismo coraz\u00f3n de la ciudad de M\u00e9xico, o sea el Z\u00f3calo de la capital del pa\u00eds, en abierto apoyo al Frente Nacional Anti-L\u00f3pez Obrador, FRENAAA, comandado por el regiomontano Armando Lozano.<\/p>\n<p>As\u00ed lo ha dicho p\u00fablicamente desde el nacimiento de FRENAAA por lo que nadie se puede decir o sentir enga\u00f1ado, pues equivocado o certero, Ferriz de Con es de convicciones y en este valle de lagrimas, inundaciones y \u201cmorenodemia\u201d, \u00bfQui\u00e9n puede decirse due\u00f1o de la verdad o condenar a los dem\u00e1s?.<\/p>\n<p><strong>CRECIMIENTO-.<\/strong> Parece ser que este noticiero, que tradicionalmente se transmite desde la Uni\u00f3n Americana como sede central, empez\u00f3 si acaso con una decena de estaciones y en poco m\u00e1s de un a\u00f1o llega a casi un centenar con repetidoras en todo el pa\u00eds; otras en centro y sudam\u00e9rica y obviamente en\u00a0 empresas del hermano pa\u00eds del norte.<\/p>\n<p>Pian pianito, Ferriz de Con puede ser escuchado y visto en casi todo el pa\u00eds centro y Sudam\u00e9rica, sean radiodifusoras o estaciones de televisi\u00f3n, en un horario muy competido en\u00a0 nuestro pa\u00eds, con conductores identificados como apoyadores o no tanto del gobierno de la cuarta transformaci\u00f3n.<\/p>\n<p>Adicto a los noticieros radiof\u00f3nicos, se detecta el crecimiento del que dirige Ferriz, de 6.45 a 10 de la ma\u00f1ana, contra otros \u201ctradicionales\u201d a la misma hora, \u201cdescubriendo\u201d con desencanto la manipulaci\u00f3n en el que se transmite a la misma hora en F\u00f3rmula. Ejemplo: el multicitado caso de Rosario Robles\u00a0 en nota secundaria contra \u201cla de 8\u201d, relacionada con empresas fantasmas de Alejandro Esquer ex secretario particular de AMLO, todo en <em>El Universal<\/em>.<\/p>\n<p>Convencido confeso del dicho de que \u201cperro no come carne de perro\u201d bueno ser\u00eda no tiranizar a Pedro Ferriz, pues la Cuarta Transformaci\u00f3n aprovecha el m\u00ednimo divisionismo del gremio \u2014\u00bfexistir\u00e1 unidad?\u2014 para acentuar el divisionismo que se aprecia a leguas.<\/p>\n<p>Los cl\u00e1sicos del periodismo mexicano, tan buenos o mejores que los eruditos extranjeros consagrados en la academia y los libros, afirmaban que \u201ctodos escribimos o hablamos de los mismos temas, la diferencia es el estilo y el \u00e1ngulo de las cosas\u201d, totalmente de acuerdo.<\/p>\n<p>De fliias y fobias deber\u00edamos ya estar vacunados s\u00f3lo que el ant\u00eddoto no se encuentra en ninguna farmacia.<\/p>\n<p><em><a href=\"mailto:elefa44@gmail.com\" target=\"_blank\" rel=\"noopener noreferrer\">elefa44@gmail.com<\/a><\/em><\/p>\n","protected":false},"excerpt":{"rendered":"<p><span style=\"color: #005497;\"><strong>Eleazar Flores<\/strong><\/span><\/p>\n","protected":false},"author":3,"featured_media":0,"comment_status":"open","ping_status":"open","sticky":false,"template":"","format":"standard","meta":{"_monsterinsights_skip_tracking":false,"_monsterinsights_sitenote_active":false,"_monsterinsights_sitenote_note":"","_monsterinsights_sitenote_category":0,"footnotes":""},"categories":[81743],"tags":[81744,81776,43674],"class_list":["post-486113","post","type-post","status-publish","format-standard","hentry","category-eleazar-flores","tag-eleazar-flores","tag-espacio-electoral","tag-opinion"],"_links":{"self":[{"href":"https:\/\/www.diarioimagen.net\/index.php?rest_route=\/wp\/v2\/posts\/486113","targetHints":{"allow":["GET"]}}],"collection":[{"href":"https:\/\/www.diarioimagen.net\/index.php?rest_route=\/wp\/v2\/posts"}],"about":[{"href":"https:\/\/www.diarioimagen.net\/index.php?rest_route=\/wp\/v2\/types\/post"}],"author":[{"embeddable":true,"href":"https:\/\/www.diarioimagen.net\/index.php?rest_route=\/wp\/v2\/users\/3"}],"replies":[{"embeddable":true,"href":"https:\/\/www.diarioimagen.net\/index.php?rest_route=%2Fwp%2Fv2%2Fcomments&post=486113"}],"version-history":[{"count":0,"href":"https:\/\/www.diarioimagen.net\/index.php?rest_route=\/wp\/v2\/posts\/486113\/revisions"}],"wp:attachment":[{"href":"https:\/\/www.diarioimagen.net\/index.php?rest_route=%2Fwp%2Fv2%2Fmedia&parent=486113"}],"wp:term":[{"taxonomy":"category","embeddable":true,"href":"https:\/\/www.diarioimagen.net\/index.php?rest_route=%2Fwp%2Fv2%2Fcategories&post=486113"},{"taxonomy":"post_tag","embeddable":true,"href":"https:\/\/www.diarioimagen.net\/index.php?rest_route=%2Fwp%2Fv2%2Ftags&post=486113"}],"curies":[{"name":"wp","href":"https:\/\/api.w.org\/{rel}","templated":true}]}}