{"id":486117,"date":"2020-11-11T00:08:51","date_gmt":"2020-11-11T06:08:51","guid":{"rendered":"https:\/\/www.diarioimagen.net\/?p=486117"},"modified":"2020-11-11T00:54:40","modified_gmt":"2020-11-11T06:54:40","slug":"las-consideraciones-a-bartlett","status":"publish","type":"post","link":"https:\/\/www.diarioimagen.net\/?p=486117","title":{"rendered":"Las consideraciones a Bartlett"},"content":{"rendered":"<h2>Detr\u00e1s del Poder<\/h2>\n<h5>Jos\u00e9 Antonio L\u00f3pez Sosa<\/h5>\n<p>&nbsp;<\/p>\n<p><strong>Puerto Morelos, Quintana Roo<\/strong>.- Es muy dif\u00edcil de entender la gran cantidad de consideraciones que ha tenido a lo largo del tiempo, Andr\u00e9s Manuel L\u00f3pez Obrador (primero como activista, luego como candidato y hoy como Presidente) con relaci\u00f3n a Manuel Bartlett D\u00edaz, un personaje de la pol\u00edtica nacional, pero de esa que quisi\u00e9ramos desterrar del sistema.<\/p>\n<p>No hace falta enlistar en todo lo que ha participado Bartlett, desde el fraude de 1988, hasta las amenazas que mand\u00f3 por v\u00eda de Jos\u00e9 Antonio Zorrilla a Julio Scherer y a Vicente Le\u00f1ero, desde la sospecha por el asesinato de Manuel Buend\u00eda hasta la sospecha por el asesinato de Carlos Loret de Mola Mediz. Este personaje de la rancia pol\u00edtica mexicana que estuvo del lado de lo peor del viejo sistema priista, fue rescatado por L\u00f3pez Obrador cuando como senador del PRI, decidi\u00f3 que defender\u00eda la soberan\u00eda energ\u00e9tica nacional.<\/p>\n<p>Desde entonces se le cuestion\u00f3 a L\u00f3pez Obrador el que lo integrara a su movimiento, pero eso no par\u00f3 ah\u00ed, lleg\u00f3 al punto de nombrarlo director de la Comisi\u00f3n Federal de Electricidad.<\/p>\n<p>Pero, \u00bfqu\u00e9 ha hecho Bartlett en beneficio de la industria el\u00e9ctrica nacional?, absolutamente nada. Durante la pandemia se cortaron miles de servicios por falta de pago, a\u00fan cuando la par\u00e1lisis econ\u00f3mica y el desempleo se elevaron de forma dr\u00e1stica. No ha hecho nada por mediar o proponer una soluci\u00f3n para el conflicto del Sindicato Mexicano de Electricistas (SME) tras la extinci\u00f3n de Luz y Fuerza del Centro, peor a\u00fan, ahora es acusado junto con su administraci\u00f3n por ser co-responsable de las inundaciones en Tabasco, incluso el propio gobernador de la entidad lo se\u00f1ala.<\/p>\n<p>A\u00fan as\u00ed, el presidente L\u00f3pez Obrador lo mantiene protegido.<\/p>\n<p>Tambi\u00e9n su familia ha pasado por las filas de la sospechas de corrupci\u00f3n, su hijo con una empresa sancionada que vendi\u00f3 a sobreprecio respiradores al gobierno, sus sobrinos en Venezuela que fueron la causa de la amenaza a Scherer y a Le\u00f1ero, toda una historia llena de oscuridad que pareciera, ser premiada por el Presidente en turno.<\/p>\n<p>Manuel Bartlett D\u00edaz sintetiza lo peor de la clase pol\u00edtica mexicana, sus desplantes, su soberbia, su impunidad son la ant\u00edtesis del discurso de la 4T, pero ah\u00ed sigue, campante y muy bien resguardado por el presidente L\u00f3pez Obrador.<\/p>\n<p>\u00bfQu\u00e9 le debe?, \u00bfqu\u00e9 hay detr\u00e1s de todas esas consideraciones?<\/p>\n<p><em><a href=\"http:\/\/www.lopezsosa.com\" target=\"_blank\" rel=\"noopener noreferrer\">www.lopezsosa.com<\/a><\/em><br \/>\n<em><a href=\"mailto:joseantonio@lopezsosa.com\" target=\"_blank\" rel=\"noopener noreferrer\">joseantonio@lopezsosa.com<\/a><\/em><br \/>\n<em><a href=\"http:\/\/twitter.com\/joseantonio1977\" target=\"_blank\" rel=\"noopener noreferrer\">@joseantonio1977<\/a><\/em><\/p>\n","protected":false},"excerpt":{"rendered":"<p><span style=\"color: #005497;\"><strong>Jos\u00e9 Antonio L\u00f3pez Sosa<\/strong><\/span><\/p>\n","protected":false},"author":3,"featured_media":0,"comment_status":"open","ping_status":"open","sticky":false,"template":"","format":"standard","meta":{"_monsterinsights_skip_tracking":false,"_monsterinsights_sitenote_active":false,"_monsterinsights_sitenote_note":"","_monsterinsights_sitenote_category":0,"footnotes":""},"categories":[637],"tags":[638,43690,43674,65329,1250],"class_list":["post-486117","post","type-post","status-publish","format-standard","hentry","category-jose-antonio-lopez-sosa","tag-detras-del-poder","tag-jose-antonio-lopez-sosa","tag-opinion","tag-puerto-morelos","tag-quintana-roo"],"_links":{"self":[{"href":"https:\/\/www.diarioimagen.net\/index.php?rest_route=\/wp\/v2\/posts\/486117","targetHints":{"allow":["GET"]}}],"collection":[{"href":"https:\/\/www.diarioimagen.net\/index.php?rest_route=\/wp\/v2\/posts"}],"about":[{"href":"https:\/\/www.diarioimagen.net\/index.php?rest_route=\/wp\/v2\/types\/post"}],"author":[{"embeddable":true,"href":"https:\/\/www.diarioimagen.net\/index.php?rest_route=\/wp\/v2\/users\/3"}],"replies":[{"embeddable":true,"href":"https:\/\/www.diarioimagen.net\/index.php?rest_route=%2Fwp%2Fv2%2Fcomments&post=486117"}],"version-history":[{"count":0,"href":"https:\/\/www.diarioimagen.net\/index.php?rest_route=\/wp\/v2\/posts\/486117\/revisions"}],"wp:attachment":[{"href":"https:\/\/www.diarioimagen.net\/index.php?rest_route=%2Fwp%2Fv2%2Fmedia&parent=486117"}],"wp:term":[{"taxonomy":"category","embeddable":true,"href":"https:\/\/www.diarioimagen.net\/index.php?rest_route=%2Fwp%2Fv2%2Fcategories&post=486117"},{"taxonomy":"post_tag","embeddable":true,"href":"https:\/\/www.diarioimagen.net\/index.php?rest_route=%2Fwp%2Fv2%2Ftags&post=486117"}],"curies":[{"name":"wp","href":"https:\/\/api.w.org\/{rel}","templated":true}]}}