{"id":486177,"date":"2020-11-12T00:01:36","date_gmt":"2020-11-12T06:01:36","guid":{"rendered":"https:\/\/www.diarioimagen.net\/?p=486177"},"modified":"2020-11-12T02:09:15","modified_gmt":"2020-11-12T08:09:15","slug":"cumple-alcalde-de-tultepec-compromiso-con-vecinos-de-san-pablito","status":"publish","type":"post","link":"https:\/\/www.diarioimagen.net\/?p=486177","title":{"rendered":"Cumple alcalde de Tultepec compromiso con vecinos de San Pablito"},"content":{"rendered":"<p>&nbsp;<\/p>\n<p><img loading=\"lazy\" decoding=\"async\" class=\"aligncenter size-full wp-image-486178\" src=\"https:\/\/www.diarioimagen.net\/wp-content\/uploads\/2020\/11\/CAMACHO12-dPOR.jpg\" alt=\"\" width=\"460\" height=\"270\" \/><\/p>\n<p>&nbsp;<\/p>\n<p><strong>Tultepec, Estado de M\u00e9xico<\/strong><b>.-<\/b> La obra prometida por el alcalde de Tultepec, Marco Antonio Cruz Cruz, a San Pablito consiste en la pavimentaci\u00f3n con asfalto de un \u00e1rea de 2,601.34 m2, en los que se invertir\u00e1n 1,699,637 pesos, lo que sin duda es s\u00f3lo el inicio de m\u00e1s mejoras y servicios en esta comunidad.<\/p>\n","protected":false},"excerpt":{"rendered":"<p>La obra prometida por el alcalde de Tultepec, Marco Antonio Cruz Cruz, a San Pablito consiste en la pavimentaci\u00f3n con asfalto de un \u00e1rea de 2,601.34 m2, en los que se invertir\u00e1n 1,699,637 pesos, lo que sin duda es s\u00f3lo el inicio de m\u00e1s mejoras y servicios en esta comunidad.<\/p>\n","protected":false},"author":1,"featured_media":486178,"comment_status":"open","ping_status":"open","sticky":false,"template":"","format":"standard","meta":{"_monsterinsights_skip_tracking":false,"_monsterinsights_sitenote_active":false,"_monsterinsights_sitenote_note":"","_monsterinsights_sitenote_category":0,"footnotes":""},"categories":[5],"tags":[43675,3802],"class_list":["post-486177","post","type-post","status-publish","format-standard","has-post-thumbnail","hentry","category-estado-de-mexico","tag-estado-de-mexico","tag-tultepec"],"_links":{"self":[{"href":"https:\/\/www.diarioimagen.net\/index.php?rest_route=\/wp\/v2\/posts\/486177","targetHints":{"allow":["GET"]}}],"collection":[{"href":"https:\/\/www.diarioimagen.net\/index.php?rest_route=\/wp\/v2\/posts"}],"about":[{"href":"https:\/\/www.diarioimagen.net\/index.php?rest_route=\/wp\/v2\/types\/post"}],"author":[{"embeddable":true,"href":"https:\/\/www.diarioimagen.net\/index.php?rest_route=\/wp\/v2\/users\/1"}],"replies":[{"embeddable":true,"href":"https:\/\/www.diarioimagen.net\/index.php?rest_route=%2Fwp%2Fv2%2Fcomments&post=486177"}],"version-history":[{"count":0,"href":"https:\/\/www.diarioimagen.net\/index.php?rest_route=\/wp\/v2\/posts\/486177\/revisions"}],"wp:featuredmedia":[{"embeddable":true,"href":"https:\/\/www.diarioimagen.net\/index.php?rest_route=\/wp\/v2\/media\/486178"}],"wp:attachment":[{"href":"https:\/\/www.diarioimagen.net\/index.php?rest_route=%2Fwp%2Fv2%2Fmedia&parent=486177"}],"wp:term":[{"taxonomy":"category","embeddable":true,"href":"https:\/\/www.diarioimagen.net\/index.php?rest_route=%2Fwp%2Fv2%2Fcategories&post=486177"},{"taxonomy":"post_tag","embeddable":true,"href":"https:\/\/www.diarioimagen.net\/index.php?rest_route=%2Fwp%2Fv2%2Ftags&post=486177"}],"curies":[{"name":"wp","href":"https:\/\/api.w.org\/{rel}","templated":true}]}}