{"id":486180,"date":"2020-11-12T00:02:29","date_gmt":"2020-11-12T06:02:29","guid":{"rendered":"https:\/\/www.diarioimagen.net\/?p=486180"},"modified":"2020-11-11T22:25:41","modified_gmt":"2020-11-12T04:25:41","slug":"aprueba-comision-de-mejora-regulatoria-de-tlalnepantla-cuotas-del-dif-municipal","status":"publish","type":"post","link":"https:\/\/www.diarioimagen.net\/?p=486180","title":{"rendered":"Aprueba Comisi\u00f3n de Mejora Regulatoria de Tlalnepantla cuotas del DIF municipal"},"content":{"rendered":"<ul>\n<li><em><b>Normar\u00e1n de manera eficaz los servicios que brinda<\/b><\/em><\/li>\n<\/ul>\n<p>&nbsp;<\/p>\n<div id=\"attachment_486182\" style=\"width: 480px\" class=\"wp-caption aligncenter\"><img loading=\"lazy\" decoding=\"async\" aria-describedby=\"caption-attachment-486182\" class=\"wp-image-486182\" src=\"https:\/\/www.diarioimagen.net\/wp-content\/uploads\/2020\/11\/CAMACHO12-c-POR.jpg\" alt=\"\" width=\"470\" height=\"122\" \/><p id=\"caption-attachment-486182\" class=\"wp-caption-text\">El edil Raciel P\u00e9rez Cruz encabez\u00f3 la Segunda Sesi\u00f3n Extraordinaria de la Comisi\u00f3n Municipal de Mejora Regulatoria.<\/p><\/div>\n<p>&nbsp;<\/p>\n<p><strong>Tlalnepantla, Estado de M\u00e9xico<\/strong>.- La Comisi\u00f3n Municipal de Mejora Regulatoria aprob\u00f3 el esquema de cuotas de recuperaci\u00f3n de los servicios asistenciales del Sistema Municipal para el Desarrollo Integral de la Familia (SMDIF) y los manuales de procedimientos de las dependencias del gobierno municipal.<\/p>\n<p>Durante la Segunda Sesi\u00f3n Extraordinaria de la comisi\u00f3n, encabezada por Raciel P\u00e9rez Cruz, Presidente Municipal, Rodrigo Garc\u00eda de la Rosa, jefe del Departamento de Mejora Regulatoria, inform\u00f3 que la aprobaci\u00f3n de este esquema tiene la finalidad de normar de manera eficaz los servicios que brinda la instituci\u00f3n.<\/p>\n<p>Ricardo Santos Arreola, Tesorero Municipal, indic\u00f3 que el gobierno de Tlalnepantla obtuvo menciones honor\u00edficas en materia de mejora regulatoria y transparencia al participar en el reconocimiento al Esfuerzo Hacendario del Estado de M\u00e9xico \u2018Jos\u00e9 Mar\u00eda Morelos y Pav\u00f3n\u2019 que otorga el Instituto Hacendario del Estado de M\u00e9xico.<\/p>\n<p>Santos Arreola indic\u00f3 que se realizan esfuerzos para mejorar las citas en l\u00ednea y los tr\u00e1mites de la administraci\u00f3n municipal, \u201ctrabajamos en la creaci\u00f3n de un chatbot para realizar los tr\u00e1mites de la Tesorer\u00eda, con el prop\u00f3sito de que los habitantes ya no tengan que venir a pagar su impuesto predial\u201d.<\/p>\n<p>En la sesi\u00f3n estuvieron presentes integrantes del Cuerpo Edilicio, titulares de diversas \u00e1reas de la administraci\u00f3n municipal y representantes de la Coparmex y la Canaco.<\/p>\n","protected":false},"excerpt":{"rendered":"<p>La Comisi\u00f3n Municipal de Mejora Regulatoria aprob\u00f3 el esquema de cuotas de recuperaci\u00f3n de los servicios asistenciales del Sistema Municipal para el Desarrollo Integral de la Familia (SMDIF) y los manuales de procedimientos de las dependencias del gobierno municipal.<\/p>\n","protected":false},"author":1,"featured_media":486183,"comment_status":"open","ping_status":"open","sticky":false,"template":"","format":"standard","meta":{"_monsterinsights_skip_tracking":false,"_monsterinsights_sitenote_active":false,"_monsterinsights_sitenote_note":"","_monsterinsights_sitenote_category":0,"footnotes":""},"categories":[5],"tags":[43675,57244,169],"class_list":["post-486180","post","type-post","status-publish","format-standard","has-post-thumbnail","hentry","category-estado-de-mexico","tag-estado-de-mexico","tag-sistema-municipal-para-el-desarrollo-integral-de-la-familia","tag-tlalnepantla"],"_links":{"self":[{"href":"https:\/\/www.diarioimagen.net\/index.php?rest_route=\/wp\/v2\/posts\/486180","targetHints":{"allow":["GET"]}}],"collection":[{"href":"https:\/\/www.diarioimagen.net\/index.php?rest_route=\/wp\/v2\/posts"}],"about":[{"href":"https:\/\/www.diarioimagen.net\/index.php?rest_route=\/wp\/v2\/types\/post"}],"author":[{"embeddable":true,"href":"https:\/\/www.diarioimagen.net\/index.php?rest_route=\/wp\/v2\/users\/1"}],"replies":[{"embeddable":true,"href":"https:\/\/www.diarioimagen.net\/index.php?rest_route=%2Fwp%2Fv2%2Fcomments&post=486180"}],"version-history":[{"count":0,"href":"https:\/\/www.diarioimagen.net\/index.php?rest_route=\/wp\/v2\/posts\/486180\/revisions"}],"wp:featuredmedia":[{"embeddable":true,"href":"https:\/\/www.diarioimagen.net\/index.php?rest_route=\/wp\/v2\/media\/486183"}],"wp:attachment":[{"href":"https:\/\/www.diarioimagen.net\/index.php?rest_route=%2Fwp%2Fv2%2Fmedia&parent=486180"}],"wp:term":[{"taxonomy":"category","embeddable":true,"href":"https:\/\/www.diarioimagen.net\/index.php?rest_route=%2Fwp%2Fv2%2Fcategories&post=486180"},{"taxonomy":"post_tag","embeddable":true,"href":"https:\/\/www.diarioimagen.net\/index.php?rest_route=%2Fwp%2Fv2%2Ftags&post=486180"}],"curies":[{"name":"wp","href":"https:\/\/api.w.org\/{rel}","templated":true}]}}