{"id":486242,"date":"2020-11-12T00:05:56","date_gmt":"2020-11-12T06:05:56","guid":{"rendered":"https:\/\/www.diarioimagen.net\/?p=486242"},"modified":"2020-11-15T22:43:23","modified_gmt":"2020-11-16T04:43:23","slug":"estudiantes-de-uaem-ganan-beca-de-embajada-de-estados-unidos-en-mexico","status":"publish","type":"post","link":"https:\/\/www.diarioimagen.net\/?p=486242","title":{"rendered":"Estudiantes de UAEM\u00a0ganan beca de Embajada\u00a0de Estados Unidos en M\u00e9xico"},"content":{"rendered":"<p><em>\u00a0<\/em><\/p>\n<ul>\n<li><strong><em>El Hyadi Solar Racing Team, equipo multidisciplinario de estudiantes y egresados de la Aut\u00f3noma mexiquense que dise\u00f1\u00f3 y construye el auto solar Quetzal V3, obtuvo una beca econ\u00f3mica por parte de la Embajada de Estados Unidos en M\u00e9xico<\/em><\/strong><\/li>\n<\/ul>\n<p>&nbsp;<\/p>\n<div id=\"attachment_486309\" style=\"width: 470px\" class=\"wp-caption aligncenter\"><a href=\"https:\/\/www.diarioimagen.net\/?attachment_id=486309\" rel=\"attachment wp-att-486309\"><img loading=\"lazy\" decoding=\"async\" aria-describedby=\"caption-attachment-486309\" class=\"size-full wp-image-486309\" src=\"https:\/\/www.diarioimagen.net\/wp-content\/uploads\/2020\/11\/Uaem-1.jpg\" alt=\"\" width=\"460\" height=\"270\" \/><\/a><p id=\"caption-attachment-486309\" class=\"wp-caption-text\">Representantes de @HyadiSRT, equipo multidisciplinario de la @UAEM_MX que construye el auto solar #QuetzalV3, recibieron la Beca a J\u00f3venes Creadores de la Embajada de Estados Unidos en M\u00e9xico, resultado de la exposici\u00f3n en la plataforma \u201cIn\u00e9dito\u201d de @designweekmex.<\/p><\/div>\n<p>&nbsp;<\/p>\n<p><strong>Toluca, Estado de M\u00e9xico.\u2013<\/strong> El Hyadi Solar Racing Team, equipo multidisciplinario de estudiantes y egresados de la Universidad Aut\u00f3noma del Estado de M\u00e9xico que dise\u00f1\u00f3 y construye el auto solar Quetzal V3, obtuvo una beca econ\u00f3mica por parte de la Embajada de Estados Unidos en M\u00e9xico, resultado de la exposici\u00f3n del veh\u00edculo a escala en la plataforma \u201cIn\u00e9dito\u201d de la Design Week M\u00e9xico 2020, que tuvo como pa\u00eds invitado a esa naci\u00f3n.<\/p>\n<p>En representaci\u00f3n del Hyadi Solar Racing Team, Didier Molina Mendoza y Jos\u00e9 Antonio Vel\u00e1zquez Guti\u00e9rrez, estudiante y egresado de la Facultad de Arquitectura y Dise\u00f1o de la UAEM, respectivamente, recibieron la Beca a J\u00f3venes Creadores que otorga la Embajada de Estados Unidos en M\u00e9xico y que fue gestionada por M\u00e9xico Territorio Creativo (MXTC).<\/p>\n<p>Molina Mendoza indic\u00f3 que el monto de la beca se aplicar\u00e1 en la construcci\u00f3n del prototipo del Quetzal V3 y a cubrir una parte de los vi\u00e1ticos de los integrantes del equipo que viajar\u00e1n a Australia, donde con el auto solar representar\u00e1n a M\u00e9xico en la edici\u00f3n 2021 de la Bridgestone World Solar Challenge (BWSC).<\/p>\n<p>\u201cNos abrieron el espacio y nos otorgaron esta beca, lo cual es un honor. Todo ha sido inesperado. Es un apoyo importante porque el prototipo nos permitir\u00e1 remediar posibles errores, identificar d\u00f3nde hay que ajustar y en qu\u00e9 hay que trabajar m\u00e1s\u201d.<\/p>\n<p>Vel\u00e1zquez Guti\u00e9rrez expres\u00f3 que este reconocimiento incentiva el trabajo de los integrantes del Hyadi Solar Racing Team, que trabaja en este proyecto desde hace tres a\u00f1os para representar a nuestro pa\u00eds en el extranjero.<\/p>\n<p>Actualmente, una r\u00e9plica del Quetzal V3 a escala 1:6 est\u00e1 expuesta en el Foro \u201cIn\u00e9dito\u201d de la Design Week M\u00e9xico 2020 que se realiza en la Ciudad de M\u00e9xico, abierta al p\u00fablico hasta febrero de 2021.<\/p>\n","protected":false},"excerpt":{"rendered":"<p>El Hyadi Solar Racing Team, equipo multidisciplinario de estudiantes y egresados de la Universidad Aut\u00f3noma del Estado de M\u00e9xico que dise\u00f1\u00f3 y construye el auto solar Quetzal V3, obtuvo una beca econ\u00f3mica por parte de la Embajada de Estados Unidos en M\u00e9xico, resultado de la exposici\u00f3n del veh\u00edculo a escala en la plataforma \u201cIn\u00e9dito\u201d de la Design Week M\u00e9xico 2020, que tuvo como pa\u00eds invitado a esa naci\u00f3n.\u00a0<\/p>\n","protected":false},"author":3,"featured_media":486309,"comment_status":"open","ping_status":"open","sticky":false,"template":"","format":"standard","meta":{"_monsterinsights_skip_tracking":false,"_monsterinsights_sitenote_active":false,"_monsterinsights_sitenote_note":"","_monsterinsights_sitenote_category":0,"footnotes":""},"categories":[5],"tags":[85839,43675,452,1491],"class_list":["post-486242","post","type-post","status-publish","format-standard","has-post-thumbnail","hentry","category-estado-de-mexico","tag-beca","tag-estado-de-mexico","tag-toluca","tag-uaem"],"_links":{"self":[{"href":"https:\/\/www.diarioimagen.net\/index.php?rest_route=\/wp\/v2\/posts\/486242","targetHints":{"allow":["GET"]}}],"collection":[{"href":"https:\/\/www.diarioimagen.net\/index.php?rest_route=\/wp\/v2\/posts"}],"about":[{"href":"https:\/\/www.diarioimagen.net\/index.php?rest_route=\/wp\/v2\/types\/post"}],"author":[{"embeddable":true,"href":"https:\/\/www.diarioimagen.net\/index.php?rest_route=\/wp\/v2\/users\/3"}],"replies":[{"embeddable":true,"href":"https:\/\/www.diarioimagen.net\/index.php?rest_route=%2Fwp%2Fv2%2Fcomments&post=486242"}],"version-history":[{"count":0,"href":"https:\/\/www.diarioimagen.net\/index.php?rest_route=\/wp\/v2\/posts\/486242\/revisions"}],"wp:featuredmedia":[{"embeddable":true,"href":"https:\/\/www.diarioimagen.net\/index.php?rest_route=\/wp\/v2\/media\/486309"}],"wp:attachment":[{"href":"https:\/\/www.diarioimagen.net\/index.php?rest_route=%2Fwp%2Fv2%2Fmedia&parent=486242"}],"wp:term":[{"taxonomy":"category","embeddable":true,"href":"https:\/\/www.diarioimagen.net\/index.php?rest_route=%2Fwp%2Fv2%2Fcategories&post=486242"},{"taxonomy":"post_tag","embeddable":true,"href":"https:\/\/www.diarioimagen.net\/index.php?rest_route=%2Fwp%2Fv2%2Ftags&post=486242"}],"curies":[{"name":"wp","href":"https:\/\/api.w.org\/{rel}","templated":true}]}}