{"id":486255,"date":"2020-11-12T00:02:58","date_gmt":"2020-11-12T06:02:58","guid":{"rendered":"https:\/\/www.diarioimagen.net\/?p=486255"},"modified":"2020-11-12T03:24:46","modified_gmt":"2020-11-12T09:24:46","slug":"mas-de-mil-reservas-a-un-pef-centralizado","status":"publish","type":"post","link":"https:\/\/www.diarioimagen.net\/?p=486255","title":{"rendered":"M\u00e1s de mil reservas a un PEF centralizado"},"content":{"rendered":"<h2>La Retaguardia<\/h2>\n<h5>Adriana Moreno Cordero<\/h5>\n<p>&nbsp;<\/p>\n<ul>\n<li><strong><em>L\u00f3pez Obrador hace caravana con sombrero ajeno y niega apoyos a migrantes<\/em><\/strong><\/li>\n<\/ul>\n<p>&nbsp;<\/p>\n<p>Un Presupuesto de Egresos de la Federaci\u00f3n (PEF) totalmente centralizado, que refleja que el presidente <strong>Andr\u00e9s Manuel L\u00f3pez Obrador<\/strong> est\u00e1 m\u00e1s que obstinado en concentrar solo \u00e9l todo el poder; con recortes draconianos a la educaci\u00f3n, al Poder Judicial de la Federaci\u00f3n; al INE, al INAI y a la salud, incluyendo, desde luego, la emergencia sanitaria que ha sido muy mal manejada, fue aprobado en lo general, con 297 votos a favor, 134 en contra y cero abstenciones, por sus leales y ciegos legisladores que no se atrevieron a quitarle ni una coma, no vaya a ser que el inquilino de Palacio Nacional se enoje y en su venganza y furia puede ser terrible.<\/p>\n<p>Evidentemente, los morenistas dieron toda la prioridad a los \u201celefantes blancos y reum\u00e1ticos\u201d del Presidente: el Lago de Dos Bocas, (\u00a1perd\u00f3n!), la dizque refiner\u00eda, el aeropuerto de Santa Luc\u00eda y el Tren Maya, a esas, se les otorgaron cuantiosos recursos, as\u00ed como a los programas sociales en los que el tabasque\u00f1o regala dinero con tal de obtener el voto a su favor para los comicios de 2021.<\/p>\n<p>Para explicar esta, a todas luces, arbitrariedad, el diputado morenista <strong>Pablo G\u00f3mez<\/strong>, atribuy\u00f3 los recortes a los \u00f3rganos pol\u00edticos porque \u201csiguen con sus pol\u00edticas de democracias doradas de dispendios\u201d, e incluso, a la hora de abordar lo referente a la vacuna contra Covid-19, la subestim\u00f3. Impresionante que el legislador ex perredista no tenga idea de la magnitud de esta pandemia, \u00bfpensar\u00e1 acaso que \u00e9l es inmune?<\/p>\n<p>En fin, lo que sigue es que diputados de todas las fracciones parlamentarias representadas en la C\u00e1mara baja, presentaron m\u00e1s de mil reservas y se tomar\u00e1n dos d\u00edas, -ayer y hoy-, para evitar sesiones marat\u00f3nicas, como aquella en la que se vot\u00f3 la desaparici\u00f3n de los fideicomisos y con tal de cumplir a pie juntillas las \u00f3rdenes de su jefe, el Ejecutivo, sin importar la sana distancia ni los contagios.<\/p>\n<p>Al momento, se hab\u00edan registrado 207 oradores. Morena presentar\u00eda 157 reservas; el PAN, 338; 223 del PRI; 76 del PRD; MC, 152; 54 del PES; 11 el PT; 6 del PVEM y 12 de diputados sin partido.<\/p>\n<p>Y qui\u00e9n lo dir\u00eda, la aplanadora morenista seguir\u00e1 exactamente la misma estrategia que segu\u00edan los diputados pri\u00edstas cuando \u00e9stos eran mayor\u00eda en la C\u00e1mara baja: dejar hablar y hablar a la oposici\u00f3n sin aprobar ni una sola de las modificaciones que \u00e9sta plantear\u00e1.<\/p>\n<p>Ahora bien, mucho ha venido presumiendo a lo largo de su administraci\u00f3n L\u00f3pez Obrador como logro suyo, -cuando no lo es en absoluto-, el env\u00edo de remesas de parte de los paisanos que radican en Estados Unidos y resulta que en el Presupuesto de Egresos, el mandatario no les destina ni un solo peso.<\/p>\n<p>Debido a lo anterior, m\u00e1s\u00a0 de 100 organizaciones de migrantes en Estados Unidos, dirigieron una carta a la C\u00e1mara de Diputados para que sean escuchados sus justos reclamos ante esta arbitrariedad cometida desde Palacio Nacional, en la que el Presidente, sin duda \u201chace caravana con sombrero ajeno\u201d. Estuvo presente el coordinador de la fracci\u00f3n del PRI en San L\u00e1zaro, <strong>Ren\u00e9 Ju\u00e1rez Cisneros<\/strong> y la secretaria de Asuntos Migratorios del PRI, <strong>Blanca Alcal\u00e1.<\/strong><\/p>\n<p>Una muestra de la cerraz\u00f3n de esta llamada Cuarta Transformaci\u00f3n, es que al Fondo de Atenci\u00f3n a Migrantes, a partir del 2019 las cantidades simplemente no se le asign\u00f3 nada.<\/p>\n<p>En esta especial coyuntura en la que iniciar\u00e1 una nueva presidencia en el vecino pa\u00eds del norte que implica una nueva relaci\u00f3n entre M\u00e9xico y Estados Unidos, es indispensalbe un nuevo programa de cooperaci\u00f3n entre M\u00e9xico y los Estados Unidos. Se requiere tambi\u00e9n un programa que atienda a los migrantes frente a la pandemia, y segundo, por supuesto, que pueda impulsar una reforma migratoria. Pero de eso no quiere saber nada el inquilino de Palacio Nacional, que, terco como suele ser, se niega a reconocer a <strong>Joe Biden<\/strong> como el presidente de los Estados Unidos y eso lo pagar\u00e1. Al tiempo.<\/p>\n<p style=\"text-align: center;\"><strong>Municiones<\/strong><\/p>\n<p>*** Papelazo el que hace a diario el funcionario consentido de esta llamada cuarta Transformaci\u00f3n, el flamante <strong>Hugo L\u00f3pez-Gatell<\/strong>, que se enred\u00f3 y no supo ni qu\u00e9 contestar sobre por qu\u00e9 hay desabasto en la vacuna contra la influenza. Eso s\u00ed, s\u00f3lo atin\u00f3 a repetir que no se vaya a culpar al gobierno que encabeza su jefe, el Presidente.<\/p>\n<p>*** Y mientras, \u201ccon bombo y platillo\u201d, el gobernador de Veracruz, <strong>Cuitl\u00e1huac Garc\u00eda<\/strong> -uno de los consentidos de L\u00f3pez Obrador- anuncia su segundo informe hasta en la Ciudad de M\u00e9xico, el clima de inseguridad y violencia que se vive en el estado, se encuentra exactamente igual a cuando lleg\u00f3 o mejor dicho, peor. Ah\u00ed est\u00e1 la muestra en los periodistas asesinados y m\u00e1s recientemente, con el asesinato de la alcaldesa de Jamapa<strong>, Florisel R\u00edos<\/strong> Delf\u00edn, de extracci\u00f3n perredista que antes de este artero crimen, se sabe que pidi\u00f3 ayuda a la administraci\u00f3n del gobernador, quien desde luego, ni caso le hizo. El fondo de este expediente tiene que salir a la luz, porque resulta muy extra\u00f1o, por decir lo menos, que en la llamada Cuarta Transformaci\u00f3n, muchos de todos aquellos que son oposici\u00f3n, terminan muertos. Escalofriante.<\/p>\n<p>*** El gobernador de<strong>\u00a0<\/strong>Quintana Roo, <strong>Carlos Joaqu\u00edn Gonz\u00e1lez<\/strong>, nombr\u00f3 a <strong>Lucio Hern\u00e1ndez Guti\u00e9rrez<\/strong>, -abogado penalista especializado en Derechos Humanos y criminolog\u00eda-, como<strong>\u00a0<\/strong>encargado\u00a0de\u00a0despacho de la Secretar\u00eda de Seguridad P\u00fablica\u00a0del estado, tras la remoci\u00f3n de\u00a0<strong>Alberto Capella<\/strong>\u00a0por los disturbios registrados durante una protesta en Canc\u00fan en contra del asesinato de Alexis.<\/p>\n<p>*** Otro nuevo conflicto se ve venir, entre el Senado de la Rep\u00fablica y el INE, luego de que la C\u00e1mara Alta considerara que el Instituto que preside <strong>Lorenzo C\u00f3rdova<\/strong>, invadi\u00f3 sus facultades. El presidente de la Mesa Directiva de esta instancia legislativa, <strong>Eduardo Ram\u00edrez<\/strong>, ofreci\u00f3 una conferencia de prensa para pronunciarse a favor de que en las 15 gubernaturas que se jugar\u00e1n en 2021, \u201cpudieran ser encabezados por mujeres en todos los partidos pol\u00edticos. Ese no es un tema a discutir, coincidimos plenamente en este criterio y en esta oportunidad pol\u00edtica. Sin embargo, cuando se trata de una invasi\u00f3n de competencias, donde el Senado de la Rep\u00fablica como un \u00f3rgano garante del pacto federal, donde concurren todas las entidades federativas a trav\u00e9s de sus senadores de la rep\u00fablica, somos los encargados de velar que este federalismo se garantice\u201d. Por esta raz\u00f3n, el senador Ram\u00edrez anunci\u00f3 que se present\u00f3 un medio de impugnaci\u00f3n ante el Tribunal Electoral, que tendr\u00e1 que resolver sobre la constitucionalidad en materia electoral. El argumento principal que esgrimen los senadores, es que \u201cel INE no tiene facultades para legislar, no tiene facultades legislativas; esta es una competencia propiamente del Poder Legislativo, en el caso de la C\u00e1mara de Diputados y de Senadores\u201d.<\/p>\n<p><u><a href=\"mailto:morcora@gmail.com\" target=\"_blank\" rel=\"noopener noreferrer\"><em>morcora@gmail.com<\/em><\/a><\/u><\/p>\n","protected":false},"excerpt":{"rendered":"<p><span style=\"color: #005497;\"><strong>Adriana Moreno Cordero<\/strong><\/span><\/p>\n","protected":false},"author":3,"featured_media":0,"comment_status":"open","ping_status":"open","sticky":false,"template":"","format":"standard","meta":{"_monsterinsights_skip_tracking":false,"_monsterinsights_sitenote_active":false,"_monsterinsights_sitenote_note":"","_monsterinsights_sitenote_category":0,"footnotes":""},"categories":[69370],"tags":[69369,69368,43674],"class_list":["post-486255","post","type-post","status-publish","format-standard","hentry","category-adriana-moreno-cordero","tag-adriana-moreno-cordero","tag-la-retaguardia","tag-opinion"],"_links":{"self":[{"href":"https:\/\/www.diarioimagen.net\/index.php?rest_route=\/wp\/v2\/posts\/486255","targetHints":{"allow":["GET"]}}],"collection":[{"href":"https:\/\/www.diarioimagen.net\/index.php?rest_route=\/wp\/v2\/posts"}],"about":[{"href":"https:\/\/www.diarioimagen.net\/index.php?rest_route=\/wp\/v2\/types\/post"}],"author":[{"embeddable":true,"href":"https:\/\/www.diarioimagen.net\/index.php?rest_route=\/wp\/v2\/users\/3"}],"replies":[{"embeddable":true,"href":"https:\/\/www.diarioimagen.net\/index.php?rest_route=%2Fwp%2Fv2%2Fcomments&post=486255"}],"version-history":[{"count":0,"href":"https:\/\/www.diarioimagen.net\/index.php?rest_route=\/wp\/v2\/posts\/486255\/revisions"}],"wp:attachment":[{"href":"https:\/\/www.diarioimagen.net\/index.php?rest_route=%2Fwp%2Fv2%2Fmedia&parent=486255"}],"wp:term":[{"taxonomy":"category","embeddable":true,"href":"https:\/\/www.diarioimagen.net\/index.php?rest_route=%2Fwp%2Fv2%2Fcategories&post=486255"},{"taxonomy":"post_tag","embeddable":true,"href":"https:\/\/www.diarioimagen.net\/index.php?rest_route=%2Fwp%2Fv2%2Ftags&post=486255"}],"curies":[{"name":"wp","href":"https:\/\/api.w.org\/{rel}","templated":true}]}}