{"id":486273,"date":"2020-11-12T00:03:59","date_gmt":"2020-11-12T06:03:59","guid":{"rendered":"https:\/\/www.diarioimagen.net\/?p=486273"},"modified":"2020-11-12T04:15:36","modified_gmt":"2020-11-12T10:15:36","slug":"amlo-contra-corruptos","status":"publish","type":"post","link":"https:\/\/www.diarioimagen.net\/?p=486273","title":{"rendered":"AMLO, contra corruptos"},"content":{"rendered":"<h2>Espacio Electoral<\/h2>\n<h5>Eleazar Flores<\/h5>\n<p>&nbsp;<\/p>\n<p><strong>\u00bfINCLUIR\u00c1 A LOS ACTUALES?-.<\/strong> En su af\u00e1n por debilitar a quienes se oponen abiertamente contra las pol\u00edticas de la Cuarta Transformaci\u00f3n, el padre de la misma asegura que los integrantes de \u201cS\u00ed por M\u00e9xico son puros corruptos\u201d.<\/p>\n<p>Captando a pie juntillas su declaraci\u00f3n al condenar a los corruptos, cabr\u00eda preguntar si el mandatario incluye a su jefe de prensa Jes\u00fas Ram\u00edrez y a su secretario particular, Alejandro Esquer, descubiertos como creadores de \u201cempresas fachada\u201d de unos tres a\u00f1os a la fecha. El SAT fue el descubridor.<\/p>\n<p>A Jes\u00fas Ram\u00edrez lo descubrieron como\u00a0 editor disfrazado de <em>Regeneraci\u00f3n <\/em>2016, simpatizante de AMLO, cuya due\u00f1a real era una oaxaque\u00f1a beneficiaria de programas sociales.\u00a0 Alejandro Esquer Verdugo, pago m\u00edtines y propaganda exterior en Puebla a empresa fantasma, seg\u00fan el SAT.<\/p>\n<p>Inolvidable el pronunciamiento a inicios de este sexenio de Jes\u00fas Ram\u00edrez, quien ut\u00f3pico exigi\u00f3 que \u201clas empresas period\u00edsticas definieran su l\u00ednea editorial\u201d, seguro para detectar y condenar a las antipejistas como ha sido.<\/p>\n<p>El se\u00f1alamiento presidencial es en clara condena a los actos p\u00fablicos en los que los dirigentes nacionales del PAN Marko Cort\u00e9s, del PRI Alejandro Moreno y del PRD Jes\u00fas Zambrano sostuvieron ayer con algunos dirigentes del Frente Nacional anti AMLO, conocido como FRENAAA y otros l\u00edderes sociales.<\/p>\n<p>P\u00fablicamente se dijo que la uni\u00f3n de los partidos con FRENAAA va con miras a participar con candidatos en las elecciones federales intermedias de junio pr\u00f3ximo, para renovar la C\u00e1mara baja, que la integran 300 diputados de Mayor\u00eda Relativa y 200 de representaci\u00f3n proporcional o plurinominales.<\/p>\n<p>Al mandatario el molesta esa, ahora, uni\u00f3n que con el tiempo podr\u00eda convertirse en coalici\u00f3n al momento de elegir\u00a0 candidatos a cargos de elecci\u00f3n que incluir\u00eda gubernaturas, diputaciones locales y hasta alcald\u00edas, principalmente en ciudades pobladas o capitales de las entidades federativas.<\/p>\n<p>AMLO cree que ya se olvid\u00f3 su \u201coperaci\u00f3n cascajo\u201d, consistente en que en plena campa\u00f1a presidencial acept\u00f3 la adhesi\u00f3n de partidos con l\u00edderes impresentables como Hugo Erick Flores del desaparecido y reaparecido PES con distinto nombre o Alberto Anaya con \u201capenas\u201d 20 a\u00f1os de dirigir al PT.<\/p>\n<p>De los calificativos del presidente Andr\u00e9s Manuel L\u00f3pez Obrador contra los dirigentes \u201cS\u00ed Por M\u00e9xico\u201d, mejor ignorarlos, son los mismos de siempre, confirm\u00e1ndose as\u00ed la \u201cmorenodemia\u201d,\u00a0 empleada por el hijo predilecto de la hoy inundada Macuspana, como casi todo Tabasco,<\/p>\n<p>Esto porque dar por hecho las acusaciones del presidente en el sentido de que los de FRENAAA dicen s\u00ed a la corrupci\u00f3n, pues la mayor\u00eda de ellos son corruptos, s\u00f3lo es un decir dif\u00edcilmente comprobable, as\u00ed las \u201cacusaciones\u201d salgan de quien cuando se trata de escuchar a gobernadores federalistas no lo hace por cuidar la figura presidencial.<\/p>\n<p><em><a href=\"mailto:elefa44@gmail.com\" target=\"_blank\" rel=\"noopener noreferrer\">elefa44@gmail.com<\/a><\/em><\/p>\n","protected":false},"excerpt":{"rendered":"<p><span style=\"color: #005497;\"><strong>Eleazar Flores<\/strong><\/span><\/p>\n","protected":false},"author":3,"featured_media":0,"comment_status":"open","ping_status":"open","sticky":false,"template":"","format":"standard","meta":{"_monsterinsights_skip_tracking":false,"_monsterinsights_sitenote_active":false,"_monsterinsights_sitenote_note":"","_monsterinsights_sitenote_category":0,"footnotes":""},"categories":[81743],"tags":[81744,81776,43674],"class_list":["post-486273","post","type-post","status-publish","format-standard","hentry","category-eleazar-flores","tag-eleazar-flores","tag-espacio-electoral","tag-opinion"],"_links":{"self":[{"href":"https:\/\/www.diarioimagen.net\/index.php?rest_route=\/wp\/v2\/posts\/486273","targetHints":{"allow":["GET"]}}],"collection":[{"href":"https:\/\/www.diarioimagen.net\/index.php?rest_route=\/wp\/v2\/posts"}],"about":[{"href":"https:\/\/www.diarioimagen.net\/index.php?rest_route=\/wp\/v2\/types\/post"}],"author":[{"embeddable":true,"href":"https:\/\/www.diarioimagen.net\/index.php?rest_route=\/wp\/v2\/users\/3"}],"replies":[{"embeddable":true,"href":"https:\/\/www.diarioimagen.net\/index.php?rest_route=%2Fwp%2Fv2%2Fcomments&post=486273"}],"version-history":[{"count":0,"href":"https:\/\/www.diarioimagen.net\/index.php?rest_route=\/wp\/v2\/posts\/486273\/revisions"}],"wp:attachment":[{"href":"https:\/\/www.diarioimagen.net\/index.php?rest_route=%2Fwp%2Fv2%2Fmedia&parent=486273"}],"wp:term":[{"taxonomy":"category","embeddable":true,"href":"https:\/\/www.diarioimagen.net\/index.php?rest_route=%2Fwp%2Fv2%2Fcategories&post=486273"},{"taxonomy":"post_tag","embeddable":true,"href":"https:\/\/www.diarioimagen.net\/index.php?rest_route=%2Fwp%2Fv2%2Ftags&post=486273"}],"curies":[{"name":"wp","href":"https:\/\/api.w.org\/{rel}","templated":true}]}}