{"id":486414,"date":"2020-11-13T00:03:47","date_gmt":"2020-11-13T06:03:47","guid":{"rendered":"https:\/\/www.diarioimagen.net\/?p=486414"},"modified":"2020-11-13T02:30:19","modified_gmt":"2020-11-13T08:30:19","slug":"alianzas-pri-an-prd-mc","status":"publish","type":"post","link":"https:\/\/www.diarioimagen.net\/?p=486414","title":{"rendered":"\u00bfAlianzas PRI-AN-PRD-MC?"},"content":{"rendered":"<h2>Espacio Electoral<\/h2>\n<h5>Eleazar Flores<\/h5>\n<p>&nbsp;<\/p>\n<p><strong>S\u00d3LO DIOS DIR\u00c1-.<\/strong> En principio y para los observadores pol\u00edticos nadie deber\u00eda escandalizarse, s\u00f3lo ya saben qui\u00e9n-, por el hecho de que los partidos se junten para vencer al rival. Eso hizo AMLO y su Morena en 2028, \u00bf<em>tunc ergo<\/em>?<\/p>\n<p>Con la posibilidad de mejorar y sobre todo ampliar esos pron\u00f3sticos pol\u00edtico-electorales, apunte uniones en Edomex, Michoac\u00e1n, Quer\u00e9taro m\u00e1s los que se acumulen de aqu\u00ed a marzo cuando se venzan los plazos de esos maridajes.<\/p>\n<p>La unci\u00f3n pol\u00edti-comicial se har\u00e1 a nivel de gubernaturas, -lo que provocar\u00e1 m\u00e1s esc\u00e1ndalo y ataques de los de enfrente-, pero tambi\u00e9n ir\u00e1n en busca de presidencias municipales de capitales de estado principalmente, incluso de otras cabeceras importantes como Naucalpan, Tlalnepantla etc.<\/p>\n<p><strong>PRACTICISMO-.<\/strong> La meta de esas alianzas tendr\u00e1 como meta principal ganar diputaciones federales y gubernaturas m\u00e1s lo que se llegase a acumular. Un \u201cinfiltrado\u201d nacional y otro estatal ambos de confianza, son quienes \u201cpasan corriente a este escribiente y se las paso al costo antes que alguien en otro sitio se los cuente y hasta con partidos punta en cada entidad.<\/p>\n<p>En el estado de Michoac\u00e1n el Partido de la Revoluci\u00f3n Democr\u00e1tica, PRD, encabezar\u00eda la coalici\u00f3n en busca de la gubernatura; en Quer\u00e9taro ser\u00eda el Partido Acci\u00f3n Nacional, PAN, todo en 2021 y con apoyo del Partido Revolucionario Institucional, PRI, el cual \u201ccobrar\u00e1\u201d la factura en 2023.<\/p>\n<p>En la que desde ahora se conoce como \u201cla madre de todas las elecciones\u201d, la de gobernador en el Estado de M\u00e9xico en 2023 ser\u00e1 las m\u00e1s peleada por ser el \u201cobjeto del deseo\u201d de Morena, sobre todo, de su due\u00f1o.<\/p>\n<p>El estado con m\u00e1s habitantes, -unos 18 millones-, y el padr\u00f3n m\u00e1s numeroso estimado en casi 12 millones es el gancho, con el valor agregado de 125 ayuntamientos, entre ellos los conurbados como Naucalpan, Tlalnepantla, Nezahualc\u00f3yotl y Huixquilucan gobernado por un panista que quiere ser gobernador.<\/p>\n<p>Si a eso se suma el presupuesto estatal m\u00e1s alto de las 31 entidades restantes, que rebasa los 200 mil millones de pesos, pues ahora se entender\u00e1 porque algunos llaman la \u201cjoya de la corona\u201d, con o sin raz\u00f3n.<\/p>\n<p>Volviendo a las coaliciones PRI-AN,-PRD-MC y dem\u00e1s, estas divisas juntas podr\u00edan hacer un poco de sombra a la aplanadora morenista, o un mucho si es que el padre de Cuarta Transformaci\u00f3n sigue con sonrisa en la cara festejando sus \u201caciertos\u201d en la atenci\u00f3n a la pandemia o bien, en el auxilio a las entidades inundadas como Chiapas y Tabasco que de ed\u00e9n ha pasado a ser lago.<\/p>\n<p><strong>S\u00cd POR MEXICO-.<\/strong> Si a los partidos anteriores se a\u00f1ade la fuerza del empresariado afiliado a S\u00ed por M\u00e9xico, las coaliciones se fortalecer\u00edan.<\/p>\n<p><em><a href=\"mailto:elefa44@gmail.com\" target=\"_blank\" rel=\"noopener noreferrer\">elefa44@gmail.com<\/a><\/em><\/p>\n","protected":false},"excerpt":{"rendered":"<p><span style=\"color: #005497;\"><strong>Eleazar Flores<\/strong><\/span><\/p>\n","protected":false},"author":3,"featured_media":0,"comment_status":"open","ping_status":"open","sticky":false,"template":"","format":"standard","meta":{"_monsterinsights_skip_tracking":false,"_monsterinsights_sitenote_active":false,"_monsterinsights_sitenote_note":"","_monsterinsights_sitenote_category":0,"footnotes":""},"categories":[81743],"tags":[81744,81776,43674],"class_list":["post-486414","post","type-post","status-publish","format-standard","hentry","category-eleazar-flores","tag-eleazar-flores","tag-espacio-electoral","tag-opinion"],"_links":{"self":[{"href":"https:\/\/www.diarioimagen.net\/index.php?rest_route=\/wp\/v2\/posts\/486414","targetHints":{"allow":["GET"]}}],"collection":[{"href":"https:\/\/www.diarioimagen.net\/index.php?rest_route=\/wp\/v2\/posts"}],"about":[{"href":"https:\/\/www.diarioimagen.net\/index.php?rest_route=\/wp\/v2\/types\/post"}],"author":[{"embeddable":true,"href":"https:\/\/www.diarioimagen.net\/index.php?rest_route=\/wp\/v2\/users\/3"}],"replies":[{"embeddable":true,"href":"https:\/\/www.diarioimagen.net\/index.php?rest_route=%2Fwp%2Fv2%2Fcomments&post=486414"}],"version-history":[{"count":0,"href":"https:\/\/www.diarioimagen.net\/index.php?rest_route=\/wp\/v2\/posts\/486414\/revisions"}],"wp:attachment":[{"href":"https:\/\/www.diarioimagen.net\/index.php?rest_route=%2Fwp%2Fv2%2Fmedia&parent=486414"}],"wp:term":[{"taxonomy":"category","embeddable":true,"href":"https:\/\/www.diarioimagen.net\/index.php?rest_route=%2Fwp%2Fv2%2Fcategories&post=486414"},{"taxonomy":"post_tag","embeddable":true,"href":"https:\/\/www.diarioimagen.net\/index.php?rest_route=%2Fwp%2Fv2%2Ftags&post=486414"}],"curies":[{"name":"wp","href":"https:\/\/api.w.org\/{rel}","templated":true}]}}