{"id":486496,"date":"2020-11-16T00:08:44","date_gmt":"2020-11-16T06:08:44","guid":{"rendered":"https:\/\/www.diarioimagen.net\/?p=486496"},"modified":"2020-11-15T22:50:09","modified_gmt":"2020-11-16T04:50:09","slug":"con-su-personaje-en-fuego-ardiente-barbara-islas-ayudara-a-las-mujeres-alcoholicas","status":"publish","type":"post","link":"https:\/\/www.diarioimagen.net\/?p=486496","title":{"rendered":"Con su personaje en\u00a0\u201cFuego Ardiente\u201d, B\u00e1rbara Islas\u00a0ayudar\u00e1 a las mujeres alcoh\u00f3licas"},"content":{"rendered":"<p>&nbsp;<\/p>\n<h3 style=\"text-align: center;\">La telenovela se transmitir\u00e1 por \u201clas estrellas\u201d<br \/>\na partir del 1 de febrero a la 18:30 horas<\/h3>\n<p>&nbsp;<\/p>\n<ul>\n<li><strong><em>La bella actriz afirma que el alcoholismo ha aumentado considerablemente entre las mujeres por lo cual cree\u00a0que es un personaje que le est\u00e1 ayudando a salir de<span class=\"Apple-converted-space\">\u00a0<\/span>su zona de confort<\/em><\/strong><\/li>\n<\/ul>\n<p>&nbsp;<\/p>\n<div id=\"attachment_486497\" style=\"width: 410px\" class=\"wp-caption aligncenter\"><img loading=\"lazy\" decoding=\"async\" aria-describedby=\"caption-attachment-486497\" class=\"wp-image-486497\" src=\"https:\/\/www.diarioimagen.net\/wp-content\/uploads\/2020\/11\/barbara-islasPOR.jpg\" alt=\"\" width=\"400\" height=\"400\" \/><p id=\"caption-attachment-486497\" class=\"wp-caption-text\">\u201cEstoy muy emocionada de poder trabajar con un hombre tan responsable, respetuoso y lleno de amor a su trabajo como lo es el productor Carlos Moreno\u201d, se\u00f1ala la actriz B\u00e1rbara Islas.<\/p><\/div>\n<p>&nbsp;<\/p>\n<p>La actriz B\u00e1rbara Islas es la actriz que ha logrado posicionarse en el gusto del p\u00fablico gracias a su crisma y talento, am\u00e9n de la belleza que ha cautivado a propios y extra\u00f1os, mismos que han tenido oportunidad de ver su desarrollo profesional ya sea como actriz o en la conducci\u00f3n, sin embargo, ahora apuesta por una nueva propuesta que da al p\u00fablico de la mano de Carlos Moreno, con la telenovela \u201cFuego Ardiente\u201d.<\/p>\n<p>\u201cFuego ardiente\u201d, del productor Carlos Moreno, es el retorno del productor que eligi\u00f3 una historia original de la autor\u00eda de Martha Carrillo y Cristina Mart\u00ednez, a quienes admira y con las que ha trabajado numerosas veces teniendo grandes resultados. Esta telenovela se une a los relatos llenos de pasi\u00f3n con escenarios campiranos que han caracterizado su carrera en telenovelas como \u201cCuando me enamoro\u201d (2010) y \u201cAmor brav\u00edo\u201d (2012).<\/p>\n<p>\u201cEstoy muy emocionada de poder trabajar con un hombre tan responsable, respetuoso y lleno de amor a su trabajo, llegar a un trabajo as\u00ed es tener \u00e1nimo siempre, estoy muy agradecida por este reto actoral, ya que no es un personaje que tenga nada que ver con mi forma de ser habitual. Se trata de Araceli, una mujer que es muy infeliz por todos los errores que ha cometido, ella se vuelve alcoh\u00f3lica de una manera muy discreta, pero causa mucho dolor pues ella tiene una historia muy triste\u201d, dijo.<\/p>\n<p>Islas comenta que sin duda es una historia que resultar\u00e1 muy vigente y que ante todo puede ser de ayuda para muchas mujeres que est\u00e9n pasando por una situaci\u00f3n as\u00ed, pues afirma que el alcoholismo ha aumentado considerablemente entre las mujeres por lo cual cree que es un personaje que le est\u00e1 ayudando a salir de su zona de confort.<\/p>\n<p>\u201cEs una historia muy linda se desarrolla en una finca de olivos; grabaremos en Sonora y la verdad es un reto porque mi personaje no es la t\u00edpica mujer alcoh\u00f3lica que se caiga en el piso, es un personaje que tiene muchos colores, pero es una chica muy triste ya que se casa con un hombre al cual no ama y tiene una historia de violencia muy fea, que despu\u00e9s hace que sea de igual modo con su hija, ella al parecer tampoco quer\u00eda ser madre, para m\u00ed es un reto\u201d, afirma.<\/p>\n<p>Para ella es un gusto compartir cr\u00e9dito con Fernando Ciangherotti, Yolanda Ventura, Arturo Peniche y Laura Flores, solo por mencionar algunos.<span class=\"Apple-converted-space\">\u00a0 <\/span>La telenovela es de 97 cap\u00edtulos presenta dos historias de amor muy rom\u00e1ntico y que es una propuesta muy moderna que contiene suspenso. La telenovela se transmitir\u00e1 por Las Estrellas a partir del 1 de febrero en el horario de las 18:30 horas.<\/p>\n","protected":false},"excerpt":{"rendered":"<p>La actriz B\u00e1rbara Islas es la actriz que ha logrado posicionarse en el gusto del p\u00fablico gracias a su crisma y talento, am\u00e9n de la belleza que ha cautivado a propios y extra\u00f1os, mismos que han tenido oportunidad de ver su desarrollo profesional ya sea como actriz o en la conducci\u00f3n, sin embargo, ahora apuesta por una nueva propuesta que da al p\u00fablico de la mano de Carlos Moreno, con la telenovela \u201cFuego Ardiente\u201d.<\/p>\n","protected":false},"author":1,"featured_media":486498,"comment_status":"open","ping_status":"open","sticky":false,"template":"","format":"standard","meta":{"_monsterinsights_skip_tracking":false,"_monsterinsights_sitenote_active":false,"_monsterinsights_sitenote_note":"","_monsterinsights_sitenote_category":0,"footnotes":""},"categories":[12],"tags":[75802,43682,91809],"class_list":["post-486496","post","type-post","status-publish","format-standard","has-post-thumbnail","hentry","category-espectaculos","tag-barbara-islas","tag-espectaculos","tag-fuego-ardiente"],"_links":{"self":[{"href":"https:\/\/www.diarioimagen.net\/index.php?rest_route=\/wp\/v2\/posts\/486496","targetHints":{"allow":["GET"]}}],"collection":[{"href":"https:\/\/www.diarioimagen.net\/index.php?rest_route=\/wp\/v2\/posts"}],"about":[{"href":"https:\/\/www.diarioimagen.net\/index.php?rest_route=\/wp\/v2\/types\/post"}],"author":[{"embeddable":true,"href":"https:\/\/www.diarioimagen.net\/index.php?rest_route=\/wp\/v2\/users\/1"}],"replies":[{"embeddable":true,"href":"https:\/\/www.diarioimagen.net\/index.php?rest_route=%2Fwp%2Fv2%2Fcomments&post=486496"}],"version-history":[{"count":0,"href":"https:\/\/www.diarioimagen.net\/index.php?rest_route=\/wp\/v2\/posts\/486496\/revisions"}],"wp:featuredmedia":[{"embeddable":true,"href":"https:\/\/www.diarioimagen.net\/index.php?rest_route=\/wp\/v2\/media\/486498"}],"wp:attachment":[{"href":"https:\/\/www.diarioimagen.net\/index.php?rest_route=%2Fwp%2Fv2%2Fmedia&parent=486496"}],"wp:term":[{"taxonomy":"category","embeddable":true,"href":"https:\/\/www.diarioimagen.net\/index.php?rest_route=%2Fwp%2Fv2%2Fcategories&post=486496"},{"taxonomy":"post_tag","embeddable":true,"href":"https:\/\/www.diarioimagen.net\/index.php?rest_route=%2Fwp%2Fv2%2Ftags&post=486496"}],"curies":[{"name":"wp","href":"https:\/\/api.w.org\/{rel}","templated":true}]}}