{"id":486590,"date":"2020-11-16T00:04:14","date_gmt":"2020-11-16T06:04:14","guid":{"rendered":"https:\/\/www.diarioimagen.net\/?p=486590"},"modified":"2020-11-16T00:46:34","modified_gmt":"2020-11-16T06:46:34","slug":"la-vacuna-que-no-vendra","status":"publish","type":"post","link":"https:\/\/www.diarioimagen.net\/?p=486590","title":{"rendered":"La vacuna que no vendr\u00e1"},"content":{"rendered":"<h2>Punto por punto<\/h2>\n<h5>Augusto Corro<\/h5>\n<p>&nbsp;<\/p>\n<p>La vacuna de PfizerBioNT contra el coronavirus no se aplicar\u00e1 en M\u00e9xico. Uno de los principales problemas que enfrenta es la falta de equipos de refrigeraci\u00f3n que mantengan al medicamento en temperaturas de setenta grados bajo cero.<\/p>\n<p>Se trata de sistemas de ultracongelaci\u00f3n cuyo valor va de los 300 mil hasta un mill\u00f3n de pesos. Nuestro pa\u00eds anunci\u00f3 que no comprar\u00e1 la vacuna por las condiciones especiales para su refrigeraci\u00f3n.<\/p>\n<p>Seg\u00fan se inform\u00f3 la vacuna PfizerBioNT usa una mol\u00e9cula sintetizada que es muy sensible a las temperaturas. En temperatura tropicales no funcionar\u00eda por los climas extremos. As\u00ed pues, la inversi\u00f3n econ\u00f3mica para el antivirus mencionado resulta costoso y no todos los pa\u00edses podr\u00edan adquirirlo.<\/p>\n<p>En M\u00e9xico la noticia sobre el 90% de efectividad del medicamento provoc\u00f3 un entusiasmo que en unos cuantos d\u00edas se apag\u00f3 al conocerse los obst\u00e1culos para su traslado y refrigeraci\u00f3n que exige medidas tan especiales y costosas.<\/p>\n<p>Sin embargo, en nuestro pa\u00eds ya empezaron a probarse otras vacunas contra el coronavirus. Al menos 5 mil voluntarios participan en los ensayos finales de vacunaci\u00f3n del anticoronavirus de la empresa china CanSino, que no requiere ultracongelaci\u00f3n.<\/p>\n<p>Mientras tanto, la Covid-19 contin\u00faa con su invasi\u00f3n mort\u00edfera. En la Ciudad de M\u00e9xico se incrementaron las hospitalizaciones por Covid-19 y las autoridades optaron por meter reversa al programa Reabre, que permit\u00eda que bares, cantinas, antros y salones de fiestas operaran como restaurantes.<\/p>\n<p>As\u00ed pues, ese tipo de establecimientos cerr\u00f3 sus puertas que podr\u00edan abrir hasta dentro de 15 d\u00edas. Tambi\u00e9n se determin\u00f3 que a partir de hoy (lunes), gimnasios, cines, teatros, boliches y museos cierren a las 19.00 horas y no a las 22.00 horas como lo hac\u00edan. En los centros de culto tambi\u00e9n cambiar\u00e1n horarios, pero eso lo informar\u00e1n las autoridades religiosas. El gobierno capitalino anunci\u00f3 que continua el color naranja el sem\u00e1foro epidemiol\u00f3gico, pero con alerta, del 16 al 22 de noviembre.<\/p>\n<p>Como se\u00f1alamos en este espacio en otras entregas que mientras no empiece a aplicarse el medicamento que destruya el virus de Covid-19 la pandemia continuar\u00e1 nadie sabe por cuanto tiempo. Mientras, en algunas ciudades continuamente se relajan las medidas sanitarias para detener la invasi\u00f3n del coronavirus.\u00a0 En t\u00e9rminos generales, se habla ya de la probabilidad de que M\u00e9xico registre ya m\u00e1s de un mill\u00f3n de contagios, y casi con 100 mil decesos.<\/p>\n<p>En la Ciudad de M\u00e9xico, por las razones que usted considere, las calles del centro capitalino estuvieron llenas de gente; en algunos sitios se efectuaron bailes p\u00fablicos con la participaci\u00f3n de un sinn\u00famero de personas; en el transporte p\u00fablico hay tantos viajeros que no parece que estemos en medio de una espiral de muerte producida por el coronavirus.<\/p>\n<p>Es urgente que las autoridades empiecen a aplicar medidas sanitarias m\u00e1s duras para detener los contagios, de otra manera, la pandemia continuar\u00e1 su acci\u00f3n destructiva. Tambi\u00e9n es necesario que la poblaci\u00f3n asuma un papel de mayor responsabilidad en el combate contra el virus. No nos cansaremos de repetir que es muy importante lavarse las manos con jab\u00f3n constantemente; al estornudar o toser llevarse el antebrazo a la nariz o a la boca; usar el cubrebocas, guardar la sana distancia y quedarse en casa. \u00bfUsted qu\u00e9 opina amable lector?<\/p>\n<p style=\"text-align: center;\"><strong>\u00a0Los gobernadores saqueadores<\/strong><\/p>\n<p>No es el primero ni ser\u00e1 el \u00faltimo ex gobernador en problemas con la justicia. Nos referimos a Roberto Sandoval, ex mandatario de Nayarit. En su caso, la Fiscal\u00eda de esta entidad emiti\u00f3 una orden de detenci\u00f3n en contra del exfuncionario, por los probables delitos de peculado y ejercicio indebido de funciones, en agravio del Fondo de Inversi\u00f3n y Reinversi\u00f3n para la Creaci\u00f3n y Apoyo de Empresas Sociales del Estado Nayarit (FIRCAES).<\/p>\n<p>La orden de aprehensi\u00f3n se gir\u00f3 desde el pasado 4 de noviembre y se solicit\u00f3 la colaboraci\u00f3n de la Guardia Nacional y de otras entidades federativas, as\u00ed como la solicitud de ficha roja de Interpol, para su b\u00fasqueda y detenci\u00f3n. Seg\u00fan la Fiscal\u00eda, se judicializ\u00f3 la carpeta de investigaci\u00f3n del 2018 mediante denuncia presentada por la Comisi\u00f3n de la Verdad.<\/p>\n<p>Como bien saben nuestros estimados lectores, en los \u00faltimos sexenios se multiplicaron los robos al tesoro p\u00fablico en diferentes estados. Lo gobernadores robaron, huyeron, los detuvieron y ahora enfrentan a la justicia, sin mayor problema, pues los castigos no son tan severos o duros como era de esperarse que sucediera.<\/p>\n<p>Por ejemplo, el ex gobernador de Tabasco, Andr\u00e9s Granier, estuvo detenido desde 2013 acusado del delito de peculado. Un juez lo absolvi\u00f3 y ahora, sin problemas disfruta de una sentencia de libertad absoluta, tras el saqueo calculado en miles de millones de pesos al erario de su entidad. Es decir que alcanz\u00f3 a burlarse de la justicia.<\/p>\n<p>La lista de mandatarios estatales creci\u00f3 en el \u00faltimo sexenio. Basta con citar a dos que est\u00e1n en la c\u00e1rcel y uno que se encuentra detenido en Estados Unidos y uno m\u00e1s que est\u00e1 pr\u00f3fugo. Veamos: Javier Duarte, exmandatario de Veracruz est\u00e1 preso. Con una sentencia favorable que en unos cuantos a\u00f1os podr\u00eda alcanzar su libertad.<\/p>\n<p>El que espera su condena es el ex gobernador de Quintana Roo, Roberto Borge, cuyo caso asunto se lleva sin tantos reflectores. El ex mandatario de Chihuahua, Oscar Duarte, fue detenido en el vecino pa\u00eds del norte. En una c\u00e1rcel de Miami espera su deportaci\u00f3n.\u00a0 El \u00faltimo exgobernador en l\u00edos con la ley es Roberto Sandoval.<\/p>\n<p>Sin ninguna excepci\u00f3n, los exmandatarios de extracci\u00f3n priista, fueron acusados de saquear las arcas p\u00fablicas adem\u00e1s de cometer un sinn\u00famero de delitos, que de aplicarse la ley sin contemplaciones, estar\u00edan en la c\u00e1rcel toda su vida.<\/p>\n<p><a href=\"mailto:aco2742@hotmail.com\" target=\"_blank\" rel=\"noopener noreferrer\"><em>aco2742@hotmail.com<\/em><\/a><\/p>\n","protected":false},"excerpt":{"rendered":"<p><span style=\"color: #005497;\"><strong>Augusto Corro<\/strong><\/span><\/p>\n","protected":false},"author":3,"featured_media":0,"comment_status":"open","ping_status":"open","sticky":false,"template":"","format":"standard","meta":{"_monsterinsights_skip_tracking":false,"_monsterinsights_sitenote_active":false,"_monsterinsights_sitenote_note":"","_monsterinsights_sitenote_category":0,"footnotes":""},"categories":[157],"tags":[43686,43674,11515],"class_list":["post-486590","post","type-post","status-publish","format-standard","hentry","category-augusto-corro","tag-augusto-corro","tag-opinion","tag-punto-por-punto"],"_links":{"self":[{"href":"https:\/\/www.diarioimagen.net\/index.php?rest_route=\/wp\/v2\/posts\/486590","targetHints":{"allow":["GET"]}}],"collection":[{"href":"https:\/\/www.diarioimagen.net\/index.php?rest_route=\/wp\/v2\/posts"}],"about":[{"href":"https:\/\/www.diarioimagen.net\/index.php?rest_route=\/wp\/v2\/types\/post"}],"author":[{"embeddable":true,"href":"https:\/\/www.diarioimagen.net\/index.php?rest_route=\/wp\/v2\/users\/3"}],"replies":[{"embeddable":true,"href":"https:\/\/www.diarioimagen.net\/index.php?rest_route=%2Fwp%2Fv2%2Fcomments&post=486590"}],"version-history":[{"count":0,"href":"https:\/\/www.diarioimagen.net\/index.php?rest_route=\/wp\/v2\/posts\/486590\/revisions"}],"wp:attachment":[{"href":"https:\/\/www.diarioimagen.net\/index.php?rest_route=%2Fwp%2Fv2%2Fmedia&parent=486590"}],"wp:term":[{"taxonomy":"category","embeddable":true,"href":"https:\/\/www.diarioimagen.net\/index.php?rest_route=%2Fwp%2Fv2%2Fcategories&post=486590"},{"taxonomy":"post_tag","embeddable":true,"href":"https:\/\/www.diarioimagen.net\/index.php?rest_route=%2Fwp%2Fv2%2Ftags&post=486590"}],"curies":[{"name":"wp","href":"https:\/\/api.w.org\/{rel}","templated":true}]}}