{"id":486749,"date":"2020-11-17T00:13:17","date_gmt":"2020-11-17T06:13:17","guid":{"rendered":"https:\/\/www.diarioimagen.net\/?p=486749"},"modified":"2020-11-17T23:48:52","modified_gmt":"2020-11-18T05:48:52","slug":"nueva-ola-de-protestas-en-cancun-denuncian-infiltracion-de-vandalos","status":"publish","type":"post","link":"https:\/\/www.diarioimagen.net\/?p=486749","title":{"rendered":"Nueva ola de protestas en Canc\u00fan; denuncian infiltraci\u00f3n de v\u00e1ndalos"},"content":{"rendered":"<h2>Derecho de r\u00e9plica<\/h2>\n<h5>Jos\u00e9 Luis Monta\u00f1ez<\/h5>\n<p>&nbsp;<\/p>\n<ul>\n<li><strong><em>Al menos 16 detenidos por causar destrozos en inmuebles p\u00fablicos<\/em><\/strong><\/li>\n<\/ul>\n<p>&nbsp;<\/p>\n<div id=\"attachment_486763\" style=\"width: 470px\" class=\"wp-caption aligncenter\"><a href=\"https:\/\/www.diarioimagen.net\/?attachment_id=486763\" rel=\"attachment wp-att-486763\"><img loading=\"lazy\" decoding=\"async\" aria-describedby=\"caption-attachment-486763\" class=\"size-full wp-image-486763\" src=\"https:\/\/www.diarioimagen.net\/wp-content\/uploads\/2020\/11\/DERECHO02.jpg\" alt=\"\" width=\"460\" height=\"270\" \/><\/a><p id=\"caption-attachment-486763\" class=\"wp-caption-text\">El gobernador Carlos Joaqu\u00edn se\u00f1al\u00f3 que detr\u00e1s de la violencia no estuvieron los colectivos feministas, sino v\u00e1ndalos contratados para ocasionar destrozos.<\/p><\/div>\n<p>&nbsp;<\/p>\n<p>Tras la manifestaci\u00f3n pacifica que se realiz\u00f3 el s\u00e1bado en Canc\u00fan, donde incluso los hoteleros se sumaron a la exigencia de justicia de parte de grupos feministas, este domingo se realiz\u00f3 otra en la que s\u00ed hubo disturbios y destrozos, no obstante, el gobernador del estado, Carlos Joaqu\u00edn Gonz\u00e1lez, afirma que estos actos vand\u00e1licos en dependencias de gobierno, fueron obra de infiltrados, de los cuales lograron detener al menos a 16.<\/p>\n<p>El gobernador se\u00f1al\u00f3 que detr\u00e1s de la violencia no estuvieron los colectivos feministas sino \u201cprovocadores y v\u00e1ndalos que llegaron de otros estados del pa\u00eds contratados para ocasionar destrozos, generaron miedo entre la poblaci\u00f3n y afectar el prestigio de nuestro destino tur\u00edstico\u201d, asever\u00f3.<\/p>\n<p>Asimismo, el mandatario dej\u00f3 entrever, sin dar mayores detalles, que los grupos que se infiltraron en la marcha feminista, se encuentran vinculados a grupos pol\u00edticos, a fin de desprestigiar la imagen de este destino tur\u00edstico y el mismo movimiento de las f\u00e9minas en su exigencia de justicia. Dado lo anterior adelant\u00f3 que existe una investigaci\u00f3n avanzada sobre qui\u00e9nes participaron en estas acciones, que afirma, no son en contra suya, sino de todo el estado de Quintana Roo.<\/p>\n<p>Como una prueba de lo anterior, dijo que en los videos, estas personas hablaron de \u201cgranaderos\u201d, figura que no existe en la pen\u00ednsula, lo cual hace intuir que estas personas no eran del estado.<\/p>\n<p style=\"text-align: center;\"><strong>\u201cV\u00e1ndalos vinculados con grupos pol\u00edticos\u201d<\/strong><\/p>\n<p>Fueron m\u00e1s de cuatro horas, en las que Canc\u00fan vivi\u00f3 esta nueva ola de disturbios, que incluyeron da\u00f1os en las instalaciones del Palacio Municipal de Benito Ju\u00e1rez (Canc\u00fan), pero tambi\u00e9n en las instalaciones de Tr\u00e1nsito y la Fiscal\u00eda General del Estado, donde grupos radicales saquearon oficinas, hicieron pintas y provocaron incendios.<\/p>\n<p>No obstante, Carlos Joaqu\u00edn asegura que cuentan con im\u00e1genes de algunos l\u00edderes de esta manifestaci\u00f3n, mismos que estar\u00edan vinculados con grupos pol\u00edticos. \u201cTengan la seguridad que se actuar\u00e1 con firmeza y sus actos no quedar\u00e1n impunes\u201d enfatiz\u00f3 el mandatario estatal, al se\u00f1alar a los responsables de estos destrozos.<\/p>\n<p>Asimismo, el gobernador destac\u00f3 el derecho a manifestarse de las mujeres, el cual, asegura siempre ser\u00e1 respetado. \u201cEl derecho a manifestarse de manera pac\u00edfica, en\u00e9rgica y leg\u00edtima, siempre ser\u00e1 respetado. Las autoridades municipales y estatales respetamos en todo momento la libertad de expresi\u00f3n y de manifestaci\u00f3n\u201d, asegur\u00f3.<\/p>\n<p style=\"text-align: center;\"><strong>Feministas se deslindan de actos violentos<\/strong><\/p>\n<p>El gobernador relat\u00f3 que el domingo, a partir de las cuatro de la tarde, una vez que la manifestaci\u00f3n lleg\u00f3 al Palacio Municipal de Canc\u00fan, se integraron al movimiento grupos de personas con pasamonta\u00f1as y mochilas que nada tienen que ver con las leg\u00edtimas causas de las mujeres. \u201cNo se trata de grupos feministas, en realidad son anarquistas pagados que atentaron en contra de la paz de la ciudad, as\u00ed como de servidores p\u00fablicos y bienes p\u00fablicos, trasgrediendo claramente los l\u00edmites de la ley\u201d, remarc\u00f3.<\/p>\n<p>Es decir, que si bien, la marcha fue convocada por feministas para protestar los feminicidios del estado, al llegar a la Fiscal\u00eda, la mayor\u00eda ya se hab\u00edan retirado y fueron principalmente hombres los que destrozaron y quemaron oficinas de Seguridad P\u00fablica municipal, mismos, que seg\u00fan las declaraciones de Carlos Joaqu\u00edn, ser\u00edan v\u00e1ndalos pagados, pues incluso, las colectivas feministas del estado se han deslindando p\u00fablicamente de los actos violentos.<\/p>\n<p style=\"text-align: center;\"><strong>Polic\u00eda act\u00faa de acuerdo a los protocolos<\/strong><\/p>\n<p>\u201cFrente a las agresiones, la Polic\u00eda Quintana Roo actu\u00f3 de acuerdo a los protocolos del uso proporcional de la fuerza con prudencia y firmeza\u201d, dijo el mandatario estatal, quien agrega que solo se pusieron en acci\u00f3n, una vez que el nivel violencia puso en riesgo la integridad y la seguridad de los ciudadanos.<\/p>\n<p>\u201cLas actividades de inteligencia, la preparaci\u00f3n y la planeaci\u00f3n coordinada con la federaci\u00f3n y el Ayuntamiento de Benito Ju\u00e1rez nos permitieron no caer en provocaciones, actuar con apego a la ley y con total respeto a los derechos humanos\u201d, asegur\u00f3.<\/p>\n<p>Carlos Joaqu\u00edn recalc\u00f3 que por m\u00e1s de seis horas, los polic\u00edas protegieron a las mujeres, a una distancia prudente, pero despu\u00e9s los \u201cv\u00e1ndalos\u201d quisieron afectar instancias estrat\u00e9gicas. Por lo anterior, el gobernador revel\u00f3 que hay 16 personas detenidas y ninguna persona fallecida.<\/p>\n<p>\u201cEl estado y la ciudad est\u00e1n bajo control y siguen su curso firme de reactivaci\u00f3n econ\u00f3mica y de cuidado de la salud\u201d, concluy\u00f3.<\/p>\n<p style=\"text-align: center;\"><strong>Despliegue policiaco nunca antes visto en Canc\u00fan<\/strong><\/p>\n<p>Las instalaciones de la direcci\u00f3n de Tr\u00e1nsito municipal fueron tomadas de manera violenta por un grupo de manifestantes, por lo que se registr\u00f3 un despliegue policiaco nunca antes visto en la historia de Canc\u00fan.<\/p>\n<p>La jornada de protestas de este domingo comenz\u00f3 alrededor de las 4 de la tarde con un grupo que se reuni\u00f3 en la zona de Malec\u00f3n Tajamar para caminar al Palacio Municipal.<\/p>\n<p>En la plaza de la Reforma se realizaron pintas a las paredes del lugar y la estatua de Benito Ju\u00e1rez as\u00ed como el intento de ingresar al edificio principal, objetivo que no se logr\u00f3 porque en el transcurso de la semana se \u201cblind\u00f3\u201d con piezas de metal en las ventanas y accesos.<\/p>\n<p>Sin embargo, los v\u00e1ndalos le prendieron fuego a unas oficinas aleda\u00f1as al Palacio municipal.<\/p>\n<p>Otro grupo se dirigi\u00f3 a las oficinas de la Vicefiscal\u00eda para tratar de acceder, y estuvieron a punto de lograrlo, cuando se dieron cuenta que el inmueble contiguo, que alberga las oficinas de la direcci\u00f3n de tr\u00e1nsito municipal, no estaba protegido, entonces lo allanaron.<\/p>\n<p>Alrededor de las 7 de la noche, la situaci\u00f3n se sali\u00f3 de control cuando los invasores comenzaron a saquear las oficinas y encender fogatas, mientras que otros se llevaban art\u00edculos de oficina y hasta un refrigerador instalado en uno de los patios de la corporaci\u00f3n, frente a la avenida Xcaret.<\/p>\n<p>Minutos despu\u00e9s, llegaron los primeros elementos antimotines, la recuperaci\u00f3n del inmueble, comenz\u00f3 con el lanzamiento de luces de bengala a la zona donde ard\u00edan varias fogatas. Y una vez que se control\u00f3 la situaci\u00f3n y recuperaron el edificio, comenzaron a sacar a unas personas del lugar, al parecer algunos de los responsables de estos actos violentos.<\/p>\n<p>De acuerdo con informaci\u00f3n preliminar, se reportan 6 lesionados, 3 manifestantes, 3 agentes de la Fiscal\u00eda General del Estado, que incluso cuatro de los lesionados tuvieron que ser hospitalizados, entre ellos una mujer, que no participaba en la manifestaci\u00f3n pero que fue atropellada al correr espantada.<\/p>\n<p>Hasta este fin de semana, no se ten\u00edan reportes ni antecedentes de este tipo de incidentes en Canc\u00fan en el que se incluyera la toma de un edificio p\u00fablico.<\/p>\n<p style=\"text-align: center;\"><strong>Casi linchan a presunto agresor sexual<\/strong><\/p>\n<p>Si bien, los actos vand\u00e1licos m\u00e1s graves no se dieron sino hasta pasadas las 7 de la noche, las manifestaciones arrancaron desde varias horas antes, cerca de las 2:30 de la tarde alrededor de 200 mujeres integrantes del colectivo \u201cbloque negro\u201d, partieron del Malec\u00f3n Tajamar y marcharon sobre la avenida Bonampak, lanzando consignas exigiendo justicia para las mujeres que han sido v\u00edctima de violencia, secuestro o feminicidios.<\/p>\n<p>Al llegar al kil\u00f3metro Cero, se incorporaron sobre la avenida Cob\u00e1 para concentrarse en la glorieta del \u201cCeviche\u201d, donde se realiz\u00f3 la pinta del monumento y las calles, dejando sus consignas.<\/p>\n<p>Posteriormente, los manifestantes se dirigieron al palacio municipal, y despu\u00e9s de permanecer sentados alrededor de 10 minutos dieron inicio los actos vand\u00e1licos, con la pinta de los muros, ventanales que fueron tapados con l\u00e1mina, al igual que la entrada principal, incendiaron las oficinas de recursos materiales y destruyeron el \u00e1rea del comedor de los trabajadores, rompiendo tambi\u00e9n las tuber\u00edas de agua y las l\u00e1mparas.<\/p>\n<p>y cuando todo indicaba que el contingente estaba apunto de concluir la manifestaci\u00f3n, la alerta de un agresor sexual entre la muchedumbre encendi\u00f3 las alarmas.<\/p>\n<p>Un var\u00f3n de entre 40 y 50 a\u00f1os fue se\u00f1alado por haber \u201cmanoseado\u201d a algunas de las participantes de la protesta. En ese acto, un grupo de manifestantes se separ\u00f3 del grupo y le dio alcance muy cerca de la avenida Kabah donde lo golpearon a un grado tal, que todo termin\u00f3 en un conato de linchamiento publico.<\/p>\n<p>No obstante, gracias a la intervenci\u00f3n de personal de Protecci\u00f3n Civil, el presunto agresor fue entregado a oficiales de la polic\u00eda municipal para ser presentado a la autoridad correspondiente.<\/p>\n<p style=\"text-align: center;\"><strong>Oficinas de gobierno, vandalizadas<\/strong><\/p>\n<p>Tras el intento fallido por ingresar a las instalaciones del Ayuntamiento, los manifestantes optaron por dirigirse a la Fiscal\u00eda General del Estado, en donde se instruy\u00f3 a los participantes no causar da\u00f1o en propiedad privada, si no solamente en los edificios de gobierno.<\/p>\n<p>A su llegada a la Secretar\u00eda de Seguridad P\u00fablica, comenzaron a destruir las c\u00e1maras de vigilancia y grafitearon las paredes, lanzando consignas contra los elementos policiacos que se encontraban al interior de la dependencia.<\/p>\n<p>M\u00e1s tarde, los destrozos continuaron en la direcci\u00f3n de Tr\u00e1nsito, donde lograron ingresar y prenderle fuego a la oficinas, incluso hicieron una fogata en la avenida Xcaret con muebles, equipo de c\u00f3mputo, papeler\u00eda oficial y la dependencia qued\u00f3 totalmente destruida.<\/p>\n<p>Luego de golpear por m\u00e1s de cuatro horas la puerta principal de la Fiscal\u00eda, alrededor de las 20:30 horas finalmente lograron derribarla, pero los v\u00e1ndalos, se\u00f1alados por el gobernador como infiltrados, fueron recibidos por el grupo de antimotines que resguardaba la entrada.<\/p>\n<p><a href=\"mailto:montanezaguilar@gmail.com\" target=\"_blank\" rel=\"noopener noreferrer\"><em>montanezaguilar@gmail.com<\/em><\/a><\/p>\n","protected":false},"excerpt":{"rendered":"<p><span style=\"color: #005497;\"><strong>Jos\u00e9 Luis Monta\u00f1ez<\/strong><\/span><br \/>\n<br \/>\nTras la manifestaci\u00f3n pacifica que se realiz\u00f3 el s\u00e1bado en Canc\u00fan, donde incluso los hoteleros se sumaron a la exigencia de justicia de parte de grupos feministas, este domingo se realiz\u00f3 otra en la que s\u00ed hubo disturbios y destrozos, no obstante, el gobernador del estado, Carlos Joaqu\u00edn Gonz\u00e1lez, afirma que estos actos vand\u00e1licos en dependencias de gobierno, fueron obra de infiltrados, de los cuales lograron detener al menos a 16.<\/p>\n","protected":false},"author":3,"featured_media":486763,"comment_status":"open","ping_status":"open","sticky":false,"template":"","format":"standard","meta":{"_monsterinsights_skip_tracking":false,"_monsterinsights_sitenote_active":false,"_monsterinsights_sitenote_note":"","_monsterinsights_sitenote_category":0,"footnotes":""},"categories":[11622,25512],"tags":[47840,54579,43674],"class_list":["post-486749","post","type-post","status-publish","format-standard","has-post-thumbnail","hentry","category-jose-luis-montanez-aguilar","category-nacional-nacional","tag-derecho-de-replica","tag-jose-luis-montanez","tag-opinion"],"_links":{"self":[{"href":"https:\/\/www.diarioimagen.net\/index.php?rest_route=\/wp\/v2\/posts\/486749","targetHints":{"allow":["GET"]}}],"collection":[{"href":"https:\/\/www.diarioimagen.net\/index.php?rest_route=\/wp\/v2\/posts"}],"about":[{"href":"https:\/\/www.diarioimagen.net\/index.php?rest_route=\/wp\/v2\/types\/post"}],"author":[{"embeddable":true,"href":"https:\/\/www.diarioimagen.net\/index.php?rest_route=\/wp\/v2\/users\/3"}],"replies":[{"embeddable":true,"href":"https:\/\/www.diarioimagen.net\/index.php?rest_route=%2Fwp%2Fv2%2Fcomments&post=486749"}],"version-history":[{"count":0,"href":"https:\/\/www.diarioimagen.net\/index.php?rest_route=\/wp\/v2\/posts\/486749\/revisions"}],"wp:featuredmedia":[{"embeddable":true,"href":"https:\/\/www.diarioimagen.net\/index.php?rest_route=\/wp\/v2\/media\/486763"}],"wp:attachment":[{"href":"https:\/\/www.diarioimagen.net\/index.php?rest_route=%2Fwp%2Fv2%2Fmedia&parent=486749"}],"wp:term":[{"taxonomy":"category","embeddable":true,"href":"https:\/\/www.diarioimagen.net\/index.php?rest_route=%2Fwp%2Fv2%2Fcategories&post=486749"},{"taxonomy":"post_tag","embeddable":true,"href":"https:\/\/www.diarioimagen.net\/index.php?rest_route=%2Fwp%2Fv2%2Ftags&post=486749"}],"curies":[{"name":"wp","href":"https:\/\/api.w.org\/{rel}","templated":true}]}}