{"id":486789,"date":"2020-11-17T00:11:17","date_gmt":"2020-11-17T06:11:17","guid":{"rendered":"https:\/\/www.diarioimagen.net\/?p=486789"},"modified":"2020-11-17T10:02:50","modified_gmt":"2020-11-17T16:02:50","slug":"a-quien-inundamos-primero-a-los-pobres","status":"publish","type":"post","link":"https:\/\/www.diarioimagen.net\/?p=486789","title":{"rendered":"\u00bfA qui\u00e9n inundamos?\u00a0\u00a1Primero a los pobres!"},"content":{"rendered":"<h2>\u00cdndice pol\u00edtico<\/h2>\n<h5>Francisco Rodr\u00edguez<\/h5>\n<p>&nbsp;<\/p>\n<p>Verdad de Perogrullo: La inestabilidad emocional es casi emblem\u00e1tica en los pacientes afectados por el s\u00edndrome llamado borderline. Los acosan la depresi\u00f3n, la compulsi\u00f3n y la ansiedad a todas horas. No tienen un humor b\u00e1sico, no pueden controlarse porque son hiperactivos, incontenibles, pesimistas, alegres a ratos, c\u00ednicos y deprimidos, con una sola condici\u00f3n neurol\u00f3gica: que sea todo eso, pero al mismo tiempo.<\/p>\n<p>Los sentimientos destructivos ocupan sus vac\u00edos existenciales. No hay tregua para la sensatez. El peligro casi siempre comienza a primera hora de la ma\u00f1ana. Constantemente emiten su grito de guerra: O est\u00e1s conmigo o contra m\u00ed. Si me equivoco, t\u00fa eres el responsable.<\/p>\n<p>El afectado niega cualquier relaci\u00f3n con lo fallido. Genera la sensaci\u00f3n en la comunidad de constituir o prometer un \u00e9xito descomunal, pero como siente la incomprensi\u00f3n de los dem\u00e1s ante sus alcances, inmediatamente procede a defraudar a quienes confiaron en \u00e9l. Es a la vez suspicaz e ingenuo en extremo.<\/p>\n<p>Es frecuente que sufran apegos intensos, pero tormentosos, con personas a quienes idealizan mediante admiraci\u00f3n o amor, pero esos mismos sentimientos pueden tornarse de repente en descalificaciones y desprecios, enojos y disgustos. Y eso se transmite tambi\u00e9n a la plaza p\u00fablica.<\/p>\n<p style=\"text-align: center;\"><b>En s\u00f3lo dos a\u00f1os ya han causado demasiados estropicios<\/b><\/p>\n<p>El padecimiento borderline ha tenido un r\u00e1pido avance en todo el mundo. Se ha confirmado que esta enfermedad ya es dos o tres veces m\u00e1s frecuente que todos los tipos de bulimia, anorexia y esquizofrenia. Y puede llegar a convertirse en una endemia que azote el mundo con fiereza.<\/p>\n<p>Aqu\u00ed, en el rancho grande, los m\u00e1s conspicuos de los borderline ya han causado en poco tiempo demasiados estropicios, a velocidad turbo. Amenazan con el uso indiscriminado y brutal de las Fuerzas Armadas para disminuir sus peligros y adversarios personales, que a estas alturas del partido son casi todos, al mismo tiempo que puede olvid\u00e1rsele qu\u00e9 investidura ostenta.<\/p>\n<p>Para aumentar el n\u00famero de sus allegados y fans, es capaz de ordenar toda suerte de corruptelas, odios, intolerancias e insensateces, siempre y cuando los favorecidos por las decisiones le cumplan con su apego en todo tiempo y lugar. El fanatismo de sus huestes est\u00e1 confirmado.<\/p>\n<p style=\"text-align: center;\"><b>Lucha para detener el saqueo, la ambici\u00f3n y la intolerancia<\/b><\/p>\n<p>Y as\u00ed, explican los especialistas, aunque es intolerante a la separaci\u00f3n, el sujeto atormentado tiende a hacer demandas a los dem\u00e1s, pues los culpa de todas las causas de los fracasos, aunque \u00e9l los haya ordenado. El borderline niega cualquier relaci\u00f3n con el fracaso, pues \u00e9l tiene siempre otros protocolos que lo exoneran.<\/p>\n<p>Frente a la gran crisis que padecemos, el imperio de la raz\u00f3n es necesario, pero nunca suficiente. La raz\u00f3n tiene que estar apoyada por una aut\u00e9ntica renovaci\u00f3n ideol\u00f3gica que encabece luchas de liberaci\u00f3n de varios rangos, sustentadas por gobiernos populares en alianza fuerte con sociedades patri\u00f3ticas.<\/p>\n<p>De esa manera, y s\u00f3lo de \u00e9sa, detendremos el saqueo, la ambici\u00f3n y la intolerancia. Los tiempos de la lucha ya se adelantaron. Hoy tenemos que enfrentar el miedo y la indolencia con mecanismos nuevos y \u00e1giles.<\/p>\n<p style=\"text-align: center;\"><b>Les pas\u00f3 por encima la oportunidad de dar el paso hist\u00f3rico\u00a0<\/b><\/p>\n<p>Y es que el equipo gobernante no est\u00e1 a la altura de las circunstancias de M\u00e9xico ni del entorno mundial. Por no haber tenido las agallas ni los conocimientos para aprovechar la coyuntura internacional de desarrollar un gobierno con rostro popular. Se han dejado atrapar por la desidia, el enemigo natural de toda impronta ben\u00e9fica.<\/p>\n<p>Unos por incompetencia, otros por intereses ileg\u00edtimos, y otros simplemente por miedo a perder la chamba. Los rebas\u00f3, les pas\u00f3 por encima la gran oportunidad que tuvimos los mexicanos de dar el paso hist\u00f3rico del nuevo siglo. Ya no tienen para d\u00f3nde hacerse. Resultaron buenos patroncitos, pero malos subalternos. No saben dar ni pedir.<\/p>\n<p style=\"text-align: center;\"><b>Como mozalbetes, no saben qu\u00e9 hace ante la desesperaci\u00f3n<\/b><\/p>\n<p>Las inundaciones en el sureste, provocadas por desfogues inopinados e insulsos de las presas hidr\u00e1ulicas y por las tormentas estacionales, desnudaron todas sus miserias, todos sus desplantes. Se han llegado a ver como una pandilla de mozalbetes sin saber qu\u00e9 hacer ante la desesperaci\u00f3n y el aquelarre.<\/p>\n<p>Sus conductas, atrevidas y mendaces, descubren bajo sus personitas sujetos al mando mal equipados e ignorantes. Sin saber c\u00f3mo explicar la falta de dinero que sustrajeron para necesidades menores, o por caprichos de desaparecer aparentemente todo lo que tiene que ver con los manejos del pasado.<\/p>\n<p>La corrupci\u00f3n, seg\u00fan ellos, los incapaces, tiene la culpa de todo lo que sucede. La poblaci\u00f3n sabe que no. Todo es un producto macabro de la falta de preparaci\u00f3n y previsi\u00f3n para manejar los accidentes geogr\u00e1ficos inherentes a un pa\u00eds de estas caracter\u00edsticas, que seg\u00fan ellos conoc\u00edan a fondo. Todo ha sido un enga\u00f1o modito borderline.<\/p>\n<p>\u00bfNo cree usted?<\/p>\n<p><b>\u00cdndice Flam\u00edgero<\/b>: Este \u00faltimo fin de semana, en un sobrevuelo por las \u00e1reas inundadas de Tabasco, L\u00f3pez Obrador explic\u00f3 que la zona baja de la entidad se perjudic\u00f3 por las inundaciones, pero que ya reciben ayuda. \u201cTuvimos que optar entre inconvenientes: no inundar Villahermosa y (que) el agua saliera por las zonas bajas. Desde luego se perjudic\u00f3 a los m\u00e1s pobres, pero ten\u00edamos que tomar una decisi\u00f3n\u201d, explic\u00f3.<\/p>\n<p><em><u><a href=\"http:\/\/www.indicepolitico.com\" target=\"_blank\" rel=\"noopener noreferrer\">www.indicepolitico.com<\/a><\/u><u><br \/>\n<\/u><a href=\"mailto:indicepolitico@gmail.com\" target=\"_blank\" rel=\"noopener noreferrer\">indicepolitico@gmail.com<\/a><\/em><br \/>\n<em><a href=\"https:\/\/twitter.com\/indicepolitico?lang=es\" target=\"_blank\" rel=\"noopener noreferrer\">@IndicePolitico<\/a><\/em><br \/>\n<em><u><a href=\"https:\/\/twitter.com\/pacorodriguez\" target=\"_blank\" rel=\"noopener noreferrer\">@pacorodriguez<\/a><\/u><\/em><\/p>\n","protected":false},"excerpt":{"rendered":"<p><span style=\"color: #005497;\"><strong>Francisco Rodr\u00edguez<\/strong><\/span><br \/>\n<br \/>\nVerdad de Perogrullo: La inestabilidad emocional es casi emblem\u00e1tica en los pacientes afectados por el s\u00edndrome llamado borderline. Los acosan la depresi\u00f3n, la compulsi\u00f3n y la ansiedad a todas horas. No tienen un humor b\u00e1sico, no pueden controlarse porque son hiperactivos, incontenibles, pesimistas, alegres a ratos, c\u00ednicos y deprimidos, con una sola condici\u00f3n neurol\u00f3gica: que sea todo eso, pero al mismo tiempo.<\/p>\n","protected":false},"author":1,"featured_media":0,"comment_status":"open","ping_status":"open","sticky":false,"template":"","format":"standard","meta":{"_monsterinsights_skip_tracking":false,"_monsterinsights_sitenote_active":false,"_monsterinsights_sitenote_note":"","_monsterinsights_sitenote_category":0,"footnotes":""},"categories":[549],"tags":[],"class_list":["post-486789","post","type-post","status-publish","format-standard","hentry","category-francisco-rodriguez"],"_links":{"self":[{"href":"https:\/\/www.diarioimagen.net\/index.php?rest_route=\/wp\/v2\/posts\/486789","targetHints":{"allow":["GET"]}}],"collection":[{"href":"https:\/\/www.diarioimagen.net\/index.php?rest_route=\/wp\/v2\/posts"}],"about":[{"href":"https:\/\/www.diarioimagen.net\/index.php?rest_route=\/wp\/v2\/types\/post"}],"author":[{"embeddable":true,"href":"https:\/\/www.diarioimagen.net\/index.php?rest_route=\/wp\/v2\/users\/1"}],"replies":[{"embeddable":true,"href":"https:\/\/www.diarioimagen.net\/index.php?rest_route=%2Fwp%2Fv2%2Fcomments&post=486789"}],"version-history":[{"count":0,"href":"https:\/\/www.diarioimagen.net\/index.php?rest_route=\/wp\/v2\/posts\/486789\/revisions"}],"wp:attachment":[{"href":"https:\/\/www.diarioimagen.net\/index.php?rest_route=%2Fwp%2Fv2%2Fmedia&parent=486789"}],"wp:term":[{"taxonomy":"category","embeddable":true,"href":"https:\/\/www.diarioimagen.net\/index.php?rest_route=%2Fwp%2Fv2%2Fcategories&post=486789"},{"taxonomy":"post_tag","embeddable":true,"href":"https:\/\/www.diarioimagen.net\/index.php?rest_route=%2Fwp%2Fv2%2Ftags&post=486789"}],"curies":[{"name":"wp","href":"https:\/\/api.w.org\/{rel}","templated":true}]}}