{"id":486790,"date":"2020-11-17T00:08:36","date_gmt":"2020-11-17T06:08:36","guid":{"rendered":"https:\/\/www.diarioimagen.net\/?p=486790"},"modified":"2020-11-17T10:23:14","modified_gmt":"2020-11-17T16:23:14","slug":"un-destello-de-naturaleza-ante-el-crecimiento","status":"publish","type":"post","link":"https:\/\/www.diarioimagen.net\/?p=486790","title":{"rendered":"Un destello de naturaleza ante el crecimiento"},"content":{"rendered":"<h2>Detr\u00e1s del Poder<\/h2>\n<h5>Jos\u00e9 Antonio L\u00f3pez Sosa<\/h5>\n<p>&nbsp;<\/p>\n<p><strong>Playa del Carmen, Quintana Roo.<\/strong>&#8211; Desde hace a\u00f1os hab\u00eda escuchado sobre el parque denominado R\u00edo Secreto, si bien su tama\u00f1o no es tan grande como los que pertenecen a Experiencias Xcaret, ha mantenido un posicionamiento importante en el com\u00fan denominador de los viajeros a esta regi\u00f3n de Quintana Roo.<\/p>\n<p>Ayer tuve la oportunidad de descubrirlo y me pareci\u00f3 una maravilla, en primer t\u00e9rmino porque tiene una extensa zona selv\u00e1tica protegida, donde se ha garantizado que no habr\u00e1n construcciones y as\u00ed, se preserva la vida y el ecosistema de diversas especies amenazadas por el vertiginoso crecimiento tur\u00edstico de la zona, desde aves hasta reptiles, pasando por mam\u00edferos y por supuesto, insectos que dan vida a este verde ecosistema.<\/p>\n<p>Por otro lado, el sistema de r\u00edos subterr\u00e1neos que tienen dispuesto para que los visitantes entren, es s\u00f3lo un peque\u00f1o porcentaje de lo que se ha descubierto y estudiado por espele\u00f3logos, buzos, bi\u00f3logos y arque\u00f3logos, que han encontrado y documentado parte de la historia de la pen\u00ednsula de Yucat\u00e1n e incluso del mundo maya en esta regi\u00f3n.<\/p>\n<p>Los r\u00edos subterr\u00e1neos con acceso guiado no tienen modificaciones, tales como iluminaci\u00f3n o brechas construidas para facilitar el tr\u00e1nsito de los visitantes o del agua misma, cada visitante lleva un casco con luz \u2014lo mismo que el gu\u00eda\u2014 y en todo momento se exhorta a no tocar estalactitas o estalagmitas, hay un cuidado estricto para no modificar las profundidades de las cavernas, \u00e9sas que los mayas llamaban el Xibalb\u00e1.<\/p>\n<p>Se trata de un destello de naturaleza por dentro y por fuera en un mundo globalizado, donde la infraestructura tur\u00edstica, habitacional y comercial no ha dado tregua a escenarios naturales, sobre todo en destinos tan rentables como Canc\u00fan o Playa del Carmen. La iniciativa de R\u00edo Secreto me parece muy ambiciosa y al mismo tiempo tangible porque a lo largo de los a\u00f1os, no ha da\u00f1ado los sistemas de cavernas ni los r\u00edos subterr\u00e1neos, m\u00e1s bien, se han adecuado gu\u00edas y empresa a hacer recorridos donde se puede, evitando al m\u00e1ximo la afectaci\u00f3n a la naturaleza.<\/p>\n<p>Nos toc\u00f3 un gu\u00eda muy destacado, Luis Felipe, originario de Tuxtla Guti\u00e9rrez, Chiapas, quien con toda paciencia resolvi\u00f3 todas nuestras dudas, nos explic\u00f3 por completo la historia del sitio, c\u00f3mo se descubri\u00f3 y sobre todo, c\u00f3mo est\u00e1n ahora buscando crecer con responsabilidad privilegiando la protecci\u00f3n ecol\u00f3gica dentro y fuera de las cavernas.<\/p>\n<p>De esos ejemplos virtuosos donde la naturaleza s\u00ed puede combinarse con el turismo sin que uno salga da\u00f1ado.<\/p>\n<p><em><a href=\"http:\/\/www.lopezsosa.com\" target=\"_blank\" rel=\"noopener noreferrer\">www.lopezsosa.com<\/a><\/em><br \/>\n<em><a href=\"mailto:joseantonio@lopezsosa.com\" target=\"_blank\" rel=\"noopener noreferrer\">joseantonio@lopezsosa.com<\/a><\/em><br \/>\n<em><a href=\"http:\/\/twitter.com\/joseantonio1977\" target=\"_blank\" rel=\"noopener noreferrer\">@joseantonio1977<\/a><\/em><\/p>\n","protected":false},"excerpt":{"rendered":"<p><span style=\"color: #005497;\"><strong>Jos\u00e9 Antonio L\u00f3pez Sosa<\/strong><\/span><\/p>\n","protected":false},"author":3,"featured_media":0,"comment_status":"open","ping_status":"open","sticky":false,"template":"","format":"standard","meta":{"_monsterinsights_skip_tracking":false,"_monsterinsights_sitenote_active":false,"_monsterinsights_sitenote_note":"","_monsterinsights_sitenote_category":0,"footnotes":""},"categories":[637],"tags":[638,43690,43674],"class_list":["post-486790","post","type-post","status-publish","format-standard","hentry","category-jose-antonio-lopez-sosa","tag-detras-del-poder","tag-jose-antonio-lopez-sosa","tag-opinion"],"_links":{"self":[{"href":"https:\/\/www.diarioimagen.net\/index.php?rest_route=\/wp\/v2\/posts\/486790","targetHints":{"allow":["GET"]}}],"collection":[{"href":"https:\/\/www.diarioimagen.net\/index.php?rest_route=\/wp\/v2\/posts"}],"about":[{"href":"https:\/\/www.diarioimagen.net\/index.php?rest_route=\/wp\/v2\/types\/post"}],"author":[{"embeddable":true,"href":"https:\/\/www.diarioimagen.net\/index.php?rest_route=\/wp\/v2\/users\/3"}],"replies":[{"embeddable":true,"href":"https:\/\/www.diarioimagen.net\/index.php?rest_route=%2Fwp%2Fv2%2Fcomments&post=486790"}],"version-history":[{"count":0,"href":"https:\/\/www.diarioimagen.net\/index.php?rest_route=\/wp\/v2\/posts\/486790\/revisions"}],"wp:attachment":[{"href":"https:\/\/www.diarioimagen.net\/index.php?rest_route=%2Fwp%2Fv2%2Fmedia&parent=486790"}],"wp:term":[{"taxonomy":"category","embeddable":true,"href":"https:\/\/www.diarioimagen.net\/index.php?rest_route=%2Fwp%2Fv2%2Fcategories&post=486790"},{"taxonomy":"post_tag","embeddable":true,"href":"https:\/\/www.diarioimagen.net\/index.php?rest_route=%2Fwp%2Fv2%2Ftags&post=486790"}],"curies":[{"name":"wp","href":"https:\/\/api.w.org\/{rel}","templated":true}]}}