{"id":486804,"date":"2020-11-17T00:02:33","date_gmt":"2020-11-17T06:02:33","guid":{"rendered":"https:\/\/www.diarioimagen.net\/?p=486804"},"modified":"2020-11-17T10:09:50","modified_gmt":"2020-11-17T16:09:50","slug":"ahora-resulta-que-el-presidente-no-se-puede-mojar","status":"publish","type":"post","link":"https:\/\/www.diarioimagen.net\/?p=486804","title":{"rendered":"Ahora resulta que el Presidente no se puede mojar"},"content":{"rendered":"<h2>La Retaguardia<\/h2>\n<h5>Adriana Moreno Cordero<\/h5>\n<p>&nbsp;<\/p>\n<ul>\n<li><strong><em>Con \u201ccoraz\u00f3n y convicciones\u201d no se puede resolver inundaci\u00f3n en Tabasco<\/em><\/strong><\/li>\n<\/ul>\n<p>Cuando empezaba la pandemia de Covid-19 no se puede olvidar la forma en que el presidente <strong>Andr\u00e9s Manuel L\u00f3pez Obrador<\/strong>convocaba a la gente a la gente a salir de sus casas, a comer a los restaurantes, en suma, a convivir y hasta abrazarse porque no pasaba nada, en una actitud en la que era evidente su negaci\u00f3n a la contingencia sanitaria y sobre todo, a los lacerantes efectos econ\u00f3micos que ha dejado tras de s\u00ed, sin embargo, meses despu\u00e9s, ahora resulta que cuando Tabasco y Chiapas est\u00e1n inundadas por evidentes errores de su gobierno, entonces el inquilino de Palacio Nacional se tiene que cuidar y anuncia que no se moj\u00f3 solo para sacarse la foto, pues \u00e9l no es fif\u00ed, \u201cpues no me puedo mojar nada m\u00e1s por la foto, estoy haciendo lo que corresponde para ayudar\u00bb y avisa que se tiene que cuidar para que no le de el coronavirus.<\/p>\n<p>Eso s\u00ed, dijo que cuando era m\u00e1s joven y se desempe\u00f1aba como funcionario del Instituto Nacional Indigenista y era priista, entonces s\u00ed era capaz de sortear el peligro con el agua hasta el pecho. Una pregunta dej\u00f3 al aire el Presidente y ser\u00eda muy interesante tener una respuesta lo m\u00e1s pronto posible \u201cy si me enfermo, \u00bfqu\u00e9 se gana?\u201d. Puede que se ganar\u00eda m\u00e1s de lo que se pierde, \u00bfo no? Adem\u00e1s procur\u00f3 -seg\u00fan \u00e9l-, dejar muy en claro que a dos a\u00f1os de iniciado su gobierno, no est\u00e1 cansado, pues su figura nos revela todo lo contrario.<\/p>\n<p>\u00bfAcaso no recordar\u00e1 el Presidente todas las veces que se ha puesto en riesgo de contagiarse? Ha estado cerca de gobernadores y miembros de su gabinete que han resultado contagiados; por citar un ejemplo, ah\u00ed est\u00e1 el del secretario de Marina, <strong>Jos\u00e9 Rafael Ojeda<\/strong>. Tampoco se puede olvidar la resistencia que ha mostrado el tabasque\u00f1o por utilizar el cubrebocas y adoptar otro tipo de medidas preventivas en una acci\u00f3n muy semejante a la del a\u00fan presidente de Estados Unidos, <strong>Donald Trump<\/strong>.<\/p>\n<p>Frente a sus paisanos, L\u00f3pez Obrador se mostr\u00f3 muy delicadito, pero sin duda, lo que llam\u00f3 poderosamente la atenci\u00f3n, es lo que confes\u00f3 durante su gustad\u00edsima conferencia de prensa ma\u00f1anera, cuando reconoci\u00f3 que se vio en la imperiosa necesidad de inundar los municipios m\u00e1s pobres de Tabasco como Nacajuca, Centla y Jalpa para rescatar a Villahermosa, al desfogar la presa Pe\u00f1itas, \u201cinconvenientes que me duelen mucho\u201d, dijo el Presidente y entonces, \u00bfpor qu\u00e9 no se evacu\u00f3 primero a la poblaci\u00f3n afectada, por ejemplo?, y \u00bfpor qu\u00e9 los apoyos no han llegado a los que tanto dice querer? Lo cierto es que el tabasque\u00f1o no ha hecho nada por ayudar a sus paisanos, menos lo har\u00e1 con los chiapanecos y con solo palabras, \u201ccoraz\u00f3n y convicciones\u201d, no se puede resolver nada.<\/p>\n<p>Si algo hay que reconocerle al inquilino de Palacio Nacional es que acept\u00f3 su incompetencia, por eso, resulta dif\u00edcil de creer que sus paisanos le sigan otorgando un buen \u00edndice de aceptaci\u00f3n; los testimonios dicen todo lo contrario y ello, -como muchas veces se ha consignado en este espacio-, se podr\u00e1 comprobar en las ya pr\u00f3ximas elecciones de 2021. En ese momento \u00bfqu\u00e9 resultados le entregar\u00e1 el nuevo dirigente de Morena, <strong>Mario Delgado<\/strong>?<\/p>\n<p>Por cierto, luego de los ataques que profiri\u00f3 el presidente a la Feria Internacional del Libro de Guadalajara que para quien sepa leer entrel\u00edneas, tambi\u00e9n iban dirigidos al gobernador del estado, <strong>Enrique Alfaro<\/strong>, los mandatarios estatales pertenecientes a la Alianza Federalista, cuestionaron al tabasque\u00f1o sobre un asunto que no es la primera vez que es causa de se\u00f1alamiento: el por qu\u00e9 destina todos los recursos en sus \u201celefantes blancos reum\u00e1ticos\u201d sobre todo en \u00e9poca de pandemia.<\/p>\n<p>As\u00ed, v\u00eda las \u201cbenditas redes\u201d, los gobernadores federalistas cuestionaron: \u201cLa disminuci\u00f3n en el presupuesto de los estados de la #AF es aproximadamente lo equivalente a la inversi\u00f3n de un a\u00f1o del Tren Maya\u201d y agregaron:\u00bb\u00bfSer\u00e1 m\u00e1s importante invertir en el arranque de una obra fara\u00f3nica que en la conclusi\u00f3n de proyectos prioritarios de diez estados que m\u00e1s aportan?\u00bb. Desafortunada respuesta: para L\u00f3pez Obrador, s\u00ed. Finalmente, los federalistas le recordaron que los estados que gobiernan los federalistas, son las 10 entidades que m\u00e1s aportan al PIB.<\/p>\n<p style=\"text-align: center;\"><strong>Municiones<\/strong><\/p>\n<p>*** El presidente de la Junta de Coordinaci\u00f3n Pol\u00edtica del Senado de la Rep\u00fablica, <strong>Ricardo Monreal Avila<\/strong>, anunci\u00f3 los temas que se discutir\u00e1n en esa instancia legislativa. Dentro de los asuntos programados para las sesiones del mi\u00e9rcoles 18 y jueves 19 de noviembre se encuentran, entre otros, la discusi\u00f3n sobre la regulaci\u00f3n integral del cannabis.\u00a0\u00a0De ser aprobada esta nueva regulaci\u00f3n, M\u00e9xico se colocar\u00e1 a la vanguardia al ser de los pocos pa\u00edses donde se est\u00e1 generando la condici\u00f3n necesaria para las reglas claras en el mercado de cannabis; alej\u00e1ndose de la estigmatizaci\u00f3n y la criminalizaci\u00f3n de su consumo. Pero tambi\u00e9n, al crear las bases de un mercado con un enorme potencial.\u00a0Tambi\u00e9n esta semana se discutir\u00e1 la reforma constitucional para eliminar el fuero constitucional al Presidente de la Rep\u00fablica. Esta iniciativa nace del reclamo popular por acabar con la impunidad y los privilegios de la alta burocracia y, gracias a la voluntad pol\u00edtica del Presidente L\u00f3pez Obrador, ha enviado una iniciativa para terminar con estos abusos y que el Presidente de la Rep\u00fablica pueda ser sometido a proceso en cualquier momento, incluso durante su encargo.\u00a0 \u00bfSer\u00e1?<\/p>\n<p>*** La senadora panista <strong>Kenia L\u00f3pez Rabad\u00e1n<\/strong>anunci\u00f3 que presentar\u00e1 ante la Fiscal\u00eda General de la Rep\u00fablica (FGR) una denuncia legal en contra del presidente L\u00f3pez Obrador por el delito de ejercicio il\u00edcito del servicio p\u00fablico. Adem\u00e1s de ejercicio il\u00edcito, \u00e9ste parece ser un asunto de incapacidad e ineptitud. Cuesti\u00f3n de recordar que el Ejecutivo no ha entregado los resultados de los ex\u00e1menes m\u00e9dicos que certifiquen que goza de cabal salud f\u00edsica y mental.<\/p>\n<p>*** La jefa de Gobierno de la Ciudad de M\u00e9xico, <strong>Claudia Sheinbaum<\/strong>, por en\u00e9sima ocasi\u00f3n \u201cdescubri\u00f3 el hilo negro\u201d, al decir por videoconferencia que gracias a las fiestas privadas y familiares, el virus de Covid-19 se ha propagado m\u00e1s. El fin de semana, como se recordar\u00e1, mucho se coment\u00f3 que la CDMX podr\u00eda transitar de naranja a rojo debido al repunte del coronavirus, pero como pudieron, las autoridades de la capital de la Rep\u00fablica pudieron capotear la situaci\u00f3n. No obstante, se volvieron a cerrar los bares y se redujo el servicio en los restaurantes. El malestar entre los empresarios de ese sector se ha dejado sentir y ese puede ser un problema para la jefa de Gobierno.<\/p>\n<p><u><a href=\"mailto:morcora@gmail.com\" target=\"_blank\" rel=\"noopener noreferrer\"><em>morcora@gmail.com<\/em><\/a><\/u><\/p>\n","protected":false},"excerpt":{"rendered":"<p><span style=\"color: #005497;\"><strong>Adriana Moreno Cordero<\/strong><\/span><\/p>\n","protected":false},"author":1,"featured_media":0,"comment_status":"open","ping_status":"open","sticky":false,"template":"","format":"standard","meta":{"_monsterinsights_skip_tracking":false,"_monsterinsights_sitenote_active":false,"_monsterinsights_sitenote_note":"","_monsterinsights_sitenote_category":0,"footnotes":""},"categories":[69370],"tags":[69369,69368,43674],"class_list":["post-486804","post","type-post","status-publish","format-standard","hentry","category-adriana-moreno-cordero","tag-adriana-moreno-cordero","tag-la-retaguardia","tag-opinion"],"_links":{"self":[{"href":"https:\/\/www.diarioimagen.net\/index.php?rest_route=\/wp\/v2\/posts\/486804","targetHints":{"allow":["GET"]}}],"collection":[{"href":"https:\/\/www.diarioimagen.net\/index.php?rest_route=\/wp\/v2\/posts"}],"about":[{"href":"https:\/\/www.diarioimagen.net\/index.php?rest_route=\/wp\/v2\/types\/post"}],"author":[{"embeddable":true,"href":"https:\/\/www.diarioimagen.net\/index.php?rest_route=\/wp\/v2\/users\/1"}],"replies":[{"embeddable":true,"href":"https:\/\/www.diarioimagen.net\/index.php?rest_route=%2Fwp%2Fv2%2Fcomments&post=486804"}],"version-history":[{"count":0,"href":"https:\/\/www.diarioimagen.net\/index.php?rest_route=\/wp\/v2\/posts\/486804\/revisions"}],"wp:attachment":[{"href":"https:\/\/www.diarioimagen.net\/index.php?rest_route=%2Fwp%2Fv2%2Fmedia&parent=486804"}],"wp:term":[{"taxonomy":"category","embeddable":true,"href":"https:\/\/www.diarioimagen.net\/index.php?rest_route=%2Fwp%2Fv2%2Fcategories&post=486804"},{"taxonomy":"post_tag","embeddable":true,"href":"https:\/\/www.diarioimagen.net\/index.php?rest_route=%2Fwp%2Fv2%2Ftags&post=486804"}],"curies":[{"name":"wp","href":"https:\/\/api.w.org\/{rel}","templated":true}]}}