{"id":486887,"date":"2020-11-18T00:01:00","date_gmt":"2020-11-18T06:01:00","guid":{"rendered":"https:\/\/www.diarioimagen.net\/?p=486887"},"modified":"2020-11-18T02:15:55","modified_gmt":"2020-11-18T08:15:55","slug":"la-cumbre-global-del-consejo-mundial-de-viajes-y-turismo-se-realizara-del-23-al-25-de-marzo-de-2021","status":"publish","type":"post","link":"https:\/\/www.diarioimagen.net\/?p=486887","title":{"rendered":"La Cumbre Global del Consejo Mundial de Viajes y Turismo se realizar\u00e1 del 23 al 25 de marzo de 2021"},"content":{"rendered":"<h2>De cinco estrellas<\/h2>\n<h5>Victoria Gonz\u00e1lez Prado<\/h5>\n<p>&nbsp;<\/p>\n<ul>\n<li><strong><em>La temporada de esqu\u00ed en Jackson Hole Mountain inicia el pr\u00f3ximo 26 de noviembre y concluye el 11 de abril de 2021<\/em><br \/>\n<\/strong><\/li>\n<\/ul>\n<h3><\/h3>\n<div id=\"attachment_486966\" style=\"width: 470px\" class=\"wp-caption aligncenter\"><a href=\"https:\/\/www.diarioimagen.net\/?attachment_id=486966\" rel=\"attachment wp-att-486966\"><img loading=\"lazy\" decoding=\"async\" aria-describedby=\"caption-attachment-486966\" class=\"size-full wp-image-486966\" src=\"https:\/\/www.diarioimagen.net\/wp-content\/uploads\/2020\/11\/turismo-7.jpg\" alt=\"\" width=\"460\" height=\"237\" \/><\/a><p id=\"caption-attachment-486966\" class=\"wp-caption-text\">Gloria Guevara, Carlos Joaqu\u00edn Gonz\u00e1lez y Jos\u00e9 Chapur.<\/p><\/div>\n<h3><\/h3>\n<h3><\/h3>\n<p>La Cumbre Global del Consejo Mundial de Viajes y Turismo (WTTC por sus siglas en ingl\u00e9s), en su vig\u00e9sima edici\u00f3n, se realizar\u00eda en Canc\u00fan del 21 al 24 de abril pasado. Ante la expansi\u00f3n de Covid-19 se cambi\u00f3 la fecha para el mes de octubre tambi\u00e9n de este 2020, sin embargo, ante el incremento de casos y el rebrote en algunos pa\u00edses la Cumbre volvi\u00f3 a cambiar de fecha y ahora tendr\u00e1 lugar del 23 al 25 de marzo de 2021.<\/p>\n<p>As\u00ed lo dieron a conocer, en conferencia de prensa virtual, <strong>Gloria Guevara Manzo<\/strong>, presidenta y CEO del WTTC; el gobernador de Quintana Roo, <strong>Carlos Joaqu\u00edn Gonz\u00e1lez, <\/strong>y<strong> Jos\u00e9 Chapur<\/strong>, presidente de Grupo <em>Palace Resorts. <\/em><\/p>\n<p>\u201cSer\u00e1 la primera gran conferencia internacional que buscar\u00e1 establecer consenso sobre la coordinaci\u00f3n internacional para enfrentar esta pandemia y cualquier otra crisis, en asociaci\u00f3n p\u00fablico-privada, y restaurar la confianza para viajar con seguridad\u201d, coincidieron en se\u00f1alar.<\/p>\n<p>La presidenta del WTTC dijo: \u201dmostraremos al mundo c\u00f3mo las conferencias importantes se pueden llevar a cabo de forma segura en la nueva normalidad. M\u00e9xico y Canc\u00fan ser\u00e1n un ejemplo a nivel mundial\u201d. Adem\u00e1s, indic\u00f3 que ser\u00e1 evento h\u00edbrido (presencial y virtual) con sesiones al aire libre para asegurar el distanciamiento social, aplicando los m\u00e1s estrictos protocolos de higiene y seguridad para garantizar la salud de los participantes.<\/p>\n<p><strong>Guevara Manzo<\/strong> indic\u00f3 que la Cumbre marcar\u00e1 hecho hist\u00f3rico, ya que el WTTC presentar\u00e1 cuatro iniciativas: contra la trata de personas. Apoyo a las mujeres (estudiantes que inician su vida laboral, empleadas de corporaciones para asegurar igualdad de oportunidades y due\u00f1as de Pymes, con accesos a cr\u00e9ditos y capacitaci\u00f3n. Sustentabilidad y la agenda digital.<\/p>\n<p>Por \u00faltimo, la presidenta del WTTC asegur\u00f3 que el formato h\u00edbrido incluir\u00e1 entre 900 mil participantes de forma presencial y calcula que ser\u00e1n m\u00e1s de 20 mil registros de forma virtual.<\/p>\n<p>En su oportunidad, <strong>Carlos Joaqu\u00edn Gonz\u00e1lez<\/strong> dijo: \u201cCanc\u00fan ser\u00e1 el lugar donde se hablar\u00e1 y debatir\u00e1 sobre las nuevas formas de hacer turismo en esta nueva forma de vida que hoy tenemos. Hemos reforzado nuestros protocolos de seguridad, h\u00e1bitos y costumbres como: la obligaci\u00f3n de portar cubrebocas, mantener sana distancia, lavado de manos y uso de gel antibacterial, adem\u00e1s de pruebas r\u00e1pidas que nos permitan estar en condiciones de recibir grandes eventos c\u00f3mo la Cumbre Mundial del WTTC y hoy estar realizando m\u00e1s de 300 operaciones al d\u00eda en el Aeropuerto Internacional de Canc\u00fan\u201d.<\/p>\n<p>Por su parte, <strong>Jos\u00e9 Chapur<\/strong> agradeci\u00f3 la confianza del WTTC y del gobierno del estado para realizar la Cumbre en <em>Moon Palace<\/em>, instalaciones que cuentan, dijo, con el sello <em>Safe Travels Stamp<\/em> y los m\u00e1s altos est\u00e1ndares de higiene y seguridad.<\/p>\n<p>La vig\u00e9sima edici\u00f3n de la Cumbre Global del Consejo Mundial de Viajes y Turismo es el evento m\u00e1s importante del sector tur\u00edstico a nivel global y por primera vez llega a M\u00e9xico y particularmente a Canc\u00fan, lo que proyectar\u00e1 al Caribe mexicano como destino seguro ante el mundo.<\/p>\n<p>\u2730\u2730\u2730\u2730\u2730<strong> Tyler LaMotte<\/strong>, jefe de marca<em>;<\/em> <strong>Julie Carder<\/strong>, directora internacional de Ventas; <strong>Chantal Cabrera<\/strong>, gerente de ventas y mercadotecnia, y <strong>Kent Elliot,<\/strong> director de ventas globales y C\u00e1mara de Comercio, todos ellos de <em>Jackson Hole Mointain Resort, <\/em>anunciaron, en conferencia de prensa virtual, que la temporada de esqu\u00ed inicia el pr\u00f3ximo 26 de noviembre y concluye el 11 de abril de 2021.<\/p>\n<p>Durante la reuni\u00f3n, los anfitriones coincidieron en se\u00f1alar que debido a la Covid-19 se implementaron nuevos protocolos de seguridad en los <em>Tetons<\/em> para que los visitantes, en especial los mexicanos, disfruten de la nieve.<\/p>\n<p>Al respecto <strong>LaMotte<\/strong>, explic\u00f3 que \u201cno solicitar\u00e1n requisitos especiales para la entrada a Jackson Hole como pruebas negativas PCR de Covid-19. Esperamos a los mexicanos que quieran esquiar en el resort disfruten de la nieve con total seguridad y destac\u00f3 que mantendr\u00e1n estrecha cercan\u00eda y comunicaci\u00f3n para que los agentes de viajes y visitantes est\u00e9n debidamente informados sobre las medidas a seguir.<\/p>\n<p>De igual forma, destac\u00f3 que la capacidad de la monta\u00f1a \u201cpuede ajustarse para mantener a los hu\u00e9spedes seguros de acuerdo a las necesidades y manteniendo como prioridad la salud y seguridad de colaboradores y viajeros. Los amantes del esqu\u00ed y el <em>snowboard<\/em> podr\u00e1n disfrutar momentos seguros, saludables e inolvidables en los <em>Tetons<\/em>\u201d.<\/p>\n<p>Cabe destacar que la frontera a\u00e9rea entre M\u00e9xico y Estados Unidos para los turistas no est\u00e1 cerrada por lo que, quienes deseen visitar el destino podr\u00e1n hacerlo sin aglomeraciones y adecuarse a las condiciones actuales, por ello solicitan a los viajeros reservar oportunamente.<\/p>\n<p>Por su parte, <strong>Julie Clader<\/strong>, se\u00f1al\u00f3 que <em>Jackson Hole Mountain Resort,<\/em> ubicado en Teton Village, Wyoming, es destino ic\u00f3nico, cuenta con 13 pistas, la mejor nieve en polvo y pistas ideales para principiantes, intermedios y expertos. Adem\u00e1s, dijo \u201clos c\u00e9lebres parques nacionales de Grand Teton y Yellowstone, que operan en el bosque nacional de <em>Bridger-Teton<\/em>, hacen que sea destino mundial excepcional. Adem\u00e1s, mantenemos el compromiso de vivir de acuerdo con nuestros valores reduciendo el impacto ambiental utilizando 100 por ciento energ\u00eda verde\u201d.<\/p>\n<p><strong>Chantal Cabrera<\/strong>, se refiri\u00f3 a alguno de los protocolos a seguir como uso de cubrebocas en todas las instalaciones interiores e incluso al subir y bajar de telef\u00e9ricos, g\u00f3ndolas, tranv\u00eda, al interior de los complejos, en las tiendas, restaurantes, cuando no est\u00e9n sentados, en servicios de atenci\u00f3n a hu\u00e9spedes, venta de boletos, oficinas administrativas y en los ba\u00f1os.<\/p>\n<p>Por \u00faltimo, <strong>Kent Elliot<\/strong> record\u00f3 que la vida salvaje del destino es otro de los importantes atractivos pues los visitantes pueden apreciar, a distancia, especies animales que no ven en otros momentos.<\/p>\n<p>&nbsp;<\/p>\n<blockquote>\n<p style=\"text-align: right;\">\u201c<strong>El<\/strong> <strong>\u00e1ngel de la fama tiene sus alas hechas de papel&#8230; peri\u00f3dico\u201d.<br \/>\n<\/strong><\/p>\n<\/blockquote>\n<p>&nbsp;<\/p>\n<p><em><span class=\"Apple-converted-space\"><a href=\"mailto:victoriagprado@gmail.com\" target=\"_blank\" rel=\"noopener noreferrer\">victoriagprado@gmail.com<\/a><br \/>\nTwitter: <a href=\"https:\/\/twitter.com\/victoriagprado\" target=\"_blank\" rel=\"noopener noreferrer\">@victoriagprado<\/a><\/span><\/em><\/p>\n","protected":false},"excerpt":{"rendered":"<p>La Cumbre Global del Consejo Mundial de Viajes y Turismo (WTTC por sus siglas en ingl\u00e9s), en su vig\u00e9sima edici\u00f3n, se realizar\u00eda en Canc\u00fan del 21 al 24 de abril pasado. Ante la expansi\u00f3n de Covid-19 se cambi\u00f3 la fecha para el mes de octubre tambi\u00e9n de este 2020, sin embargo, ante el incremento de casos y el rebrote en algunos pa\u00edses la Cumbre volvi\u00f3 a cambiar de fecha y ahora tendr\u00e1 lugar del 23 al 25 de marzo de 2021.<\/p>\n","protected":false},"author":3,"featured_media":486966,"comment_status":"open","ping_status":"open","sticky":false,"template":"","format":"standard","meta":{"_monsterinsights_skip_tracking":false,"_monsterinsights_sitenote_active":false,"_monsterinsights_sitenote_note":"","_monsterinsights_sitenote_category":0,"footnotes":""},"categories":[11],"tags":[107,43674,106],"class_list":["post-486887","post","type-post","status-publish","format-standard","has-post-thumbnail","hentry","category-turismo","tag-de-cinco-estrellas","tag-opinion","tag-victoria-gonzalez-prado"],"_links":{"self":[{"href":"https:\/\/www.diarioimagen.net\/index.php?rest_route=\/wp\/v2\/posts\/486887","targetHints":{"allow":["GET"]}}],"collection":[{"href":"https:\/\/www.diarioimagen.net\/index.php?rest_route=\/wp\/v2\/posts"}],"about":[{"href":"https:\/\/www.diarioimagen.net\/index.php?rest_route=\/wp\/v2\/types\/post"}],"author":[{"embeddable":true,"href":"https:\/\/www.diarioimagen.net\/index.php?rest_route=\/wp\/v2\/users\/3"}],"replies":[{"embeddable":true,"href":"https:\/\/www.diarioimagen.net\/index.php?rest_route=%2Fwp%2Fv2%2Fcomments&post=486887"}],"version-history":[{"count":0,"href":"https:\/\/www.diarioimagen.net\/index.php?rest_route=\/wp\/v2\/posts\/486887\/revisions"}],"wp:featuredmedia":[{"embeddable":true,"href":"https:\/\/www.diarioimagen.net\/index.php?rest_route=\/wp\/v2\/media\/486966"}],"wp:attachment":[{"href":"https:\/\/www.diarioimagen.net\/index.php?rest_route=%2Fwp%2Fv2%2Fmedia&parent=486887"}],"wp:term":[{"taxonomy":"category","embeddable":true,"href":"https:\/\/www.diarioimagen.net\/index.php?rest_route=%2Fwp%2Fv2%2Fcategories&post=486887"},{"taxonomy":"post_tag","embeddable":true,"href":"https:\/\/www.diarioimagen.net\/index.php?rest_route=%2Fwp%2Fv2%2Ftags&post=486887"}],"curies":[{"name":"wp","href":"https:\/\/api.w.org\/{rel}","templated":true}]}}