{"id":487003,"date":"2020-11-19T00:04:56","date_gmt":"2020-11-19T06:04:56","guid":{"rendered":"https:\/\/www.diarioimagen.net\/?p=487003"},"modified":"2020-11-18T23:36:04","modified_gmt":"2020-11-19T05:36:04","slug":"naucalpan-prioriza-seguridad-a-ciudadanos-con-operativos-de-vigilancia-durante-buen-fin","status":"publish","type":"post","link":"https:\/\/www.diarioimagen.net\/?p=487003","title":{"rendered":"Naucalpan prioriza seguridad a ciudadanos con operativos de vigilancia durante Buen Fin"},"content":{"rendered":"<p>&nbsp;<\/p>\n<ul>\n<li><em><b>Supervisi\u00f3n de medidas en las 29 plazas comerciales<\/b><\/em><\/li>\n<\/ul>\n<p>&nbsp;<\/p>\n<div id=\"attachment_487004\" style=\"width: 470px\" class=\"wp-caption aligncenter\"><img loading=\"lazy\" decoding=\"async\" aria-describedby=\"caption-attachment-487004\" class=\"size-full wp-image-487004\" src=\"https:\/\/www.diarioimagen.net\/wp-content\/uploads\/2020\/11\/CAMACHO19-aPOR.jpg\" alt=\"\" width=\"460\" height=\"270\" \/><p id=\"caption-attachment-487004\" class=\"wp-caption-text\">El gobierno despleg\u00f3 operativos de vigilancia y supervisi\u00f3n de medidas sanitarias en las 29 plazas comerciales ubicadas en el territorio municipal.<\/p><\/div>\n<p>&nbsp;<\/p>\n<p><strong>Naucalpan, Estado de M\u00e9xico<\/strong>.- Para brindar seguridad a las y los naucalpenses durante el Buen Fin, el gobierno despleg\u00f3 operativos de vigilancia y supervisi\u00f3n de medidas sanitarias en las 29 plazas comerciales ubicadas en el territorio municipal.<\/p>\n<p>El Director General de Seguridad Ciudadana y Tr\u00e1nsito Municipal, L\u00e1zaro Gayt\u00e1n Aguirre, inform\u00f3 que el operativo se llevar\u00e1 a cabo del viernes 13 al s\u00e1bado 21 de noviembre, en un horario de 7:00 a 22:00 horas, y participar\u00e1n alrededor de 500 funcionarios de todas distintas dependencias.<\/p>\n<p>\u201cEstamos buscando dar seguridad no solo en los puntos de venta, sino en su entorno, ya sea en los estacionamientos o en las calles aleda\u00f1as, para llegar con seguridad en transporte, con seguridad en veh\u00edculos.<\/p>\n<p>\u201cUn tema muy importante es dar seguridad en las zonas de bancos y cajeros autom\u00e1ticos\u201d, coment\u00f3 Gayt\u00e1n Aguirre.<\/p>\n<p>Por su parte, el secretario de Desarrollo Econ\u00f3mico, Alfredo Vinalay Mora, invit\u00f3 a la poblaci\u00f3n a evitar aglomeraciones, respetar las indicaciones de las autoridades sanitarias y utilizar en todo momento cubrebocas para inhibir contagios de Covid-19.<\/p>\n<p>\u201cAnte la llegada del Buen Fin y el movimiento de personas que puede ser importante, necesitamos mantener un operativo de vigilancia y cuidado para que la gente siga las medidas de higiene, y tambi\u00e9n cuidar al personal que trabaja en las unidades econ\u00f3micas\u201d, expres\u00f3 Vinalay Mora.<\/p>\n<p>Asimismo, pidi\u00f3 a todos los establecimientos, plazas y centros comerciales, respetar los horarios establecidos en el marco del sem\u00e1foro epidemiol\u00f3gico naranja.<\/p>\n<p>El Buen Fin busca incentivar el comercio en el pa\u00eds y proporcionar beneficios tanto a vendedores como a consumidores, con descuentos, bonificaciones y facilidades de pago.<\/p>\n<p>Carlos Alejandro S\u00e1nchez Gonz\u00e1lez, coordinador de Protecci\u00f3n Civil y Bomberos, inform\u00f3 que la dependencia a su cargo trabaja en la prevenci\u00f3n, con un total de 26 elementos divididos en cuatro c\u00e9lulas, para constatar los protocolos de higiene en los negocios que deben mantener un aforo del 30 por ciento.<\/p>\n","protected":false},"excerpt":{"rendered":"<p>Para brindar seguridad a las y los naucalpenses durante el Buen Fin, el gobierno despleg\u00f3 operativos de vigilancia y supervisi\u00f3n de medidas sanitarias en las 29 plazas comerciales ubicadas en el territorio municipal.<\/p>\n","protected":false},"author":1,"featured_media":487004,"comment_status":"open","ping_status":"open","sticky":false,"template":"","format":"standard","meta":{"_monsterinsights_skip_tracking":false,"_monsterinsights_sitenote_active":false,"_monsterinsights_sitenote_note":"","_monsterinsights_sitenote_category":0,"footnotes":""},"categories":[5],"tags":[43675,970],"class_list":["post-487003","post","type-post","status-publish","format-standard","has-post-thumbnail","hentry","category-estado-de-mexico","tag-estado-de-mexico","tag-naucalpan"],"_links":{"self":[{"href":"https:\/\/www.diarioimagen.net\/index.php?rest_route=\/wp\/v2\/posts\/487003","targetHints":{"allow":["GET"]}}],"collection":[{"href":"https:\/\/www.diarioimagen.net\/index.php?rest_route=\/wp\/v2\/posts"}],"about":[{"href":"https:\/\/www.diarioimagen.net\/index.php?rest_route=\/wp\/v2\/types\/post"}],"author":[{"embeddable":true,"href":"https:\/\/www.diarioimagen.net\/index.php?rest_route=\/wp\/v2\/users\/1"}],"replies":[{"embeddable":true,"href":"https:\/\/www.diarioimagen.net\/index.php?rest_route=%2Fwp%2Fv2%2Fcomments&post=487003"}],"version-history":[{"count":0,"href":"https:\/\/www.diarioimagen.net\/index.php?rest_route=\/wp\/v2\/posts\/487003\/revisions"}],"wp:featuredmedia":[{"embeddable":true,"href":"https:\/\/www.diarioimagen.net\/index.php?rest_route=\/wp\/v2\/media\/487004"}],"wp:attachment":[{"href":"https:\/\/www.diarioimagen.net\/index.php?rest_route=%2Fwp%2Fv2%2Fmedia&parent=487003"}],"wp:term":[{"taxonomy":"category","embeddable":true,"href":"https:\/\/www.diarioimagen.net\/index.php?rest_route=%2Fwp%2Fv2%2Fcategories&post=487003"},{"taxonomy":"post_tag","embeddable":true,"href":"https:\/\/www.diarioimagen.net\/index.php?rest_route=%2Fwp%2Fv2%2Ftags&post=487003"}],"curies":[{"name":"wp","href":"https:\/\/api.w.org\/{rel}","templated":true}]}}