{"id":487142,"date":"2020-11-20T00:01:15","date_gmt":"2020-11-20T06:01:15","guid":{"rendered":"https:\/\/www.diarioimagen.net\/?p=487142"},"modified":"2020-11-20T02:38:48","modified_gmt":"2020-11-20T08:38:48","slug":"recibe-tlalnepantla-reconocimiento-buenas-practicas-municipales-del-inafed","status":"publish","type":"post","link":"https:\/\/www.diarioimagen.net\/?p=487142","title":{"rendered":"Recibe Tlalnepantla reconocimiento Buenas Pr\u00e1cticas Municipales del INAFED"},"content":{"rendered":"<p><img loading=\"lazy\" decoding=\"async\" class=\"aligncenter size-full wp-image-487143\" src=\"https:\/\/www.diarioimagen.net\/wp-content\/uploads\/2020\/11\/CAMACHO20-dPOR.jpg\" alt=\"\" width=\"460\" height=\"215\" \/><\/p>\n<p>&nbsp;<\/p>\n<p><strong>Tlalnepantla, Estado de M\u00e9xico.\u2014<\/strong> El gobierno local recibi\u00f3 el \u2018Reconocimiento Nacional de las Buenas Pr\u00e1cticas Municipales 2020\u2019 que otorga la Secretar\u00eda de Gobernaci\u00f3n, a trav\u00e9s del Instituto Nacional para el Federalismo y el Desarrollo Municipal (INAFED), por la propuesta \u2018Incorporaci\u00f3n transversal de la perspectiva de g\u00e9nero en la planeaci\u00f3n para el desarrollo de la administraci\u00f3n p\u00fablica de Tlalnepantla de Baz. Durante una sesi\u00f3n virtual, en la que participaron seis municipios reconocidos, de 110 propuestas registradas, el alcalde Raciel P\u00e9rez Cruz explic\u00f3 que su gobierno trabaja en la transversalizaci\u00f3n de la perspectiva de g\u00e9nero para crear oportunidades para hombres y mujeres a trav\u00e9s de una cultura inclusiva en la sociedad.<\/p>\n","protected":false},"excerpt":{"rendered":"<p>El gobierno local recibi\u00f3 el \u2018Reconocimiento Nacional de las Buenas Pr\u00e1cticas Municipales 2020\u2019 que otorga la Secretar\u00eda de Gobernaci\u00f3n, a trav\u00e9s del Instituto Nacional para el Federalismo y el Desarrollo Municipal (INAFED),<\/p>\n","protected":false},"author":1,"featured_media":487144,"comment_status":"open","ping_status":"open","sticky":false,"template":"","format":"standard","meta":{"_monsterinsights_skip_tracking":false,"_monsterinsights_sitenote_active":false,"_monsterinsights_sitenote_note":"","_monsterinsights_sitenote_category":0,"footnotes":""},"categories":[5],"tags":[91935,90631,169],"class_list":["post-487142","post","type-post","status-publish","format-standard","has-post-thumbnail","hentry","category-estado-de-mexico","tag-estado-de-mexio","tag-inafed","tag-tlalnepantla"],"_links":{"self":[{"href":"https:\/\/www.diarioimagen.net\/index.php?rest_route=\/wp\/v2\/posts\/487142","targetHints":{"allow":["GET"]}}],"collection":[{"href":"https:\/\/www.diarioimagen.net\/index.php?rest_route=\/wp\/v2\/posts"}],"about":[{"href":"https:\/\/www.diarioimagen.net\/index.php?rest_route=\/wp\/v2\/types\/post"}],"author":[{"embeddable":true,"href":"https:\/\/www.diarioimagen.net\/index.php?rest_route=\/wp\/v2\/users\/1"}],"replies":[{"embeddable":true,"href":"https:\/\/www.diarioimagen.net\/index.php?rest_route=%2Fwp%2Fv2%2Fcomments&post=487142"}],"version-history":[{"count":0,"href":"https:\/\/www.diarioimagen.net\/index.php?rest_route=\/wp\/v2\/posts\/487142\/revisions"}],"wp:featuredmedia":[{"embeddable":true,"href":"https:\/\/www.diarioimagen.net\/index.php?rest_route=\/wp\/v2\/media\/487144"}],"wp:attachment":[{"href":"https:\/\/www.diarioimagen.net\/index.php?rest_route=%2Fwp%2Fv2%2Fmedia&parent=487142"}],"wp:term":[{"taxonomy":"category","embeddable":true,"href":"https:\/\/www.diarioimagen.net\/index.php?rest_route=%2Fwp%2Fv2%2Fcategories&post=487142"},{"taxonomy":"post_tag","embeddable":true,"href":"https:\/\/www.diarioimagen.net\/index.php?rest_route=%2Fwp%2Fv2%2Ftags&post=487142"}],"curies":[{"name":"wp","href":"https:\/\/api.w.org\/{rel}","templated":true}]}}