{"id":487161,"date":"2020-11-20T00:07:25","date_gmt":"2020-11-20T06:07:25","guid":{"rendered":"https:\/\/www.diarioimagen.net\/?p=487161"},"modified":"2020-11-20T02:29:54","modified_gmt":"2020-11-20T08:29:54","slug":"oswaldo-zarate-conquista-en-de-brutas-nada","status":"publish","type":"post","link":"https:\/\/www.diarioimagen.net\/?p=487161","title":{"rendered":"Oswaldo Z\u00e1rate conquista en \u201cDe brutas nada\u201d"},"content":{"rendered":"<p>&nbsp;<\/p>\n<h3 style=\"text-align: center;\">En co-producci\u00f3n con Sony Pictures<\/h3>\n<p>&nbsp;<\/p>\n<ul>\n<li><em><strong>\u00a0\u201cEn la serie que se transmite por Amazon Prime se aborda el tema de la homosexualidad con much\u00edsimo respeto, y sobre todo lo que destaca es ese miedo tan humano que todos tenemos en este tiempo a la traici\u00f3n<span class=\"Apple-converted-space\">\u00a0<\/span>o a los actos que pueden afectarnos de terceras personas\u201d, se\u00f1ala el actor<\/strong><\/em><\/li>\n<\/ul>\n<p>&nbsp;<\/p>\n<div id=\"attachment_487162\" style=\"width: 385px\" class=\"wp-caption aligncenter\"><img loading=\"lazy\" decoding=\"async\" aria-describedby=\"caption-attachment-487162\" class=\"wp-image-487162\" src=\"https:\/\/www.diarioimagen.net\/wp-content\/uploads\/2020\/11\/oswaldo-zarate-1POR.jpg\" alt=\"\" width=\"375\" height=\"443\" \/><p id=\"caption-attachment-487162\" class=\"wp-caption-text\">\u201cEn \u2018De brutas nada\u2019\u00a0 te das cuenta que al final del d\u00eda las cosas pasan y que el tiempo es sabio. Muchos de los problemas a los que se enfrentan los personajes son cosas dolorosas, pero al pasar el tiempo y con la gente adecuada todo puede ser mucho m\u00e1s ligero\u201d,\u00a0 dice en entrevista Oswaldo Z\u00e1rate.<\/p><\/div>\n<p>&nbsp;<\/p>\n<p>\u201cDe brutas nada\u201d es la nueva serie de<span class=\"Apple-converted-space\">\u00a0 <\/span>Amazone Prime, se trata de un trabajo que es un deleite, pero sobre todo un retrato claro de las relaciones humanas que vivimos en la actualidad, convulsas, fr\u00e1giles, y casi siempre con seres humanos rotos detr\u00e1s de ellas. En entrevista Oswaldo Z\u00e1rate nos comenta que es un proyecto que primeramente tuvo su estreno en Estados Unidos, donde fue muy bien recibido e incluso la gente ya pregunta por una segunda temporada.<span class=\"Apple-converted-space\">\u00a0<\/span><\/p>\n<p>\u201cEs una serie prime de alta calidad que ya est\u00e1 en la plataforma, que queda perfecto para el fin de semana, es una serie llena de \u00e9xitos llegan y llegan mensajes de Estados Unidos preguntando cu\u00e1ndo es la segunda entrega;<span class=\"Apple-converted-space\">\u00a0 <\/span>Sony Pictures Estados Unidos logr\u00f3 que se hiciera la serie 100 por ciento en espa\u00f1ol, todo se hizo con luz natural. Trata de una chica que una noche anterior de su boda sale y no sabe en qu\u00e9 va a acabar esa salida, ella se llama Cristina y encuentra al novio con quien se va a casar, en la casa que hab\u00edan comprado con otra mujer, y para encontrar con quien vivir en ese lugar hace un casting. Un chico se hace pasar por gay para que sea \u00e9l quien viva ah\u00ed\u201d, dijo.<\/p>\n<p>&nbsp;<\/p>\n<div id=\"attachment_487163\" style=\"width: 385px\" class=\"wp-caption aligncenter\"><img loading=\"lazy\" decoding=\"async\" aria-describedby=\"caption-attachment-487163\" class=\"wp-image-487163\" src=\"https:\/\/www.diarioimagen.net\/wp-content\/uploads\/2020\/11\/oswaldo-zarate-2POR.jpg\" alt=\"\" width=\"375\" height=\"375\" \/><p id=\"caption-attachment-487163\" class=\"wp-caption-text\">El pr\u00f3ximo a\u00f1o Oswaldo estrenar\u00e1 tres proyectos dentro de la pantalla grande: \u201cHijo de Familia\u201d, dirigida por Rafael Lara, \u201cEl club de los corazones rotos\u201d, con direcci\u00f3n de Kristoff Raczynski y \u201cHomicidio Culposo\u201d bajo la batuta de V\u00edctor Miranda.<\/p><\/div>\n<p>&nbsp;<\/p>\n<p>Con nueve cap\u00edtulos la serie deja ver las historias detr\u00e1s de esa historia de amor. \u201cHay que ser cuidadosos en el tema de no ofender a nadie, esta s\u00faper chido, porque te voy a decir algo nosotros, no imagin\u00e1bamos que en 2020 fuera a pasar todo esto, pero el estar en el encierro ha dado apertura para otras cosas en el ser humano. S\u00ed hay una evoluci\u00f3n de las personas a los chavos les da igual usar falda o pantal\u00f3n y se ponen u\u00f1as, faldas, la ropa ya no los etiqueta, es la mejor etapa y esta serie lo aborda de manera natural\u201d, afirma Z\u00e1rate.<span class=\"Apple-converted-space\">\u00a0<\/span><\/p>\n<p>\u201cDe brutas nada\u201d es la nueva producci\u00f3n para la plataforma de <i>streaming<\/i> Amazon Prime Video, en co-producci\u00f3n con Sony Pictures, creada por Raul Prieto y Hector Obergoso Rivera, quienes se basaron en la novela best seller de Isabella Santodomingo: \u2018Los caballeros las prefieren brutas\u2019. Est\u00e1 protagonizada por Tessa \u00cda (Cristina Oviedo), Christian V\u00e1zquez (Alejandro Montero), Marimar Vega (Esther), Jos\u00e9 Pablo Minor (Rodrigo), Carolina Ram\u00edrez (Hannah), Oswaldo Z\u00e1rate (Miguel), Juli\u00e1n Rom\u00e1n (Guillermo) y Diana Bovio (Graciela).<\/p>\n<p>&nbsp;<\/p>\n<div id=\"attachment_487165\" style=\"width: 470px\" class=\"wp-caption aligncenter\"><img loading=\"lazy\" decoding=\"async\" aria-describedby=\"caption-attachment-487165\" class=\"size-full wp-image-487165\" src=\"https:\/\/www.diarioimagen.net\/wp-content\/uploads\/2020\/11\/oswaldo-zarate-3POR.jpg\" alt=\"\" width=\"460\" height=\"270\" \/><p id=\"caption-attachment-487165\" class=\"wp-caption-text\">\u201cDe brutas nada\u201d fue filmada en Bogot\u00e1, Colombia y Puerto Vallarta, donde Oswaldo Z\u00e1rate le da vida a \u201cMiguel\u201d.<\/p><\/div>\n<p>&nbsp;<\/p>\n<p>\u201cNo queremos caer en las etiquetas en ning\u00fan aspecto, se aborda el tema de la homosexualidad con much\u00edsimo respeto, y sobre todo lo que destaca es ese miedo tan humano que todos tenemos en este tiempo a la traici\u00f3n o<span class=\"Apple-converted-space\">\u00a0 <\/span>a los actos que pueden afectarnos de terceras personas, sin duda es una serie que le puede gustar a toda la familia, no va dirigida solo a un nicho especifico y esto hace m\u00e1s diversa e incluyente la serie\u201d, concluy\u00f3.<span class=\"Apple-converted-space\">\u00a0<\/span><\/p>\n<p>&nbsp;<\/p>\n<blockquote><p>\u201cEsta serie est\u00e1 inspirada del libroLos caballeros las prefieren brutas,de Isabela Santodomingo y es totalmente fresca, llena de colores,con locaciones en la Ciudad de M\u00e9xico, y en donde se ver\u00e1n los problemasde pareja y se podr\u00e1n identificar con alguno de los personajes\u201d.<\/p><\/blockquote>\n<p>&nbsp;<\/p>\n<div id=\"attachment_487166\" style=\"width: 343px\" class=\"wp-caption aligncenter\"><img loading=\"lazy\" decoding=\"async\" aria-describedby=\"caption-attachment-487166\" class=\"wp-image-487166\" src=\"https:\/\/www.diarioimagen.net\/wp-content\/uploads\/2020\/11\/oswaldo-zarate-4POR.jpg\" alt=\"\" width=\"333\" height=\"567\" \/><p id=\"caption-attachment-487166\" class=\"wp-caption-text\">Oswaldo Z\u00e1rate nos cuenta que \u201cDe brutas nada\u201d es una serie prime de alta calidad que ya est\u00e1 en la plataforma, que \u201cqueda perfecto para el fin de semana, es una serie llena de \u00e9xitos llegan y llegan mensajes de Estados Unidos preguntando cu\u00e1ndo es la segunda entrega\u201d asegura.<\/p><\/div>\n","protected":false},"excerpt":{"rendered":"<p>De brutas nada\u201d es la nueva serie de\u00a0 Amazone Prime, se trata de un trabajo que es un deleite, pero sobre todo un retrato claro de las relaciones humanas que vivimos en la actualidad, convulsas, fr\u00e1giles, y casi siempre con seres humanos rotos detr\u00e1s de ellas.<\/p>\n","protected":false},"author":1,"featured_media":487164,"comment_status":"open","ping_status":"open","sticky":false,"template":"","format":"standard","meta":{"_monsterinsights_skip_tracking":false,"_monsterinsights_sitenote_active":false,"_monsterinsights_sitenote_note":"","_monsterinsights_sitenote_category":0,"footnotes":""},"categories":[12],"tags":[91931,43682,91932],"class_list":["post-487161","post","type-post","status-publish","format-standard","has-post-thumbnail","hentry","category-espectaculos","tag-de-brutas-nada","tag-espectaculos","tag-oswaldo-zarate"],"_links":{"self":[{"href":"https:\/\/www.diarioimagen.net\/index.php?rest_route=\/wp\/v2\/posts\/487161","targetHints":{"allow":["GET"]}}],"collection":[{"href":"https:\/\/www.diarioimagen.net\/index.php?rest_route=\/wp\/v2\/posts"}],"about":[{"href":"https:\/\/www.diarioimagen.net\/index.php?rest_route=\/wp\/v2\/types\/post"}],"author":[{"embeddable":true,"href":"https:\/\/www.diarioimagen.net\/index.php?rest_route=\/wp\/v2\/users\/1"}],"replies":[{"embeddable":true,"href":"https:\/\/www.diarioimagen.net\/index.php?rest_route=%2Fwp%2Fv2%2Fcomments&post=487161"}],"version-history":[{"count":0,"href":"https:\/\/www.diarioimagen.net\/index.php?rest_route=\/wp\/v2\/posts\/487161\/revisions"}],"wp:featuredmedia":[{"embeddable":true,"href":"https:\/\/www.diarioimagen.net\/index.php?rest_route=\/wp\/v2\/media\/487164"}],"wp:attachment":[{"href":"https:\/\/www.diarioimagen.net\/index.php?rest_route=%2Fwp%2Fv2%2Fmedia&parent=487161"}],"wp:term":[{"taxonomy":"category","embeddable":true,"href":"https:\/\/www.diarioimagen.net\/index.php?rest_route=%2Fwp%2Fv2%2Fcategories&post=487161"},{"taxonomy":"post_tag","embeddable":true,"href":"https:\/\/www.diarioimagen.net\/index.php?rest_route=%2Fwp%2Fv2%2Ftags&post=487161"}],"curies":[{"name":"wp","href":"https:\/\/api.w.org\/{rel}","templated":true}]}}