{"id":487219,"date":"2020-11-20T00:01:13","date_gmt":"2020-11-20T06:01:13","guid":{"rendered":"https:\/\/www.diarioimagen.net\/?p=487219"},"modified":"2020-11-20T03:53:56","modified_gmt":"2020-11-20T09:53:56","slug":"juan-carlos-rivera-castellanos-secretario-de-turismo-de-oaxaca-tomo-protesta-como-nuevo-presidente-de-la-asetur","status":"publish","type":"post","link":"https:\/\/www.diarioimagen.net\/?p=487219","title":{"rendered":"\u00a0Juan Carlos Rivera Castellanos, secretario de Turismo de Oaxaca, tom\u00f3 protesta como nuevo presidente de la Asetur"},"content":{"rendered":"<h2>De cinco estrellas<\/h2>\n<h5>Victoria Gonz\u00e1lez Prado<\/h5>\n<p>&nbsp;<\/p>\n<ul>\n<li><em><strong>En Puerto Morelos, la actividad tur\u00edstica se beneficar\u00e1 tras la inversi\u00f3n de <\/strong><strong>123 millones de pesos en infraestructura urbana\u00a0 \u00a0<\/strong><\/em><\/li>\n<li><em><strong>\u201cHotel l\u00edder en M\u00e9xico y Centroam\u00e9rica\u201d, galard\u00f3n para el <\/strong><\/em><strong>Grand <\/strong><strong>Fiesta Americana Coral Beach Canc\u00fan All Inclusive Spa Resort<\/strong><\/li>\n<\/ul>\n<p>&nbsp;<\/p>\n<div id=\"attachment_487250\" style=\"width: 470px\" class=\"wp-caption aligncenter\"><a href=\"https:\/\/www.diarioimagen.net\/?attachment_id=487250\" rel=\"attachment wp-att-487250\"><img loading=\"lazy\" decoding=\"async\" aria-describedby=\"caption-attachment-487250\" class=\"size-full wp-image-487250\" src=\"https:\/\/www.diarioimagen.net\/wp-content\/uploads\/2020\/11\/turismo-8.jpg\" alt=\"\" width=\"460\" height=\"270\" \/><\/a><p id=\"caption-attachment-487250\" class=\"wp-caption-text\">Durante la toma de protesta del nuevo presidente de la Asetur.<\/p><\/div>\n<p>&nbsp;<\/p>\n<p><strong>Juan Carlos Rivera Castellanos<\/strong>, secretario de Turismo de Oaxaca, tom\u00f3 protesta como nuevo presidente de la Mesa Directiva de la Asociaci\u00f3n de Secretarios de Turismo de M\u00e9xico (Asetur), para el periodo 2020-2021, en ceremonia que tuvo lugar durante el Encuentro Nacional de Turismo.<\/p>\n<p><strong>Humberto Hern\u00e1ncez Haddad<\/strong>, subsecretario de Calidad y Regulaci\u00f3n de la Secretar\u00eda de Turismo, en representaci\u00f3n de <strong>Miguel Torruco Marqu\u00e9s<\/strong> secretario del ramo a nivel nacional, tom\u00f3 protesta a la nueva Mesa Directiva.<\/p>\n<p>Luego. En su mensaje como presidente de la Asetur, <strong>Rivera Castellanos<\/strong> dijo: \u201choy, asumo con gran responsabilidad la encomienda para presidir la mesa directiva de la Asetur, s\u00e9 que compartimos el objetivo de unir esfuerzos para el desarrollo tur\u00edstico de nuestros estados y del pa\u00eds. Al secretario <strong>Luis Humberto Araiza L\u00f3pez<\/strong>, todo mi reconocimiento\u201d.<\/p>\n<p>Asimismo, se comprometi\u00f3 a enfrentar con decisi\u00f3n el reto que representa la reactivaci\u00f3n del turismo y apoyar las acciones encaminadas a lograr la pronta recuperaci\u00f3n del sector, por lo que hizo un llamado a mantener la unidad y el trabajo en equipo, para superar esta dif\u00edcil coyuntura que enfrenta el turismo, que es importante motor de la econom\u00eda nacional.<\/p>\n<p>Dej\u00f3 claro que muchas cosas cambiar\u00e1n en el turismo a causa de la pandemia; sin embargo se\u00f1al\u00f3: \u201clo que no cambiar\u00e1 es la calidad y calidez del trato a los visitantes, los tesoros naturales, los Pueblos M\u00e1gicos, la gastronom\u00eda, la belleza de nuestras playas ni la riqueza cultural de nuestro pa\u00eds\u201d.<\/p>\n<p>Por su parte, <strong>Luis Humberto<\/strong> <strong>Araiza L\u00f3pez<\/strong>, presidente saliente, present\u00f3 su informe de actividades y asegur\u00f3 que el turismo ha enfrentado con firme decisi\u00f3n la peor amenaza de su historia, derivada de la pandemia de Covid-19, y hoy se est\u00e1 listo y en proceso de franca recuperaci\u00f3n.<\/p>\n<p>Destac\u00f3 que \u201cel turismo se ha distinguido por su capacidad de adaptaci\u00f3n. no hay manera de que volvamos a ser los mismos. Hemos aprendido r\u00e1pidamente. A\u00fan dentro de esta crisis, en la nueva normalidad, hay espacio para el optimismo\u201d.<\/p>\n<p>\u201cA todo el mundo nos tom\u00f3 por sorpresa la crisis sanitaria, con efectos profundos en la econom\u00eda del pa\u00eds. La p\u00e9rdida de vidas humanas, de empresas y de puestos de trabajo han impactado al turismo y revertir esos efectos nos tomar\u00e1 varios a\u00f1os. A nivel nacional hay signos positivos para el sector como el incremento en la llegada de turistas internacionales v\u00eda a\u00e9rea y fronterizos. A\u00fan estamos lejos de las cifras del a\u00f1o 2019, pero hay tendencias favorables de recuperaci\u00f3n del sector, debido a que la promoci\u00f3n en mercados estrat\u00e9gicos no se ha detenido\u201d.<\/p>\n<p>Asegur\u00f3 que gracias al Plan Maestro 2020, el sector ha respondido a los retos que representa la emergencia sanitaria. \u201cComo sector organizado, nos dimos a la tarea de poner en marcha acciones para una recuperaci\u00f3n r\u00e1pida y sostenible, a trav\u00e9s de la Alianza Nacional Emergente por el Turismo, que detalla la hoja de ruta para revertir el impacto de la pandemia\u201d, indic\u00f3.<\/p>\n<p><strong>Araiza<\/strong> <strong>L\u00f3pez<\/strong> asegur\u00f3: \u201choy, al viajar por los destinos tur\u00edsticos encontramos todas las medidas sanitarias recomendadas por el sector salud y las contenidas en los protocolos internacionales. Ahora, nos toca supervisar que esto contin\u00fae, y decirle al mundo que en M\u00e9xico hay un sector tur\u00edstico profesional que se preocupa por la seguridad de turistas y prestadores de servicios\u201d, concluy\u00f3.<\/p>\n<p>Por \u00faltimo, en el Encuentro Nacional de Turismo se reconoci\u00f3 la labor realizada por el personal del sector salud, que con profesionalismo ha dado batalla sin tregua a la Covid-19.<\/p>\n<p>\u2730\u2730\u2730\u2730\u2730 El Fondo Nacional de Fomento al Turismo (Fonatur), que dirige <strong>Rogelio Jim\u00e9nez<\/strong> <strong>Pons, <\/strong>-como complemento al proyecto del tren maya- invertir\u00e1 alrededor de 123 millones de pesos en distintas obras de beneficio p\u00fablico y mejoramiento de imagen urbana en Puerto Morelos lo que se tradur\u00e1 \u201cen empleo para la econom\u00eda de la regi\u00f3n\u201d, dijo la alcaldesa <strong>Laura Fern\u00e1ndez Pi\u00f1a,<\/strong> quien respalda el proyecto del Tren Maya.<\/p>\n<p>La alcaldesa inform\u00f3 que entre las obras destacan: pavimentaci\u00f3n de diferentes vialidades, construcci\u00f3n de camellones y banquetas, red de drenaje, pozos de absorci\u00f3n, tuber\u00edas de agua potable, reencarpetamiento en tramos que lo ameritan, desde el entronque con la carretera federal (a la altura de Crococun) hasta la entrada a la Ruta de los Cenotes.<\/p>\n<p>Asimismo, inform\u00f3 que qued\u00f3 reabierta la circulaci\u00f3n vehicular en la avenida Zetina Gasca, luego de los trabajos que lleva a cabo el Fonatur, para convertir esta vialidad en moderno bulevar, como parte de las obras complementarias del<\/p>\n<p>\u201cEs una obra de gran beneficio para Puerto Morelos, porque transformar\u00e1 la imagen de la principal vialidad de la zona, al convertirla en un moderno bulevar con arquitectura sustentable, en la que prevalecer\u00e1n andadores y grandes \u00e1reas verdes, un desarrollo amigable con el medio ambiente\u201d, explic\u00f3.<\/p>\n<p><strong>Laura Fern\u00e1ndez<\/strong> detall\u00f3 que este proyecto del gobierno federal que se lleva a cabo por conducto del Fonatur, est\u00e1 dise\u00f1ado con base en las necesidades de la gente, como parte del Plan de Desarrollo Urbano de Puerto Morelos.<\/p>\n<p>\u2730\u2730\u2730\u2730\u2730 \u201cHotel l\u00edder en M\u00e9xico y Centroam\u00e9rica\u201d, galard\u00f3n que recibi\u00f3 el <em>Grand Fiesta Americana Coral Beach Canc\u00fan All Inclusive Spa Resort,<\/em> premio que recibi\u00f3 en la 27 edici\u00f3n de los <em>World Travel Awards <\/em>(WTC). El resort ha recibido nueve distinciones anteriores por parte del WTC y \u00a0en esta versi\u00f3n fue nominado en cinco categor\u00edas: <em>Resort <\/em>de playa l\u00edder en M\u00e9xico y Centroam\u00e9rica, Hotel de conferencias l\u00edder en M\u00e9xico y Centroam\u00e9rica, <em>Resort <\/em>familiar l\u00edder en M\u00e9xico y Centroam\u00e9rica, Hotel ecol\u00f3gico l\u00edder en M\u00e9xico y Centroam\u00e9rica y Hotel l\u00edder en M\u00e9xico y Centroam\u00e9rica.<\/p>\n<p>La oferta del resort incluye: <em>Coral Gem Spa<\/em>, gimnasio de \u00faltima generaci\u00f3n, <em>Coral KidZ Club,<\/em> restaurantes y bares, como el restaurante <em>Le Basilic <\/em>de cocina francesa-mediterr\u00e1nea que durante 14 a\u00f1os consecutivos ha sido acreedor a 5 Diamantes otorgados por la AAA y recientemente nombrado uno de los mil mejores restaurantes del mundo por <em>La Liste,<\/em> Paris.<\/p>\n<p>El resort recientemente renov\u00f3 su concepto de hospedaje con nueva opci\u00f3n de experiencias para hu\u00e9spedes y lujo sin l\u00edmites, como resort todo incluido, bajo el novedoso concepto de marca, <em>Infinite Luxury by Grand Fiesta Americana<\/em>.<\/p>\n<p>&nbsp;<\/p>\n<blockquote>\n<p style=\"text-align: right;\">\u201c<strong>El<\/strong> <strong>\u00e1ngel de la fama tiene sus alas hechas de papel&#8230; peri\u00f3dico\u201d.<br \/>\n<\/strong><\/p>\n<\/blockquote>\n<p>&nbsp;<\/p>\n<p><em><span class=\"Apple-converted-space\"><a href=\"mailto:victoriagprado@gmail.com\" target=\"_blank\" rel=\"noopener noreferrer\">victoriagprado@gmail.com<\/a><br \/>\nTwitter: <a href=\"https:\/\/twitter.com\/victoriagprado\" target=\"_blank\" rel=\"noopener noreferrer\">@victoriagprado<\/a><\/span><\/em><\/p>\n","protected":false},"excerpt":{"rendered":"<p><strong>Juan Carlos Rivera Castellanos<\/strong>, secretario de Turismo de Oaxaca, tom\u00f3 protesta como nuevo presidente de la Mesa Directiva de la Asociaci\u00f3n de Secretarios de Turismo de M\u00e9xico (Asetur), para el periodo 2020-2021, en ceremonia que tuvo lugar durante el Encuentro Nacional de Turismo.<\/p>\n","protected":false},"author":3,"featured_media":487250,"comment_status":"open","ping_status":"open","sticky":false,"template":"","format":"standard","meta":{"_monsterinsights_skip_tracking":false,"_monsterinsights_sitenote_active":false,"_monsterinsights_sitenote_note":"","_monsterinsights_sitenote_category":0,"footnotes":""},"categories":[11],"tags":[107,43674,106],"class_list":["post-487219","post","type-post","status-publish","format-standard","has-post-thumbnail","hentry","category-turismo","tag-de-cinco-estrellas","tag-opinion","tag-victoria-gonzalez-prado"],"_links":{"self":[{"href":"https:\/\/www.diarioimagen.net\/index.php?rest_route=\/wp\/v2\/posts\/487219","targetHints":{"allow":["GET"]}}],"collection":[{"href":"https:\/\/www.diarioimagen.net\/index.php?rest_route=\/wp\/v2\/posts"}],"about":[{"href":"https:\/\/www.diarioimagen.net\/index.php?rest_route=\/wp\/v2\/types\/post"}],"author":[{"embeddable":true,"href":"https:\/\/www.diarioimagen.net\/index.php?rest_route=\/wp\/v2\/users\/3"}],"replies":[{"embeddable":true,"href":"https:\/\/www.diarioimagen.net\/index.php?rest_route=%2Fwp%2Fv2%2Fcomments&post=487219"}],"version-history":[{"count":0,"href":"https:\/\/www.diarioimagen.net\/index.php?rest_route=\/wp\/v2\/posts\/487219\/revisions"}],"wp:featuredmedia":[{"embeddable":true,"href":"https:\/\/www.diarioimagen.net\/index.php?rest_route=\/wp\/v2\/media\/487250"}],"wp:attachment":[{"href":"https:\/\/www.diarioimagen.net\/index.php?rest_route=%2Fwp%2Fv2%2Fmedia&parent=487219"}],"wp:term":[{"taxonomy":"category","embeddable":true,"href":"https:\/\/www.diarioimagen.net\/index.php?rest_route=%2Fwp%2Fv2%2Fcategories&post=487219"},{"taxonomy":"post_tag","embeddable":true,"href":"https:\/\/www.diarioimagen.net\/index.php?rest_route=%2Fwp%2Fv2%2Ftags&post=487219"}],"curies":[{"name":"wp","href":"https:\/\/api.w.org\/{rel}","templated":true}]}}