{"id":487464,"date":"2020-11-24T00:03:48","date_gmt":"2020-11-24T06:03:48","guid":{"rendered":"https:\/\/www.diarioimagen.net\/?p=487464"},"modified":"2020-11-24T00:51:19","modified_gmt":"2020-11-24T06:51:19","slug":"huixquilucan-se-suma-a-las-nuevas-disposiciones-sanitarias-contra-covid","status":"publish","type":"post","link":"https:\/\/www.diarioimagen.net\/?p=487464","title":{"rendered":"Huixquilucan se suma a las nuevas\u00a0disposiciones sanitarias contra Covid\u00a0"},"content":{"rendered":"<p>&nbsp;<\/p>\n<ul>\n<li><em><b>Cierres de comercios a las 19 horas<\/b><\/em><\/li>\n<\/ul>\n<p>&nbsp;<\/p>\n<p><img loading=\"lazy\" decoding=\"async\" class=\"aligncenter wp-image-487465\" src=\"https:\/\/www.diarioimagen.net\/wp-content\/uploads\/2020\/11\/CAMACHO24-cPOR.jpg\" alt=\"\" width=\"333\" height=\"417\" \/><\/p>\n<p>&nbsp;<\/p>\n<p><strong>Huixquilucan, Estado de M\u00e9xico<\/strong>.- A partir del lunes 23 noviembre los centros comerciales, tiendas departamentales, parques, espacios para actividades f\u00edsicas, cines, teatros, auditorios, deportivos y albercas asentadas en Huixquilucan, deber\u00e1n cerrar a las 19:00 horas.<\/p>\n<p>El gobierno municipal que encabeza Enrique Vargas del Villar, informa que sin excepci\u00f3n, todos los establecimientos deber\u00e1n acatar estas disposiciones, que fueron un exhorto del gobernador del Estado de M\u00e9xico, a las cuales Huixquilucan se sum\u00f3 de inmediato, porque lo importante es salvar vidas.<\/p>\n<p>Asimismo, los restaurantes cerrar\u00e1n a las 22:00 horas sin distinci\u00f3n alguna. Debido a que avanza a sem\u00e1foro naranja alto de alerta sanitaria, el alcalde llam\u00f3 a los huixquiluquenses observar todas las medidas de seguridad e higiene para evitar contagios y si las personas no tienen a que salir a la calle, lo mejor es quedarse en casa.<\/p>\n<p>De igual manera las disposiciones son para los salones de eventos y auditorios que deber\u00e1n permanecer cerrados para evitar aglomeraciones, las reuniones sociales y familiares no est\u00e1n permitidas.<\/p>\n<p>El presidente municipal de Huixquilucan, Enrique Vargas del Villar, reitera el llamado a la poblaci\u00f3n para que extremen las medidas de cuidado para no contagiarse de Covid-19 e influenza.<\/p>\n","protected":false},"excerpt":{"rendered":"<p>A partir del lunes 23 noviembre los centros comerciales, tiendas departamentales, parques, espacios para actividades f\u00edsicas, cines, teatros, auditorios, deportivos y albercas asentadas en Huixquilucan, deber\u00e1n cerrar a las 19:00 horas.<\/p>\n","protected":false},"author":1,"featured_media":487466,"comment_status":"open","ping_status":"open","sticky":false,"template":"","format":"standard","meta":{"_monsterinsights_skip_tracking":false,"_monsterinsights_sitenote_active":false,"_monsterinsights_sitenote_note":"","_monsterinsights_sitenote_category":0,"footnotes":""},"categories":[5],"tags":[43675,1097],"class_list":["post-487464","post","type-post","status-publish","format-standard","has-post-thumbnail","hentry","category-estado-de-mexico","tag-estado-de-mexico","tag-huixquilucan"],"_links":{"self":[{"href":"https:\/\/www.diarioimagen.net\/index.php?rest_route=\/wp\/v2\/posts\/487464","targetHints":{"allow":["GET"]}}],"collection":[{"href":"https:\/\/www.diarioimagen.net\/index.php?rest_route=\/wp\/v2\/posts"}],"about":[{"href":"https:\/\/www.diarioimagen.net\/index.php?rest_route=\/wp\/v2\/types\/post"}],"author":[{"embeddable":true,"href":"https:\/\/www.diarioimagen.net\/index.php?rest_route=\/wp\/v2\/users\/1"}],"replies":[{"embeddable":true,"href":"https:\/\/www.diarioimagen.net\/index.php?rest_route=%2Fwp%2Fv2%2Fcomments&post=487464"}],"version-history":[{"count":0,"href":"https:\/\/www.diarioimagen.net\/index.php?rest_route=\/wp\/v2\/posts\/487464\/revisions"}],"wp:featuredmedia":[{"embeddable":true,"href":"https:\/\/www.diarioimagen.net\/index.php?rest_route=\/wp\/v2\/media\/487466"}],"wp:attachment":[{"href":"https:\/\/www.diarioimagen.net\/index.php?rest_route=%2Fwp%2Fv2%2Fmedia&parent=487464"}],"wp:term":[{"taxonomy":"category","embeddable":true,"href":"https:\/\/www.diarioimagen.net\/index.php?rest_route=%2Fwp%2Fv2%2Fcategories&post=487464"},{"taxonomy":"post_tag","embeddable":true,"href":"https:\/\/www.diarioimagen.net\/index.php?rest_route=%2Fwp%2Fv2%2Ftags&post=487464"}],"curies":[{"name":"wp","href":"https:\/\/api.w.org\/{rel}","templated":true}]}}