{"id":487468,"date":"2020-11-24T00:02:27","date_gmt":"2020-11-24T06:02:27","guid":{"rendered":"https:\/\/www.diarioimagen.net\/?p=487468"},"modified":"2020-11-24T00:47:44","modified_gmt":"2020-11-24T06:47:44","slug":"recuerda-tlalnepantla-a-victimas-de-explosiones-de-1984-en-san-juanico","status":"publish","type":"post","link":"https:\/\/www.diarioimagen.net\/?p=487468","title":{"rendered":"Recuerda Tlalnepantla a v\u00edctimas de explosiones de 1984 en San Juanico"},"content":{"rendered":"<p>&nbsp;<\/p>\n<ul>\n<li><strong><em><span class=\"Apple-converted-space\">\u00a0<\/span>Remodelaci\u00f3n de la Plaza C\u00edvica de San Juan Ixhuatepec<\/em><\/strong><\/li>\n<\/ul>\n<p>&nbsp;<\/p>\n<div id=\"attachment_487469\" style=\"width: 470px\" class=\"wp-caption aligncenter\"><img loading=\"lazy\" decoding=\"async\" aria-describedby=\"caption-attachment-487469\" class=\"size-full wp-image-487469\" src=\"https:\/\/www.diarioimagen.net\/wp-content\/uploads\/2020\/11\/CAMACHO24-bPOR.jpg\" alt=\"\" width=\"460\" height=\"270\" \/><p id=\"caption-attachment-487469\" class=\"wp-caption-text\">El alcalde Raciel P\u00e9rez Cruz encabez\u00f3 diversos actos en memoria de las v\u00edctimas de las explosiones ocurridas en San Juanico el 19 de noviembre de 1984.<\/p><\/div>\n<p>&nbsp;<\/p>\n<p><strong>Tlalnepantla, Estado de M\u00e9xico<\/strong>.- El presidente municipal Raciel P\u00e9rez Cruz encabez\u00f3 diversos actos en memoria de las v\u00edctimas de las explosiones ocurridas en San Juanico el 19 de noviembre de 1984, acompa\u00f1ado de ciudadan\u00eda, servidoras, servidores p\u00fablicos e integrantes del Cuerpo Edilicio.<\/p>\n<p>El edil coloc\u00f3 una ofrenda floral en el pante\u00f3n municipal de la colonia Dr. Jorge Jim\u00e9nez Cant\u00fa, particip\u00f3 en una guardia de honor con la escolta del Cuerpo de Bomberos. La Banda de Guerra de la Comisar\u00eda General de Seguridad P\u00fablica interpret\u00f3 el toque de silencio.<\/p>\n<p>En el Jard\u00edn Hidalgo de San Juan Ixhuatepec se coloc\u00f3 una cruz de veladoras, una ofrenda floral, se efectu\u00f3 una guardia de honor encabezada por el Presidente Municipal y el toque de silencio en memoria de las personas fallecidas.<\/p>\n<p>\u201cEste d\u00eda es emblem\u00e1tico para los que vivimos en Tlalnepantla. Es una fecha que nos conmueve a\u00fan a 36 a\u00f1os de los lamentables sucesos que provocaron muertes y da\u00f1os, que representa una herida en la memoria colectiva de Nuestra Ciudad\u201d, afirm\u00f3 Raciel P\u00e9rez Cruz al anunciar el inicio de la remodelaci\u00f3n de la Plaza C\u00edvica de San Juan Ixhuatepec.<\/p>\n","protected":false},"excerpt":{"rendered":"<p>El presidente municipal Raciel P\u00e9rez Cruz encabez\u00f3 diversos actos en memoria de las v\u00edctimas de las explosiones ocurridas en San Juanico el 19 de noviembre de 1984, acompa\u00f1ado de ciudadan\u00eda, servidoras, servidores p\u00fablicos e integrantes del Cuerpo Edilicio.<\/p>\n","protected":false},"author":1,"featured_media":487469,"comment_status":"open","ping_status":"open","sticky":false,"template":"","format":"standard","meta":{"_monsterinsights_skip_tracking":false,"_monsterinsights_sitenote_active":false,"_monsterinsights_sitenote_note":"","_monsterinsights_sitenote_category":0,"footnotes":""},"categories":[5],"tags":[43675,81517,169],"class_list":["post-487468","post","type-post","status-publish","format-standard","has-post-thumbnail","hentry","category-estado-de-mexico","tag-estado-de-mexico","tag-raciel-perez-cruz","tag-tlalnepantla"],"_links":{"self":[{"href":"https:\/\/www.diarioimagen.net\/index.php?rest_route=\/wp\/v2\/posts\/487468","targetHints":{"allow":["GET"]}}],"collection":[{"href":"https:\/\/www.diarioimagen.net\/index.php?rest_route=\/wp\/v2\/posts"}],"about":[{"href":"https:\/\/www.diarioimagen.net\/index.php?rest_route=\/wp\/v2\/types\/post"}],"author":[{"embeddable":true,"href":"https:\/\/www.diarioimagen.net\/index.php?rest_route=\/wp\/v2\/users\/1"}],"replies":[{"embeddable":true,"href":"https:\/\/www.diarioimagen.net\/index.php?rest_route=%2Fwp%2Fv2%2Fcomments&post=487468"}],"version-history":[{"count":0,"href":"https:\/\/www.diarioimagen.net\/index.php?rest_route=\/wp\/v2\/posts\/487468\/revisions"}],"wp:featuredmedia":[{"embeddable":true,"href":"https:\/\/www.diarioimagen.net\/index.php?rest_route=\/wp\/v2\/media\/487469"}],"wp:attachment":[{"href":"https:\/\/www.diarioimagen.net\/index.php?rest_route=%2Fwp%2Fv2%2Fmedia&parent=487468"}],"wp:term":[{"taxonomy":"category","embeddable":true,"href":"https:\/\/www.diarioimagen.net\/index.php?rest_route=%2Fwp%2Fv2%2Fcategories&post=487468"},{"taxonomy":"post_tag","embeddable":true,"href":"https:\/\/www.diarioimagen.net\/index.php?rest_route=%2Fwp%2Fv2%2Ftags&post=487468"}],"curies":[{"name":"wp","href":"https:\/\/api.w.org\/{rel}","templated":true}]}}