{"id":487673,"date":"2020-11-25T00:02:22","date_gmt":"2020-11-25T06:02:22","guid":{"rendered":"https:\/\/www.diarioimagen.net\/?p=487673"},"modified":"2020-11-25T01:26:14","modified_gmt":"2020-11-25T07:26:14","slug":"a-un-ano-de-que-semarnat-prohibio-importar-glifosato","status":"publish","type":"post","link":"https:\/\/www.diarioimagen.net\/?p=487673","title":{"rendered":"A un a\u00f1o de que Semarnat prohibi\u00f3 importar glifosato"},"content":{"rendered":"<h2>La Retaguardia<\/h2>\n<h5>Adriana Moreno Cordero<\/h5>\n<p>&nbsp;<\/p>\n<ul>\n<li><strong><em>Una bomba en el campo que puede estallar en campa\u00f1as alectorales<\/em><\/strong><\/li>\n<\/ul>\n<p>&nbsp;<\/p>\n<p>Parece que en Palacio Nacional no han podido poner orden para que el barco de esta llamada Cuarta Transformaci\u00f3n navegue en aguas seguras con rumbo a las elecciones del pr\u00f3ximo a\u00f1o. Primero, no hace mucho tiempo, fueron arrasados por el PRI en Coahuila, cuando el tricolor, partido que ya se cre\u00eda estaba muerto, gan\u00f3 los 16 distritos locales, al tiempo que Morena perdi\u00f3 los principales ayuntamientos de Hidalgo y todo se le fue en lamentarse por su suerte. M\u00e1s recientemente, el fin de semana, de muy fea forma se le rebelaron a Mario Delgado -flamante nuevo l\u00edder morenista- en Nuevo Le\u00f3n por el rechazo de buena parte de la militancia del partido oficial, a que la alcaldesa de Escobedo, <strong>Clara Luz Flores<\/strong>, sea la candidata de Morena a la gubernatura, ya que lo consideran una imposici\u00f3n del PVEM.<\/p>\n<p>Y, por otro lado, dos funcionaras muy preparadas, pero que al parecer no tienen mucha idea de las consecuencias pol\u00edticas de sus decisiones, se empe\u00f1an en poner una bomba en el campo mexicano que puede explotar justo en las campa\u00f1as electorales, en la cuenta regresiva a los comicios del a\u00f1o entrante.<\/p>\n<p>Resulta que hoy se cumple un a\u00f1o de que la Semarnat prohibi\u00f3 las importaciones de glifosato, un herbicida esencial para eliminar la maleza y asegurar la productividad de los cultivos y para ello, se utiliz\u00f3 el argumento de que es da\u00f1ino para la salud y el medio ambiente.<\/p>\n<p>El problema es que el glifosato lleva 40 a\u00f1os de utilizarse en nuestro pa\u00eds; es adem\u00e1s el m\u00e1s utilizado en el mundo, espec\u00edficamente se usa en m\u00e1s de 120 pa\u00edses. Est\u00e1 categorizado con el nivel m\u00e1s bajo de toxicidad por la Cofepris y los \u00f3rganos reguladores internacionales, como el de la Uni\u00f3n Europea, no han encontrado evidencia cient\u00edfica de lo que afirma la Semarnat.<\/p>\n<p>Peor a\u00fan, tampoco se ha encontrado un sustituto al uso del glifosato que garantice la eliminaci\u00f3n de la maleza con la misma efectividad que el citado herbicida. Como referencia, un litro de glifosato, que costaba alrededor de 60 pesos, alcanza para aplicarse en una hect\u00e1rea de cultivo, pero la escasez del producto ya ha aumentado su precio hasta 80 y 100 pesos. El Presidente instruy\u00f3 al Conacyt a realizar investigaciones para encontrar un sustituto que la empresa alemana Bayer estima que ser\u00eda posible encontrar en 5 a\u00f1os.<\/p>\n<p>As\u00ed que entre prejuicios ideol\u00f3gicos al glifosato y el idealismo de querer ver en el campo pr\u00e1cticas agroecol\u00f3gicas propias de tiempos prehisp\u00e1nicos, Semarnat, con la complicidad de Conacyt, ha puesto una bomba que empieza a hacer su ruido en el campo y que podr\u00e1 estallar justo durante las campa\u00f1as electorales. Millones de productores agr\u00edcolas dependen de este herbicida para sus cosechas y sin el glifosato no habr\u00e1 manera de evitar p\u00e9rdidas que repercutir\u00e1n en su econom\u00eda, bienestar y muy posiblemente en los votos. Que despu\u00e9s no digan que no fueron advertidos.<\/p>\n<p style=\"text-align: center;\"><strong>Municiones<\/strong><\/p>\n<p>*** Todav\u00eda en la balanza si se discutir\u00e1 ma\u00f1ana o no en la C\u00e1mara de Diputados, lo referente al outsourcing, \u00a0el coordinador del PRI en San L\u00e1zaro, <strong>Ren\u00e9 Ju\u00e1rez Cisneros<\/strong>, se\u00f1al\u00f3 que lo que su bancada busca es que se garanticen los derechos de los trabajadores: \u201cs\u00ed la regulaci\u00f3n, pero queremos una regulaci\u00f3n equilibrada, es decir, no estar en ninguno de los extremos, sino una regulaci\u00f3n que le sirva al pa\u00eds, que le sirva a la econom\u00eda, que defienda los intereses de las y los trabajadores, que se garanticen sus derechos, pero que no paralice. Es decir, hoy, en este momento, estamos analizando el tema, no hay certeza de que se discuta el jueves. En principio hay un acuerdo para que el jueves se discutiera ya en el Pleno el tema de la subcontrataci\u00f3n; sin embargo, vamos a esperar y hacer un esfuerzo porque se pueda enriquecer la minuta y se puedan, digamos, hacer coincidir los puntos de vista de todos para corregirla, en todo caso mejorarla\u201d.<\/p>\n<p>*** <strong>Bloomberg<\/strong> realiz\u00f3 un estudio para saber en qu\u00e9 pa\u00edses se manej\u00f3 mejor la pandemia de Covid-19 y para molestia del presidente L\u00f3pez Obrador, M\u00e9xico ocupa la mitad inferior del ranking, ubic\u00e1ndose en el peor de los 53 pa\u00edses analizados. La \u00faltima tasa de pruebas positivas disponibles en el pa\u00eds es de un 62 por ciento, lo que pone al descubierto, adem\u00e1s de la ineptitud de los funcionarios de Salud de esta llamada Cuarta Transformaci\u00f3n, que la infecci\u00f3n no detectada est\u00e1 muy extendida. Y luego por qu\u00e9 el inquilino de Palacio Nacional se queja amargamente y atribuye a los \u201cmedios amarillistas\u201d p\u00e9simo manejo de la pandemia y como excusa, el tabasque\u00f1o, sin sustento alguno, argumenta que en otros pa\u00edses hay m\u00e1s fallecidos por Covid-19 que en el nuestro, \u00bfy eso qu\u00e9?, L\u00f3pez Obrador tendr\u00eda que estar avocado a controlar la contingencia sanitaria en M\u00e9xico y no estar tratando de justificar sus innumerables torpezas.<\/p>\n<p>*** Lo que s\u00ed, no se le puede regatear el Ejecutivo, es que contra sus adversarios, ha aplicado aquella m\u00e1xima que dice: \u201cdivide y vencer\u00e1s\u201d y como ejemplo m\u00e1s palpable, est\u00e1 que la ex titular de la Semarnat, <strong>Rosario Robles<\/strong>, que ya lleva 15 meses en el Reclusorio de Santa Martha Acatitla, finalmente no le qued\u00f3 de otra m\u00e1s que \u201cdoblar las manos\u201d y se convirti\u00f3 en una especie de testigo protegido y de inmediato, dirigi\u00f3 sus bater\u00edas ni m\u00e1s ni menos que al ex secretario de Hacienda y de Relaciones Exteriores en el sexenio de Enrique Pe\u00f1a Nieto: <strong>Luis Videgaray<\/strong>, a quien no se le hizo tarde para defenderse de las imputaciones que le dirigi\u00f3 Robles Berlanga a la voz de que Lamento que Rosario Robles opte por acusarme sin fundamentos para tratar de librar su situaci\u00f3n legal\u00bb. Eso s\u00ed, nadie podr\u00eda negar que los leales y ciegos funcionarios de esta llamada Cuarta Transformaci\u00f3n, presionaron a la ex perredista y actualmente, sobre la cabeza de la se\u00f1ora Robles, pesa una acusaci\u00f3n por lo que podr\u00eda pasar 40 a\u00f1os en la c\u00e1rcel, de ah\u00ed su desesperaci\u00f3n.<\/p>\n<p>*** <strong>Vidal Llerenas, Armando Quintero, V\u00edctor Romo, Jos\u00e9 Carlos Acosta, Patricia Aceves, Adri\u00e1n Ruvalcaba, Nestor N\u00fa\u00f1ez, Santiago Taboada, Octavio Rivero<\/strong> y <strong>Raymundo Mart\u00ednez Vite<\/strong> son de los alcaldes que ya levantaron la mano para reelegirse en sus respectivos cargos en las elecciones de 2021. Vale se\u00f1alar que algunos de ellos -los menos- han desplegado una buena gesti\u00f3n, preocupados por sus respectivas demarcaciones, pero otros, dejan mucho que desear y pretenden mantenerse en ese puesto porque no cuajaron sus aspiraciones pol\u00edticas para 2021, por ejemplo, aquellos que quer\u00edan suceder en la jefatura del Gobierno de la Ciudad de M\u00e9xico a <strong>Claudia Scheinbaum<\/strong>. \u00a1Qu\u00e9 tal!<\/p>\n<p><u><a href=\"mailto:morcora@gmail.com\" target=\"_blank\" rel=\"noopener noreferrer\"><em>morcora@gmail.com<\/em><\/a><\/u><\/p>\n","protected":false},"excerpt":{"rendered":"<p><span style=\"color: #005497;\"><strong>Adriana Moreno Cordero<\/strong><\/span><\/p>\n","protected":false},"author":3,"featured_media":0,"comment_status":"open","ping_status":"open","sticky":false,"template":"","format":"standard","meta":{"_monsterinsights_skip_tracking":false,"_monsterinsights_sitenote_active":false,"_monsterinsights_sitenote_note":"","_monsterinsights_sitenote_category":0,"footnotes":""},"categories":[69370],"tags":[69369,69368,43674],"class_list":["post-487673","post","type-post","status-publish","format-standard","hentry","category-adriana-moreno-cordero","tag-adriana-moreno-cordero","tag-la-retaguardia","tag-opinion"],"_links":{"self":[{"href":"https:\/\/www.diarioimagen.net\/index.php?rest_route=\/wp\/v2\/posts\/487673","targetHints":{"allow":["GET"]}}],"collection":[{"href":"https:\/\/www.diarioimagen.net\/index.php?rest_route=\/wp\/v2\/posts"}],"about":[{"href":"https:\/\/www.diarioimagen.net\/index.php?rest_route=\/wp\/v2\/types\/post"}],"author":[{"embeddable":true,"href":"https:\/\/www.diarioimagen.net\/index.php?rest_route=\/wp\/v2\/users\/3"}],"replies":[{"embeddable":true,"href":"https:\/\/www.diarioimagen.net\/index.php?rest_route=%2Fwp%2Fv2%2Fcomments&post=487673"}],"version-history":[{"count":0,"href":"https:\/\/www.diarioimagen.net\/index.php?rest_route=\/wp\/v2\/posts\/487673\/revisions"}],"wp:attachment":[{"href":"https:\/\/www.diarioimagen.net\/index.php?rest_route=%2Fwp%2Fv2%2Fmedia&parent=487673"}],"wp:term":[{"taxonomy":"category","embeddable":true,"href":"https:\/\/www.diarioimagen.net\/index.php?rest_route=%2Fwp%2Fv2%2Fcategories&post=487673"},{"taxonomy":"post_tag","embeddable":true,"href":"https:\/\/www.diarioimagen.net\/index.php?rest_route=%2Fwp%2Fv2%2Ftags&post=487673"}],"curies":[{"name":"wp","href":"https:\/\/api.w.org\/{rel}","templated":true}]}}