{"id":487689,"date":"2020-11-25T00:11:39","date_gmt":"2020-11-25T06:11:39","guid":{"rendered":"https:\/\/www.diarioimagen.net\/?p=487689"},"modified":"2020-11-25T01:58:54","modified_gmt":"2020-11-25T07:58:54","slug":"los-mediocres-ya-propician-el-vacio-de-poder","status":"publish","type":"post","link":"https:\/\/www.diarioimagen.net\/?p=487689","title":{"rendered":"Los mediocres ya propician el vac\u00edo de poder"},"content":{"rendered":"<h2>\u00cdndice pol\u00edtico<\/h2>\n<h5>Francisco Rodr\u00edguez<\/h5>\n<p>&nbsp;<\/p>\n<p>A velocidad turbo transitamos en M\u00e9xico por un camino peligroso: vamos cruzando ya la delgada l\u00ednea fronteriza entre lo prometido y lo que se define como la tierra de nadie, donde cohabitan las omisiones y los esc\u00e1ndalos de la autoridad, la inmunidad de la delincuencia, la cobard\u00eda de las oposiciones y los abusos de la justicia establecida.<\/p>\n<p>Ya vamos hacia la tierra del miedo, donde reina la angustia, atizada por el temor a la tragedia, tan consustancial a los pueblos oprimidos. En este gran reino del pasmo y la catatonia, el poder civil est\u00e1 ahog\u00e1ndose, materialmente, en un vaso de agua.<\/p>\n<p>La anegaci\u00f3n de sus mitocondrias ha sido causada por la tormenta perfecta que forman el concubinato integrado por la ignorancia de sus torres, reyes y alfiles y la soberbia de sus mandatarios, due\u00f1os de una sensibilidad de paquidermo, por decir lo menos.<\/p>\n<p>Los habitantes, que lo \u00fanico que quieren es respeto, seguridad e integridad, se preguntan, \u00bfsi as\u00ed pasa lo que ha pasado, c\u00f3mo reaccionaran las autoridades ante una crisis de regular tama\u00f1o, como la que vemos venir?<\/p>\n<p style=\"text-align: center;\"><strong>Sin esfuerzo, los mediocres se han juntado y han tomado el poder<\/strong><\/p>\n<p>Cada d\u00eda que pasa es m\u00e1s cierta la sensaci\u00f3n entre los parroquianos de que en el siglo XXI la esperada gran revoluci\u00f3n de las conciencias no ha sido el \u00e9xito de la democracia, ni la expansi\u00f3n de las teor\u00edas de la equidad, ni el avance cient\u00edfico, ni el triunfo del Estado de bienestar, sino la irrupci\u00f3n de los mediocres en el gobierno.<\/p>\n<p>Los mediocres se han juntado y sin organizarse demasiado, han tomado el poder, convirti\u00e9ndose en la clase que trata de imponer su particular ley. La inteligencia y la virtud han sido desalojadas de los palacios y ministerios, para que no le estorben a la ignorancia, la mediocridad, la vulgaridad, la mentira y el odio.<\/p>\n<p>Bien lo dec\u00eda Erasmo de Rotterdam: desde que dominan los mediocres, los grandes hombres y mujeres no son admitidos en el poder, porque su simple presencia ridiculizar\u00eda a las bandadas de mediocres y torpes que nos dominan. La mediocridad se convirti\u00f3 en la gran herej\u00eda de nuestro tiempo, y ven\u00eda fragu\u00e1ndose desde hace siglos.<\/p>\n<p style=\"text-align: center;\"><strong>Mediocridad: infierno para los mejores, para\u00edso para los miserables<\/strong><\/p>\n<p>El dominio que impone la mediocridad es letal y est\u00e1 destruyendo poco a poco todos y cada uno de los logros de la civilizaci\u00f3n, desde la libertad y los derechos individuales, hasta los valores de la fraternidad, la tolerancia, el buen gobierno y la verdad. La moderna ciencia pol\u00edtica, la investigaci\u00f3n y los avances cient\u00edficos est\u00e1n rebasados.<\/p>\n<p>El honor, el trabajo y la virtud son perseguidos y maltratados. El mundo que construyen los in\u00fatiles es un infierno para los mejores y un para\u00edso para los miserables. Para \u00e9stos, no es importante gobernar, sino controlar todo el poder. Forman una gigantesca confabulaci\u00f3n de gente sin m\u00e9ritos ni grandeza.<\/p>\n<p>Con justa raz\u00f3n dice Noam Chomsky que \u201cel rechazo de la ciudadan\u00eda a los pol\u00edticos es consecuencia directa de la dictadura de los mediocres\u201d, y eso no es poco decir, viniendo de esa mente l\u00facida.<\/p>\n<p style=\"text-align: center;\"><strong>Los mediocres tienen a sus propios aduladores\u2026 al mejor postor<\/strong><\/p>\n<p>Como toda Corte de Miserables, la de ese jaez requiere de aduladores, y eso se torna m\u00e1s f\u00e1cil que la tabla del uno: echan mano del presupuesto para controlar los \u201cmoches\u201d de la prensa infame. Tienen comprados casi a todos los loros del circo. Cada uno tiene un precio m\u00e1s que conocido.<\/p>\n<p>Son las mancuernas que nunca fallan. Siempre est\u00e1 puntual el cobro de la maleta, previo descuento con el publirrelacionista en jefe quien casi siempre se queda con la parte del le\u00f3n.<\/p>\n<p>As\u00ed se forjan las catervas y las pandillas de los mediocres que nos aniquilan. Un jueguito aparentemente insulso, pero demasiado peligroso.<\/p>\n<p style=\"text-align: center;\"><strong>El ocaso de los mediocres, \u00bfel fin de los paniaguados del poder?<\/strong><\/p>\n<p>Las estafas maestras con nuestros impuestos, a trav\u00e9s de triangulaciones y maquinaciones con fantasmas de la empresa, con inexistentes bultos de las cofrad\u00edas del enga\u00f1o, son la prueba palpable de estos tiquismiquis que ya no asombran, sino denigran.<\/p>\n<p>Son los constructores de la vacuidad. Por eso les molesta que alguien les eche a perder el negocio, ellos s\u00f3lo necesitan a los aplaudidores del merolico que oficia en Palacio. Cuando ven a alguien que se codea con el populacho lo se\u00f1alan y condenan como fif\u00ed, como conservador que atenta contra las buenas costumbres de su transformaci\u00f3n.<\/p>\n<p>La Rep\u00fablica, dicen ellos, est\u00e1 a sus pies. Los interlocutores de la gleba, tambi\u00e9n. La verg\u00fcenza popular no existe: ha sido enga\u00f1ada por los medios a la venta. Los aplaudidores los elevan a la categor\u00eda de h\u00e9roes civiles, referentes obligados del sistema, due\u00f1os de secretos, que en medio de su indolencia, les pasaron de noche.<\/p>\n<p>Por eso, el ocaso de los mediocres puede ser el fin de los paniaguados del poder, el infierno de todos tan temido. La pesadilla del ostracismo o de la c\u00e1rcel que los amenaza por igual. La dignidad ofendida hecha justicia.<\/p>\n<p style=\"text-align: center;\"><strong>Reaccionar ante los mediocres, de extrema importancia y urgencia<\/strong><\/p>\n<p>Hoy que el mundo pone los ojos en lo que se hace y se deja de hacer en M\u00e9xico, debemos aprovechar la oportunidad para impedir que el atraco, la rapi\u00f1a y la ignorancia sienten definitivamente sus reales en este pa\u00eds, tan urgido de verdad y tan necesitado de justicia.<\/p>\n<p>Por \u00fanica y quiz\u00e1 \u00faltima vez debemos comprobar que s\u00ed se puede. S\u00ed se ha podido en otros episodios de la historia, no tiene por qu\u00e9 ser diferente estar tan lejos el objetivo.<\/p>\n<p>Y debemos hacerlo antes de que el real vac\u00edo de poder se asome a nuestras habitaciones. Antes de que su rostro demacrado y macilento nos informe que ha ganado la turbamulta, la chabacaner\u00eda, la masiva ignorancia, porque el gobierno se haya demolido por dentro. Antes de que acuda a su particular raz\u00f3n de Estado para exterminarnos a todos.<\/p>\n<p>Antes de que lleguen los coletazos y los estertores ante el avance de la verdad, nosotros debemos ser los primeros en salvarnos. Despertar es de extrema importancia, de extrema urgencia. Es ahora o nunca.<\/p>\n<p>\u00bfNo cree usted?<\/p>\n<p><strong><em>\u00cdndice Flam\u00edgero<\/em><\/strong>: La 4T necesitar\u00e1 tomar una decisi\u00f3n importante. O se resignan a cambiar su modelo de gobernanza y salen como cualquier ciudadano tras haber ejercido su servicio p\u00fablico, o se mantienen hasta que inevitablemente los pilares que la sostienen se vuelquen contra ellos y vean un destino peor del que jam\u00e1s pudiesen haber proyectado.<\/p>\n<p><em><u><a href=\"http:\/\/www.indicepolitico.com\" target=\"_blank\" rel=\"noopener noreferrer\">www.indicepolitico.com<\/a><\/u><u><br \/>\n<\/u><a href=\"mailto:indicepolitico@gmail.com\" target=\"_blank\" rel=\"noopener noreferrer\">indicepolitico@gmail.com<\/a><\/em><br \/>\n<em><a href=\"https:\/\/twitter.com\/indicepolitico?lang=es\" target=\"_blank\" rel=\"noopener noreferrer\">@IndicePolitico<\/a><\/em><br \/>\n<em><u><a href=\"https:\/\/twitter.com\/pacorodriguez\" target=\"_blank\" rel=\"noopener noreferrer\">@pacorodriguez<\/a><\/u><\/em><\/p>\n","protected":false},"excerpt":{"rendered":"<p><span style=\"color: #005497;\"><strong>Francisco Rodr\u00edguez<\/strong><\/span><br \/>\n<br \/>\nA velocidad turbo transitamos en M\u00e9xico por un camino peligroso: vamos cruzando ya la delgada l\u00ednea fronteriza entre lo prometido y lo que se define como la tierra de nadie, donde cohabitan las omisiones y los esc\u00e1ndalos de la autoridad, la inmunidad de la delincuencia, la cobard\u00eda de las oposiciones y los abusos de la justicia establecida.<\/p>\n","protected":false},"author":3,"featured_media":0,"comment_status":"open","ping_status":"open","sticky":false,"template":"","format":"standard","meta":{"_monsterinsights_skip_tracking":false,"_monsterinsights_sitenote_active":false,"_monsterinsights_sitenote_note":"","_monsterinsights_sitenote_category":0,"footnotes":""},"categories":[549],"tags":[43689,550,43674],"class_list":["post-487689","post","type-post","status-publish","format-standard","hentry","category-francisco-rodriguez","tag-francisco-rodriguez","tag-indice-politico","tag-opinion"],"_links":{"self":[{"href":"https:\/\/www.diarioimagen.net\/index.php?rest_route=\/wp\/v2\/posts\/487689","targetHints":{"allow":["GET"]}}],"collection":[{"href":"https:\/\/www.diarioimagen.net\/index.php?rest_route=\/wp\/v2\/posts"}],"about":[{"href":"https:\/\/www.diarioimagen.net\/index.php?rest_route=\/wp\/v2\/types\/post"}],"author":[{"embeddable":true,"href":"https:\/\/www.diarioimagen.net\/index.php?rest_route=\/wp\/v2\/users\/3"}],"replies":[{"embeddable":true,"href":"https:\/\/www.diarioimagen.net\/index.php?rest_route=%2Fwp%2Fv2%2Fcomments&post=487689"}],"version-history":[{"count":0,"href":"https:\/\/www.diarioimagen.net\/index.php?rest_route=\/wp\/v2\/posts\/487689\/revisions"}],"wp:attachment":[{"href":"https:\/\/www.diarioimagen.net\/index.php?rest_route=%2Fwp%2Fv2%2Fmedia&parent=487689"}],"wp:term":[{"taxonomy":"category","embeddable":true,"href":"https:\/\/www.diarioimagen.net\/index.php?rest_route=%2Fwp%2Fv2%2Fcategories&post=487689"},{"taxonomy":"post_tag","embeddable":true,"href":"https:\/\/www.diarioimagen.net\/index.php?rest_route=%2Fwp%2Fv2%2Ftags&post=487689"}],"curies":[{"name":"wp","href":"https:\/\/api.w.org\/{rel}","templated":true}]}}