{"id":487739,"date":"2020-11-26T00:01:14","date_gmt":"2020-11-26T06:01:14","guid":{"rendered":"https:\/\/www.diarioimagen.net\/?p=487739"},"modified":"2020-11-25T21:37:01","modified_gmt":"2020-11-26T03:37:01","slug":"mejoramiento-de-la-infraestructura-vial-en-cuautitlan","status":"publish","type":"post","link":"https:\/\/www.diarioimagen.net\/?p=487739","title":{"rendered":"Mejoramiento de la infraestructura vial\u00a0en Cuautitl\u00e1n"},"content":{"rendered":"<p>&nbsp;<\/p>\n<p><img loading=\"lazy\" decoding=\"async\" class=\"aligncenter size-full wp-image-487740\" src=\"https:\/\/www.diarioimagen.net\/wp-content\/uploads\/2020\/11\/CAMACHO26-dPOR.jpg\" alt=\"\" width=\"460\" height=\"270\" \/><\/p>\n<p>&nbsp;<\/p>\n<p><strong>Cuautitl\u00e1n, Estado de M\u00e9xico<\/strong><b>.- <\/b>Con el mejoramiento de la infraestructura vial, se avanza en la transformaci\u00f3n del municipio en beneficio de la ciudadan\u00eda, destac\u00f3 Ariel Ju\u00e1rez Rodr\u00edguez, presidente municipal, al entregar los trabajos de reencarpertamiento de la calle Tlaltepan de la Unidad Habitacional Cebadales.<\/p>\n<p>Estos trabajos permiten agilizar el tr\u00e1nsito vehicular en la zona, adem\u00e1s de dar seguridad a los vecinos, pero sobre todo son parte de los trabajos del mejoramiento de la infraestructura vial que se vienen realizando en avenidas y calles, que estuvieron sin mantenimiento y mal construidas, destac\u00f3 el alcalde, acompa\u00f1ado de vecinos y autoridades auxiliares de Cebadales.<\/p>\n","protected":false},"excerpt":{"rendered":"<p>Con el mejoramiento de la infraestructura vial, se avanza en la transformaci\u00f3n del municipio en beneficio de la ciudadan\u00eda, destac\u00f3 Ariel Ju\u00e1rez Rodr\u00edguez, presidente municipal, al entregar los trabajos de reencarpertamiento de la calle Tlaltepan de la Unidad Habitacional Cebadales.<\/p>\n","protected":false},"author":1,"featured_media":487740,"comment_status":"open","ping_status":"open","sticky":false,"template":"","format":"standard","meta":{"_monsterinsights_skip_tracking":false,"_monsterinsights_sitenote_active":false,"_monsterinsights_sitenote_note":"","_monsterinsights_sitenote_category":0,"footnotes":""},"categories":[5],"tags":[681,43675],"class_list":["post-487739","post","type-post","status-publish","format-standard","has-post-thumbnail","hentry","category-estado-de-mexico","tag-cuautitlan","tag-estado-de-mexico"],"_links":{"self":[{"href":"https:\/\/www.diarioimagen.net\/index.php?rest_route=\/wp\/v2\/posts\/487739","targetHints":{"allow":["GET"]}}],"collection":[{"href":"https:\/\/www.diarioimagen.net\/index.php?rest_route=\/wp\/v2\/posts"}],"about":[{"href":"https:\/\/www.diarioimagen.net\/index.php?rest_route=\/wp\/v2\/types\/post"}],"author":[{"embeddable":true,"href":"https:\/\/www.diarioimagen.net\/index.php?rest_route=\/wp\/v2\/users\/1"}],"replies":[{"embeddable":true,"href":"https:\/\/www.diarioimagen.net\/index.php?rest_route=%2Fwp%2Fv2%2Fcomments&post=487739"}],"version-history":[{"count":0,"href":"https:\/\/www.diarioimagen.net\/index.php?rest_route=\/wp\/v2\/posts\/487739\/revisions"}],"wp:featuredmedia":[{"embeddable":true,"href":"https:\/\/www.diarioimagen.net\/index.php?rest_route=\/wp\/v2\/media\/487740"}],"wp:attachment":[{"href":"https:\/\/www.diarioimagen.net\/index.php?rest_route=%2Fwp%2Fv2%2Fmedia&parent=487739"}],"wp:term":[{"taxonomy":"category","embeddable":true,"href":"https:\/\/www.diarioimagen.net\/index.php?rest_route=%2Fwp%2Fv2%2Fcategories&post=487739"},{"taxonomy":"post_tag","embeddable":true,"href":"https:\/\/www.diarioimagen.net\/index.php?rest_route=%2Fwp%2Fv2%2Ftags&post=487739"}],"curies":[{"name":"wp","href":"https:\/\/api.w.org\/{rel}","templated":true}]}}