{"id":487742,"date":"2020-11-26T00:02:08","date_gmt":"2020-11-26T06:02:08","guid":{"rendered":"https:\/\/www.diarioimagen.net\/?p=487742"},"modified":"2020-11-25T21:38:07","modified_gmt":"2020-11-26T03:38:07","slug":"apoyan-con-instrumentos-musicales-a-la-sinfonica-juvenil-naucalpense","status":"publish","type":"post","link":"https:\/\/www.diarioimagen.net\/?p=487742","title":{"rendered":"Apoyan con instrumentos musicales\u00a0a la Sinf\u00f3nica Juvenil Naucalpense"},"content":{"rendered":"<p>&nbsp;<\/p>\n<ul>\n<li><em><b>Convenio de comodato con asociaci\u00f3n civil<span class=\"Apple-converted-space\">\u00a0<\/span><\/b><\/em><\/li>\n<\/ul>\n<p>&nbsp;<\/p>\n<div id=\"attachment_487743\" style=\"width: 470px\" class=\"wp-caption aligncenter\"><img loading=\"lazy\" decoding=\"async\" aria-describedby=\"caption-attachment-487743\" class=\"size-full wp-image-487743\" src=\"https:\/\/www.diarioimagen.net\/wp-content\/uploads\/2020\/11\/CAMACHO26-cPOR.jpg\" alt=\"\" width=\"460\" height=\"270\" \/><p id=\"caption-attachment-487743\" class=\"wp-caption-text\">La alcaldesa Patricia Dur\u00e1n Reveles firm\u00f3 un convenio de comodato con la asociaci\u00f3n civil La Vivienda, Un Factor de Bienestar Social,\u00a0<br \/>a fin de apoyar a integrantes de la Sinf\u00f3nica Juvenil Naucalpense.<\/p><\/div>\n<p>&nbsp;<\/p>\n<p><strong>Naucalpan, Estado de M\u00e9xico<\/strong>.- La presidenta municipal, Patricia Dur\u00e1n Reveles, firm\u00f3 un convenio de comodato con la asociaci\u00f3n civil La Vivienda, Un Factor de Bienestar Social (Vifabis), a fin de apoyar a los integrantes de la Sinf\u00f3nica Juvenil Naucalpense (SIJUN) con cuatro instrumentos musicales de alta calidad.<\/p>\n<p>A trav\u00e9s de C\u00e9sar Jacobo Morales N\u00e1jera, procurador de fondos de la asociaci\u00f3n civil, se realiz\u00f3 la firma y entrega de un juego de timbales Ludwig, un xil\u00f3fono Musser, un bombo sinf\u00f3nico Ludwig y una campana tubular Deagan.<\/p>\n<p>De acuerdo con el comodato establecido ante la Secretaria de Cultura, Abigail Mart\u00ednez Salas, y el director del OAPAS, Ricardo Gudi\u00f1o Morales, los instrumentos proporcionados podr\u00e1n ser utilizados por la Sinf\u00f3nica hasta el 31 de diciembre de 2021.<\/p>\n<p>C\u00e9sar Jacobo Morales N\u00e1jera, procurador de fondos de Vifabis, puntualiz\u00f3 que la firma entre la Mun\u00edcipe Dur\u00e1n Reveles y la asociaci\u00f3n civil refuerza la estrecha relaci\u00f3n entre la sociedad y el Gobierno, para beneficio de j\u00f3venes m\u00fasicos, as\u00ed como para impulsar la cultura en Naucalpan. \u201cCon la Administraci\u00f3n actual es la primera vez que trabajamos en coordinaci\u00f3n para fomentar la m\u00fasica y la cultura.<\/p>\n<p>\u201cLe comentamos a la Presidenta Municipal que para nosotros es de mucha satisfacci\u00f3n poder continuar apoyando a la SIJUN y que se sigan generando nuevos talentos j\u00f3venes, para que le saquen provecho a esos instrumentos, porque sabemos que un instrumento en las manos de un ni\u00f1o lo convierte en mejor persona\u201d, dijo.<\/p>\n<p>La Sinf\u00f3nica Juvenil Naucalpense contin\u00faa con sus presentaciones dominicales en punto de las 12:00 horas v\u00eda streaming. Si deseas m\u00e1s informaci\u00f3n visita el portal del Centro Cultural Virtual Naucalpan (CCVN),\u00a0https:\/\/ccvn.naucalpan.gob.mx\/.<\/p>\n","protected":false},"excerpt":{"rendered":"<p>La presidenta municipal, Patricia Dur\u00e1n Reveles, firm\u00f3 un convenio de comodato con la asociaci\u00f3n civil La Vivienda, Un Factor de Bienestar Social (Vifabis), a fin de apoyar a los integrantes de la Sinf\u00f3nica Juvenil Naucalpense (SIJUN) con cuatro instrumentos musicales de alta calidad.<\/p>\n","protected":false},"author":1,"featured_media":487743,"comment_status":"open","ping_status":"open","sticky":false,"template":"","format":"standard","meta":{"_monsterinsights_skip_tracking":false,"_monsterinsights_sitenote_active":false,"_monsterinsights_sitenote_note":"","_monsterinsights_sitenote_category":0,"footnotes":""},"categories":[5],"tags":[43675,970],"class_list":["post-487742","post","type-post","status-publish","format-standard","has-post-thumbnail","hentry","category-estado-de-mexico","tag-estado-de-mexico","tag-naucalpan"],"_links":{"self":[{"href":"https:\/\/www.diarioimagen.net\/index.php?rest_route=\/wp\/v2\/posts\/487742","targetHints":{"allow":["GET"]}}],"collection":[{"href":"https:\/\/www.diarioimagen.net\/index.php?rest_route=\/wp\/v2\/posts"}],"about":[{"href":"https:\/\/www.diarioimagen.net\/index.php?rest_route=\/wp\/v2\/types\/post"}],"author":[{"embeddable":true,"href":"https:\/\/www.diarioimagen.net\/index.php?rest_route=\/wp\/v2\/users\/1"}],"replies":[{"embeddable":true,"href":"https:\/\/www.diarioimagen.net\/index.php?rest_route=%2Fwp%2Fv2%2Fcomments&post=487742"}],"version-history":[{"count":0,"href":"https:\/\/www.diarioimagen.net\/index.php?rest_route=\/wp\/v2\/posts\/487742\/revisions"}],"wp:featuredmedia":[{"embeddable":true,"href":"https:\/\/www.diarioimagen.net\/index.php?rest_route=\/wp\/v2\/media\/487743"}],"wp:attachment":[{"href":"https:\/\/www.diarioimagen.net\/index.php?rest_route=%2Fwp%2Fv2%2Fmedia&parent=487742"}],"wp:term":[{"taxonomy":"category","embeddable":true,"href":"https:\/\/www.diarioimagen.net\/index.php?rest_route=%2Fwp%2Fv2%2Fcategories&post=487742"},{"taxonomy":"post_tag","embeddable":true,"href":"https:\/\/www.diarioimagen.net\/index.php?rest_route=%2Fwp%2Fv2%2Ftags&post=487742"}],"curies":[{"name":"wp","href":"https:\/\/api.w.org\/{rel}","templated":true}]}}