{"id":487745,"date":"2020-11-26T00:03:47","date_gmt":"2020-11-26T06:03:47","guid":{"rendered":"https:\/\/www.diarioimagen.net\/?p=487745"},"modified":"2020-11-25T21:39:09","modified_gmt":"2020-11-26T03:39:09","slug":"con-enfoque-de-genero-el-gobierno-de-huixquilucan-mejora-oficialia-conciliadora","status":"publish","type":"post","link":"https:\/\/www.diarioimagen.net\/?p=487745","title":{"rendered":"Con enfoque de g\u00e9nero, el gobierno de\u00a0Huixquilucan mejora Oficial\u00eda Conciliadora"},"content":{"rendered":"<p>&nbsp;<\/p>\n<ul>\n<li><em><b>Respeto a los derechos humanos<\/b><\/em><\/li>\n<\/ul>\n<p>&nbsp;<\/p>\n<div id=\"attachment_487746\" style=\"width: 470px\" class=\"wp-caption aligncenter\"><img loading=\"lazy\" decoding=\"async\" aria-describedby=\"caption-attachment-487746\" class=\"size-full wp-image-487746\" src=\"https:\/\/www.diarioimagen.net\/wp-content\/uploads\/2020\/11\/CAMACHO26-bPOR.jpg\" alt=\"\" width=\"460\" height=\"270\" \/><p id=\"caption-attachment-487746\" class=\"wp-caption-text\">Fueron remodeladas las instalaciones de la Oficial\u00eda Conciliadora y el \u00e1rea de galeras, en Huixquilucan, con enfoque de g\u00e9nero.<\/p><\/div>\n<p>&nbsp;<\/p>\n<p><strong>Huixquilucan, Estado de M\u00e9xico<\/strong>.- El respeto a los derechos humanos es una pieza fundamental para el gobierno municipal, por ello fueron remodeladas las instalaciones de la Oficial\u00eda Conciliadora y el \u00e1rea de galeras.<\/p>\n<p>Mar\u00eda Jos\u00e9 Rueda Beirana, directora de Servicios Ciudadanos, se\u00f1al\u00f3 que el presidente municipal Enrique Vargas del Villar instruy\u00f3 para que en aras de salvaguardar la integridad de las personas remitidas a la Oficial\u00eda Calificadora, se instalara circuito cerrado de video vigilancia y grabaci\u00f3n en todas las instalaciones incluida el \u00e1rea de las galeras, adem\u00e1s de implementar un sistema de ventilaci\u00f3n mediante extractores de aire al interior de las galeras e iluminaci\u00f3n artificial complementaria.<\/p>\n<p>De igual manera, se aplic\u00f3 pintura y reforzamiento de las puertas y rejas de las celdas; se facilit\u00f3 el acceso con una rampa para discapacitados. Tambi\u00e9n se hizo mejoramiento y ajuste de los sanitarios de cada celda e implementaci\u00f3n de regadera con agua caliente.<\/p>\n<p>Tambi\u00e9n se adquiri\u00f3 equipo nuevo de colchonetas y cobijas para cada galera, adem\u00e1s de que se inaugur\u00f3 una \u00e1rea exclusiva para la detenci\u00f3n de personas de sexo femenino. En este sentido, Rueda Beirana inform\u00f3 que durante las presentaciones ante el juez c\u00edvico, las mujeres estar\u00e1n acompa\u00f1adas por una polic\u00eda de g\u00e9nero, de las cuales en cada turno estar\u00e1 asignada una.<\/p>\n<p>Durante el recorrido por las instalaciones, C\u00e9sar Archundia Camacho, Visitador General de la Comisi\u00f3n de Derechos Humanos sede Naucalpan, reconoci\u00f3 el trabajo realizado, ya que con estas adecuaciones las personas que lleguen a este lugar podr\u00e1n recibir un trato digno.<\/p>\n<p>Agreg\u00f3, que el municipio de Huixquilucan ha destacado por atender las quejas y recomendaciones de la poblaci\u00f3n en materia de Derechos Humanos, siendo estas instalaciones claro ejemplo de ello.<\/p>\n","protected":false},"excerpt":{"rendered":"<p>El respeto a los derechos humanos es una pieza fundamental para el gobierno municipal, por ello fueron remodeladas las instalaciones de la Oficial\u00eda Conciliadora y el \u00e1rea de galeras.<\/p>\n","protected":false},"author":1,"featured_media":487746,"comment_status":"open","ping_status":"open","sticky":false,"template":"","format":"standard","meta":{"_monsterinsights_skip_tracking":false,"_monsterinsights_sitenote_active":false,"_monsterinsights_sitenote_note":"","_monsterinsights_sitenote_category":0,"footnotes":""},"categories":[5],"tags":[43675,1097],"class_list":["post-487745","post","type-post","status-publish","format-standard","has-post-thumbnail","hentry","category-estado-de-mexico","tag-estado-de-mexico","tag-huixquilucan"],"_links":{"self":[{"href":"https:\/\/www.diarioimagen.net\/index.php?rest_route=\/wp\/v2\/posts\/487745","targetHints":{"allow":["GET"]}}],"collection":[{"href":"https:\/\/www.diarioimagen.net\/index.php?rest_route=\/wp\/v2\/posts"}],"about":[{"href":"https:\/\/www.diarioimagen.net\/index.php?rest_route=\/wp\/v2\/types\/post"}],"author":[{"embeddable":true,"href":"https:\/\/www.diarioimagen.net\/index.php?rest_route=\/wp\/v2\/users\/1"}],"replies":[{"embeddable":true,"href":"https:\/\/www.diarioimagen.net\/index.php?rest_route=%2Fwp%2Fv2%2Fcomments&post=487745"}],"version-history":[{"count":0,"href":"https:\/\/www.diarioimagen.net\/index.php?rest_route=\/wp\/v2\/posts\/487745\/revisions"}],"wp:featuredmedia":[{"embeddable":true,"href":"https:\/\/www.diarioimagen.net\/index.php?rest_route=\/wp\/v2\/media\/487746"}],"wp:attachment":[{"href":"https:\/\/www.diarioimagen.net\/index.php?rest_route=%2Fwp%2Fv2%2Fmedia&parent=487745"}],"wp:term":[{"taxonomy":"category","embeddable":true,"href":"https:\/\/www.diarioimagen.net\/index.php?rest_route=%2Fwp%2Fv2%2Fcategories&post=487745"},{"taxonomy":"post_tag","embeddable":true,"href":"https:\/\/www.diarioimagen.net\/index.php?rest_route=%2Fwp%2Fv2%2Ftags&post=487745"}],"curies":[{"name":"wp","href":"https:\/\/api.w.org\/{rel}","templated":true}]}}