{"id":487751,"date":"2020-11-26T00:05:27","date_gmt":"2020-11-26T06:05:27","guid":{"rendered":"https:\/\/www.diarioimagen.net\/?p=487751"},"modified":"2020-11-26T22:00:33","modified_gmt":"2020-11-27T04:00:33","slug":"la-uaem-y-agencia-espacial-mexicana-impulsaran-productividad-agricola-con-satelites","status":"publish","type":"post","link":"https:\/\/www.diarioimagen.net\/?p=487751","title":{"rendered":"UAEM y Agencia Espacial Mexicana impulsar\u00e1n productividad agr\u00edcola con apoyo satelital"},"content":{"rendered":"<p>&nbsp;<\/p>\n<ul>\n<li><strong><em>Esto permitir\u00e1 una mejor planificaci\u00f3n del uso de la tierra, la conservaci\u00f3n de los recursos naturales, una cadena de suministros cada vez m\u00e1s sostenible, resiliencia ante desastres naturales y reducci\u00f3n de costos para hacer m\u00e1s con menos<\/em><\/strong><\/li>\n<\/ul>\n<p>&nbsp;<\/p>\n<div id=\"attachment_487752\" style=\"width: 410px\" class=\"wp-caption aligncenter\"><img loading=\"lazy\" decoding=\"async\" aria-describedby=\"caption-attachment-487752\" class=\"wp-image-487752\" src=\"https:\/\/www.diarioimagen.net\/wp-content\/uploads\/2020\/11\/UaemPOR-7.jpg\" alt=\"\" width=\"400\" height=\"600\" \/><p id=\"caption-attachment-487752\" class=\"wp-caption-text\">La UAEM inaugur\u00f3 en junio de 2019, en su Facultad de Geograf\u00eda, las instalaciones que albergan el Laboratorio Nacional de Observaci\u00f3n de la Tierra.<\/p><\/div>\n<p><strong>\u00a0<\/strong><\/p>\n<p><strong>Toluca, Estado de M\u00e9xico.\u2013<\/strong> La Universidad Aut\u00f3noma del Estado de M\u00e9xico y la Agencia Espacial Mexicana (AEM) firmaron un convenio espec\u00edfico de colaboraci\u00f3n que permitir\u00e1 operar un programa piloto para impulsar la productividad agr\u00edcola con el apoyo de sat\u00e9lites.<\/p>\n<p>Durante la firma de este documento, el director general de AEM \u2013organismo descentralizado de la Secretar\u00eda de Comunicaciones y Transportes-, Salvador Landeros Ayala, reconoci\u00f3 la visi\u00f3n del rector Alfredo Barrera Baca, que permitir\u00e1 iniciar los trabajos de este programa piloto, que marca un hito en M\u00e9xico. Afirm\u00f3 que se redoblar\u00e1n esfuerzos para crear un modelo que luego pueda replicarse en otras entidades y contribuir con la seguridad alimentaria de nuestro pa\u00eds.<\/p>\n<p>Tras su lanzamiento, durante el segundo semestre de 2021, el programa tendr\u00e1 apoyo adicional del Nanosat\u00e9lite D2\/Atlacom-1, que fortalecer\u00e1 la informaci\u00f3n y bases de datos disponibles para este impulso a la agricultura, as\u00ed como la formaci\u00f3n de m\u00e1s estudiantes mexicanos en esta materia.<\/p>\n<p>En este marco, se destac\u00f3 que la Aut\u00f3noma mexiquense, pionera en el uso de estas tecnolog\u00edas, inaugur\u00f3 en junio de 2019, en su Facultad de Geograf\u00eda, las instalaciones que albergan el Laboratorio Nacional de Observaci\u00f3n de la Tierra (LANOT), dedicado al an\u00e1lisis y procesamiento de datos satelitales y en el cual se desempe\u00f1a un equipo de especialistas en la materia.<\/p>\n<p>El apoyo satelital a la productividad agr\u00edcola, conocido t\u00e9cnicamente como agricultura de precisi\u00f3n, permite una mejor planificaci\u00f3n del uso de la tierra, la conservaci\u00f3n de los recursos naturales, una cadena de suministros cada vez m\u00e1s sostenible, resiliencia ante desastres naturales y reducci\u00f3n de costos para hacer m\u00e1s con menos.<\/p>\n<p>Estudios del Banco Interamericano de Desarrollo indican que la agricultura de precisi\u00f3n, adem\u00e1s de contribuir a la seguridad alimentaria, gracias al incremento de la producci\u00f3n de las tierras, permite a las comunidades rurales lograr mayor sustentabilidad, crear nuevas oportunidades de empleo calificado y reducir la brecha entre productores y comercializadores.<\/p>\n<p>Este tipo de programas ha sido implementado en pa\u00edses como Israel, que en limitadas extensiones geogr\u00e1ficas de terreno consigue proporcionalmente m\u00e1s producci\u00f3n por hect\u00e1rea, mayor eficacia en prevenci\u00f3n de plagas y un mayor ahorro de agua que la mayor\u00eda de pa\u00edses del mundo. En la firma de este documento tambi\u00e9n estuvieron presentes el secretario de Investigaci\u00f3n y Estudios Avanzados de la UAEM, Carlos Eduardo Barrera D\u00edaz; el director de la Facultad de Geograf\u00eda, Rodrigo Huitr\u00f3n Rodr\u00edguez, y el director de Relaciones Interinstitucionales de la AEM, Guillermo Castro Sandoval.<\/p>\n","protected":false},"excerpt":{"rendered":"<p>La Universidad Aut\u00f3noma del Estado de M\u00e9xico y la Agencia Espacial Mexicana (AEM) firmaron un convenio espec\u00edfico de colaboraci\u00f3n que permitir\u00e1 operar un programa piloto para impulsar la productividad agr\u00edcola con el apoyo de sat\u00e9lites.<\/p>\n","protected":false},"author":1,"featured_media":487753,"comment_status":"open","ping_status":"open","sticky":false,"template":"","format":"standard","meta":{"_monsterinsights_skip_tracking":false,"_monsterinsights_sitenote_active":false,"_monsterinsights_sitenote_note":"","_monsterinsights_sitenote_category":0,"footnotes":""},"categories":[5],"tags":[86757,43675,452,1491],"class_list":["post-487751","post","type-post","status-publish","format-standard","has-post-thumbnail","hentry","category-estado-de-mexico","tag-agencia-espacial-mexicana","tag-estado-de-mexico","tag-toluca","tag-uaem"],"_links":{"self":[{"href":"https:\/\/www.diarioimagen.net\/index.php?rest_route=\/wp\/v2\/posts\/487751","targetHints":{"allow":["GET"]}}],"collection":[{"href":"https:\/\/www.diarioimagen.net\/index.php?rest_route=\/wp\/v2\/posts"}],"about":[{"href":"https:\/\/www.diarioimagen.net\/index.php?rest_route=\/wp\/v2\/types\/post"}],"author":[{"embeddable":true,"href":"https:\/\/www.diarioimagen.net\/index.php?rest_route=\/wp\/v2\/users\/1"}],"replies":[{"embeddable":true,"href":"https:\/\/www.diarioimagen.net\/index.php?rest_route=%2Fwp%2Fv2%2Fcomments&post=487751"}],"version-history":[{"count":0,"href":"https:\/\/www.diarioimagen.net\/index.php?rest_route=\/wp\/v2\/posts\/487751\/revisions"}],"wp:featuredmedia":[{"embeddable":true,"href":"https:\/\/www.diarioimagen.net\/index.php?rest_route=\/wp\/v2\/media\/487753"}],"wp:attachment":[{"href":"https:\/\/www.diarioimagen.net\/index.php?rest_route=%2Fwp%2Fv2%2Fmedia&parent=487751"}],"wp:term":[{"taxonomy":"category","embeddable":true,"href":"https:\/\/www.diarioimagen.net\/index.php?rest_route=%2Fwp%2Fv2%2Fcategories&post=487751"},{"taxonomy":"post_tag","embeddable":true,"href":"https:\/\/www.diarioimagen.net\/index.php?rest_route=%2Fwp%2Fv2%2Ftags&post=487751"}],"curies":[{"name":"wp","href":"https:\/\/api.w.org\/{rel}","templated":true}]}}