{"id":487893,"date":"2020-11-27T00:01:51","date_gmt":"2020-11-27T06:01:51","guid":{"rendered":"https:\/\/www.diarioimagen.net\/?p=487893"},"modified":"2020-11-26T21:52:01","modified_gmt":"2020-11-27T03:52:01","slug":"declara-huixquilucan-sede-alterna-para-segundo-informe-de-vargas-del-villar","status":"publish","type":"post","link":"https:\/\/www.diarioimagen.net\/?p=487893","title":{"rendered":"Declara Huixquilucan sede alterna para segundo informe\u00a0de Vargas del Villar"},"content":{"rendered":"<p>&nbsp;<\/p>\n<p><img loading=\"lazy\" decoding=\"async\" class=\"size-full wp-image-487894 aligncenter\" src=\"https:\/\/www.diarioimagen.net\/wp-content\/uploads\/2020\/11\/CAMACHO27-dPOR.jpg\" alt=\"\" width=\"460\" height=\"270\" \/><\/p>\n<p>&nbsp;<\/p>\n<p><strong>Huixquilucan, Estado de M\u00e9xico<\/strong><b>.- <\/b>El pleno del Cabildo autoriz\u00f3 declarar como recinto oficial el estacionamiento del Centro Administrativo de Pirules a efecto de que el presidente municipal, Enrique Vargas del Villar, rinda su segundo informe de gobierno.<\/p>\n<p>El pr\u00f3ximo 1 de diciembre, se llevar\u00e1 a cabo la sesi\u00f3n solemne de Cabildo en la que Vargas del Villar dar\u00e1 cuenta del estado que guarda el municipio en temas de salud, seguridad, obra p\u00fablica, desarrollo social y econ\u00f3mico, entre otros. Derivado de la contingencia sanitaria por coronavirus, el acceso ser\u00e1 limitado, adem\u00e1s de que se aplicar\u00e1n los protocolos de seguridad pertinentes a efecto de prevenir contagios de Covid-19.<\/p>\n","protected":false},"excerpt":{"rendered":"<p>El pleno del Cabildo autoriz\u00f3 declarar como recinto oficial el estacionamiento del Centro Administrativo de Pirules a efecto de que el presidente municipal, Enrique Vargas del Villar, rinda su segundo informe de gobierno.<\/p>\n","protected":false},"author":1,"featured_media":487894,"comment_status":"open","ping_status":"open","sticky":false,"template":"","format":"standard","meta":{"_monsterinsights_skip_tracking":false,"_monsterinsights_sitenote_active":false,"_monsterinsights_sitenote_note":"","_monsterinsights_sitenote_category":0,"footnotes":""},"categories":[5],"tags":[43675,1097],"class_list":["post-487893","post","type-post","status-publish","format-standard","has-post-thumbnail","hentry","category-estado-de-mexico","tag-estado-de-mexico","tag-huixquilucan"],"_links":{"self":[{"href":"https:\/\/www.diarioimagen.net\/index.php?rest_route=\/wp\/v2\/posts\/487893","targetHints":{"allow":["GET"]}}],"collection":[{"href":"https:\/\/www.diarioimagen.net\/index.php?rest_route=\/wp\/v2\/posts"}],"about":[{"href":"https:\/\/www.diarioimagen.net\/index.php?rest_route=\/wp\/v2\/types\/post"}],"author":[{"embeddable":true,"href":"https:\/\/www.diarioimagen.net\/index.php?rest_route=\/wp\/v2\/users\/1"}],"replies":[{"embeddable":true,"href":"https:\/\/www.diarioimagen.net\/index.php?rest_route=%2Fwp%2Fv2%2Fcomments&post=487893"}],"version-history":[{"count":0,"href":"https:\/\/www.diarioimagen.net\/index.php?rest_route=\/wp\/v2\/posts\/487893\/revisions"}],"wp:featuredmedia":[{"embeddable":true,"href":"https:\/\/www.diarioimagen.net\/index.php?rest_route=\/wp\/v2\/media\/487894"}],"wp:attachment":[{"href":"https:\/\/www.diarioimagen.net\/index.php?rest_route=%2Fwp%2Fv2%2Fmedia&parent=487893"}],"wp:term":[{"taxonomy":"category","embeddable":true,"href":"https:\/\/www.diarioimagen.net\/index.php?rest_route=%2Fwp%2Fv2%2Fcategories&post=487893"},{"taxonomy":"post_tag","embeddable":true,"href":"https:\/\/www.diarioimagen.net\/index.php?rest_route=%2Fwp%2Fv2%2Ftags&post=487893"}],"curies":[{"name":"wp","href":"https:\/\/api.w.org\/{rel}","templated":true}]}}