{"id":487897,"date":"2020-11-27T00:02:00","date_gmt":"2020-11-27T06:02:00","guid":{"rendered":"https:\/\/www.diarioimagen.net\/?p=487897"},"modified":"2020-11-26T21:53:33","modified_gmt":"2020-11-27T03:53:33","slug":"en-cuautitlan-se-trabaja-en-eliminacion-de-la-violencia-contra-las-mujeres-ariel-juarez","status":"publish","type":"post","link":"https:\/\/www.diarioimagen.net\/?p=487897","title":{"rendered":"En Cuautitl\u00e1n se trabaja en eliminaci\u00f3n de la violencia contra las mujeres: Ariel Ju\u00e1rez"},"content":{"rendered":"<p>&nbsp;<\/p>\n<ul>\n<li><em><b>Garantiza la libre expresi\u00f3n de ideas<\/b><\/em><\/li>\n<\/ul>\n<p>&nbsp;<\/p>\n<div id=\"attachment_487898\" style=\"width: 470px\" class=\"wp-caption aligncenter\"><img loading=\"lazy\" decoding=\"async\" aria-describedby=\"caption-attachment-487898\" class=\"size-full wp-image-487898\" src=\"https:\/\/www.diarioimagen.net\/wp-content\/uploads\/2020\/11\/CAMACHO27-cPOR.jpg\" alt=\"\" width=\"460\" height=\"270\" \/><p id=\"caption-attachment-487898\" class=\"wp-caption-text\">El acalde Ariel Ju\u00e1rez Rodr\u00edguez destac\u00f3 la necesidad de atender de manera compartida el tema de la violencia y solicit\u00f3 el esclarecimiento de\u00a0<br \/>los feminicidios en la entidad.<\/p><\/div>\n<p>&nbsp;<\/p>\n<p><strong>Cuautitl\u00e1n, Estado de M\u00e9xico<\/strong>.- El gobierno garantiza en todo momento la libre expresi\u00f3n de ideas en cualquiera de sus formas, como parte de sus politicas p\u00fablicas que han permtido conocer y apoyar a todos los los sectores de la poblaci\u00f3n, asi lo se\u00f1al\u00f3 el presidente municipal Ariel Ju\u00e1rez Rodr\u00edguez, en el marco de la Semana internacional de la Eliminaci\u00f3n de la Violencia Contra la Mujer, organizada por el ayuntamiento.<\/p>\n<p>Desde el inicio de la administraci\u00f3n, Cuautitl\u00e1n ha sido un municipio de libertades, de respeto a los derechos humanos y a la libre expresi\u00f3n y manifestaci\u00f3n de las ideas, destac\u00f3 el alcalde se\u00f1alar, que la no violencia es un acto en el que todos tenemos la misma responsabilidad, sin embargo, dijo, diariamente trabajamos todos los que integramos el gobierno municipal para su erradicaci\u00f3n.<\/p>\n<p>Durante este encuentro con mujeres en una ceremonia sencilla, realizada en el Palacio Municipal, tomando las medidas sanitarias respectivas, el acalde Ju\u00e1rez Rodr\u00edguez, destac\u00f3 la necesidad de atender de manera compartida el tema de la violencia y al mismo tiempo solicit\u00f3 el esclarecimiento de los feminicidios en la entidad.<\/p>\n<p>Acompa\u00f1ado de regidoras, directoras de \u00e1rea de la administraci\u00f3n municipal, trabajadoras y vecinas, invit\u00f3 a que los colectivos que han participado en diversas manifestaciones a cerrar filas y establecer mesas de trabajo para enfocar las pol\u00edticas p\u00fablicas a la soluci\u00f3n de los problemas de violencia, no solo en el municipio, sino en la entidad.<\/p>\n<p>En el arranque de estas actividades se imparti\u00f3 la ponencia sobre la importancia de denunciar formalmente la violencia contra las mujeres, impartida por Mariel Parada Segoviano, del Centro de Justicia para la Mujer en Cuautitl\u00e1n Izcalli.<\/p>\n<p>La funcionaria p\u00fablica<span class=\"Apple-converted-space\">\u00a0 <\/span>tambi\u00e9n orient\u00f3 a las asistente sobre las instancias y pasos a seguir para levantar una denuncia.<\/p>\n<p>Durante la semana se aplicar\u00e1 el programa \u201cOperativo Naranja\u201d, en las principales vialidades, con el objetivo de informar de manera r\u00e1pida y sencilla a los usuarios del transporte p\u00fablico, las caracter\u00edsticas de la violencia y las formas de denuncia; adem\u00e1s se difundir\u00e1n c\u00e1psulas informativas en redes sociales oficiales sobre temas de violencia, as\u00ed como jornadas en comunidades y la elaboraci\u00f3n de un mural.<\/p>\n","protected":false},"excerpt":{"rendered":"<p>El gobierno garantiza en todo momento la libre expresi\u00f3n de ideas en cualquiera de sus formas, como parte de sus politicas p\u00fablicas que han permtido conocer y apoyar a todos los los sectores de la poblaci\u00f3n, asi lo se\u00f1al\u00f3 el presidente municipal Ariel Ju\u00e1rez Rodr\u00edguez<\/p>\n","protected":false},"author":1,"featured_media":487898,"comment_status":"open","ping_status":"open","sticky":false,"template":"","format":"standard","meta":{"_monsterinsights_skip_tracking":false,"_monsterinsights_sitenote_active":false,"_monsterinsights_sitenote_note":"","_monsterinsights_sitenote_category":0,"footnotes":""},"categories":[5],"tags":[681,43675],"class_list":["post-487897","post","type-post","status-publish","format-standard","has-post-thumbnail","hentry","category-estado-de-mexico","tag-cuautitlan","tag-estado-de-mexico"],"_links":{"self":[{"href":"https:\/\/www.diarioimagen.net\/index.php?rest_route=\/wp\/v2\/posts\/487897","targetHints":{"allow":["GET"]}}],"collection":[{"href":"https:\/\/www.diarioimagen.net\/index.php?rest_route=\/wp\/v2\/posts"}],"about":[{"href":"https:\/\/www.diarioimagen.net\/index.php?rest_route=\/wp\/v2\/types\/post"}],"author":[{"embeddable":true,"href":"https:\/\/www.diarioimagen.net\/index.php?rest_route=\/wp\/v2\/users\/1"}],"replies":[{"embeddable":true,"href":"https:\/\/www.diarioimagen.net\/index.php?rest_route=%2Fwp%2Fv2%2Fcomments&post=487897"}],"version-history":[{"count":0,"href":"https:\/\/www.diarioimagen.net\/index.php?rest_route=\/wp\/v2\/posts\/487897\/revisions"}],"wp:featuredmedia":[{"embeddable":true,"href":"https:\/\/www.diarioimagen.net\/index.php?rest_route=\/wp\/v2\/media\/487898"}],"wp:attachment":[{"href":"https:\/\/www.diarioimagen.net\/index.php?rest_route=%2Fwp%2Fv2%2Fmedia&parent=487897"}],"wp:term":[{"taxonomy":"category","embeddable":true,"href":"https:\/\/www.diarioimagen.net\/index.php?rest_route=%2Fwp%2Fv2%2Fcategories&post=487897"},{"taxonomy":"post_tag","embeddable":true,"href":"https:\/\/www.diarioimagen.net\/index.php?rest_route=%2Fwp%2Fv2%2Ftags&post=487897"}],"curies":[{"name":"wp","href":"https:\/\/api.w.org\/{rel}","templated":true}]}}