{"id":487973,"date":"2020-11-27T00:01:28","date_gmt":"2020-11-27T06:01:28","guid":{"rendered":"https:\/\/www.diarioimagen.net\/?p=487973"},"modified":"2020-11-27T04:40:31","modified_gmt":"2020-11-27T10:40:31","slug":"alrededor-de-500-millones-de-pesos-sera-la-derrama-economica-por-la-venta-de-la-flor-de-nochebuena-en-xochimilco","status":"publish","type":"post","link":"https:\/\/www.diarioimagen.net\/?p=487973","title":{"rendered":"Alrededor de 500 millones de pesos ser\u00e1 la derrama econ\u00f3mica por la venta de la flor de nochebuena en Xochimilco"},"content":{"rendered":"<h2>De cinco estrellas<\/h2>\n<h5>Victoria Gonz\u00e1lez Prado<\/h5>\n<p>&nbsp;<\/p>\n<ul>\n<li><em><strong>Eduardo Paniagua, presidente de la AMAV-Nacional, presidi\u00f3 el <\/strong><\/em><strong>workshop<\/strong><em><strong> \u201cEnlace de negocios tur\u00edsticos en la zona noroeste de M\u00e9xico\u201d<\/strong><\/em><\/li>\n<li><strong>Price Travel Holding<\/strong><em><strong> participa en el <\/strong><\/em><strong>Black Friday<\/strong><em><strong> con descuentos hasta del 80 por ciento, flexibilidad de cambios, cancelaciones y m\u00e1s<\/strong><\/em><\/li>\n<\/ul>\n<p><strong>\u00a0<\/strong><\/p>\n<div id=\"attachment_488049\" style=\"width: 470px\" class=\"wp-caption aligncenter\"><a href=\"https:\/\/www.diarioimagen.net\/?attachment_id=488049\" rel=\"attachment wp-att-488049\"><img loading=\"lazy\" decoding=\"async\" aria-describedby=\"caption-attachment-488049\" class=\"size-full wp-image-488049\" src=\"https:\/\/www.diarioimagen.net\/wp-content\/uploads\/2020\/11\/turismo-11.jpg\" alt=\"\" width=\"460\" height=\"270\" \/><\/a><p id=\"caption-attachment-488049\" class=\"wp-caption-text\">En la inauguraci\u00f3n de la expo-venta de flor de nochebuena en Xochimilco.<\/p><\/div>\n<p>&nbsp;<\/p>\n<p>Con derrama econ\u00f3mica de alrededor de 500 millones de pesos, los protectores de nochebuena de Xochimilco comenzaron la venta de esta flor de temporada en todos los mercados donde cada a\u00f1o se ofrecen m\u00e1s de \u00a030 especies de nochebuena.<\/p>\n<p><strong>Fadlala Akabani<\/strong>, secretario de Desarrollo Econ\u00f3mico de la Ciudad de M\u00e9xico, durante la inauguraci\u00f3n de la Expo Venta de la Nochebuena, celebrada en el Centro Deportivo Xochimilco, asegur\u00f3 que con el objetivo de apoyar alrededor de 600 productores se establececi\u00f3 convenio con centros comerciales para que puedan ofertar directamente del productor al consumidor.<\/p>\n<p>La alcald\u00eda Xochimilco, en esta temporada apoyar\u00e1 con la desinfecci\u00f3n de los mercados, con el fin de prevenir contagios por Covid-19 y ofrecer estancia segura a los visitantes.<\/p>\n<p>En su oportunidad, <strong>Carlos Mackinlay<\/strong>, secretario de Turismo de la capital del pa\u00eds, hizo un llamado a la poblaci\u00f3n para que acudan a los mercados tradicionales y dijo: \u00abinvitamos a todos los capitalinos a visitar los puntos de comercializaci\u00f3n y adquirir estas plantas que son cultivadas con esmero y cari\u00f1o por nuestros productores que pese a esta pandemia, continuaron con el proceso productivo que da sustento a sus familias<\/p>\n<p>En todos los mercados de Xochimilco, cada a\u00f1o se ofrecen m\u00e1s de 30 especies de nochebuena, como la tradicional roja, rosa, marmoleada, amarilla, blanca y tambi\u00e8n \u00e1rboles de Navidad cortados y en maceta. Los precios van desde los 20 pesos a los 400 pesos.<\/p>\n<p>El representante de la Secretar\u00eda de Agricultura y Desarrollo Rural, <strong>Francisco L\u00f3pez<\/strong>, asegur\u00f3 que existen m\u00e1s de 30 hect\u00e1reas activas en donde se cultiva esta tradicional planta de esta \u00e9poca.<\/p>\n<p>\u2730\u2730\u2730\u2730\u2730<strong> Eduardo Paniagua<\/strong>, presidente de la Asociaci\u00f3n Mexicana de Agencias de Viajes (AMAV-Nacional), presidi\u00f3 el <em>workshop \u201c<\/em>Enlace de negocios tur\u00edsticos en la zona noroeste de M\u00e9xico\u201d con la participaci\u00f3n de hoteleros y prestadores de servicios tur\u00edsticos de Baja California Sur y exclusivo para agentes de viajes, <em>meeting planner<\/em> y mayoristas.<\/p>\n<p><strong>Paniagua, <\/strong>asegur\u00f3 que la mec\u00e1nica de <em>networking<\/em> se mantendr\u00e1 para promover la actividad tur\u00edstica de M\u00e9xico iniciando con Sinaloa, Sonora, Chihuahua, Baja California y Baja California Sur.<\/p>\n<p>Destac\u00f3 que al ser el primer evento que realiza la AMAV-Nacional -h\u00edbrido y presencial- en las instalaciones de la Asociaci\u00f3n en la Ciudad de M\u00e9xico, se cont\u00f3 con estrictas medidas de seguridad e higiene para los participantes, quienes impulsar\u00e1n la reactivaci\u00f3n del sector tur\u00edstico que ha sido muy golpeado por las restricciones de viajes, luego del periodo de confinamiento en el pa\u00eds.<\/p>\n<p>Por su parte,<strong> Juan Carlos Ca\u00f1edo Preciado<\/strong>, presidente interestatal de Pueblos M\u00e1gicos \u201cRutas del Noroeste\u201d, se\u00f1al\u00f3: \u201ceste <em>workshop <\/em>es esfuerzo conjunto de los empresarios de Baja California Sur para estimular los viajes a los destinos de la entidad.<\/p>\n<p>Agreg\u00f3 que:<strong> \u201cRutas del Noroeste\u201d<\/strong> se present\u00f3 en mesas de trabajo con los aforos permitidos. Hubo tres bloques divididos en segmentos: turismo de aventura, masivo y de congresos y convenciones para llevarles la informaci\u00f3n directa como se hac\u00eda antes de la pandemia, pero con nuevo mecanismo que hoy pusimos en marcha y que est\u00e1 resultando positivo\u201d.<\/p>\n<p>As\u00ed, 16 empresas del sector tur\u00edstico de Baja California Sur, cinco de hoteler\u00eda, dos de gastronom\u00eda y\u00a0 dos entidades facilitadoras, adem\u00e1s de representantes de las aerol\u00edneas TAR y Viva Aerobus, la naviera Baja Ferries<em>, <\/em>presentaron y<em> \u00a0<\/em>negociaron 14 productos tur\u00edsticos a 120 agentes de viajes que acudieron en diferentes horarios.<\/p>\n<p>Tambi\u00e9n, <strong>Luis Alfonso Reyes<\/strong>, gerente nacional de TAR, asegur\u00f3 que la \u201ccompa\u00f1\u00eca a\u00e9rea cuenta con protocolos de seguridad sanitarios en la llamada nueva normalidad y los viajeros pueden sentirse seguros adem\u00e1s de que se respetan itinerarios, programaci\u00f3n de rutas y horarios de vuelos\u201d.<\/p>\n<p>El presidente del consejo directivo de la C\u00e1mara de Comercio y Servicios (Canaco Servytur La Paz), <strong>Alfonso Guti\u00e9rrez Mart\u00ednez<\/strong>, dijo que el \u00a0objetivo del <em>workshop<\/em> es dar a conocer nuevos productos en las bellezas de los destinos tur\u00edsticos de Baja California Sur de forma directa para que los agentes de viajes lo transmitan a sus clientes, \u201ces el primer evento que hacemos en conjunto y esperamos sea uno de muchos\u201d.<\/p>\n<p>\u2730\u2730\u2730\u2730\u2730 Con la intenci\u00f3n de contribuir a la recuperaci\u00f3n del turismo <em>PriceTravel Holding<\/em> ofrece estrategia de distribuci\u00f3n, producto diferenciado y mejores precios en los eventos digitales de venta de viajes m\u00e1s importantes en M\u00e9xico.<\/p>\n<p>Recientemente, el <em>holding <\/em>particip\u00f3 en el Buen Fin, donde logr\u00f3 20 por ciento de crecimiento en cuartos reservados, en comparaci\u00f3n con el mismo evento el a\u00f1o pasado.<\/p>\n<p>El grupo tur\u00edstico se\u00f1ala que los destinos de playa m\u00e1s vendidos en el Buen Fin fueron: Acapulco, Canc\u00fan, Riviera Nayarit, Puerto Vallarta, Riviera Maya, Mazatl\u00e1n, Ixtapa, Manzanillo, Los Cabos y Huatulco. Los destinos de ciudad fueron: Guadalajara, Ciudad de M\u00e9xico, Monterrey y Las Vegas, destino internacional m\u00e1s vendido.<\/p>\n<p>Tambi\u00e9n reporta que las b\u00fasquedas relacionadas con hoteles crecieron 30 por ciento y \u00a0las fechas m\u00e1s buscadas para reservas de hotel se concentraron en: \u201cpuente\u201d de noviembre, fin de a\u00f1o y enero.<\/p>\n<p>Gracias a estos resultados y apostando por los viajeros nacionales que ser\u00e1n quienes reactiven el sector turistico <em>PriceTravel <\/em>participa tambi\u00e9n en el <strong><em>Black Friday<\/em><\/strong><strong><em>, <\/em><\/strong>que inicia hoy viernes 27 al 29 de noviembre con descuentos de hasta 80 por ciento, flexibilidad de cambios y cancelaciones sin cargos en m\u00faltiples hoteles, y pagos a 18 meses sin intereses, entre otras\u00a0 promociones.<\/p>\n<p>Los descuentos est\u00e1n disponibles en todos los canales de venta: <em>B2C<\/em> en <a href=\"https:\/\/mediaglobal.us20.list-manage.com\/track\/click?u=dcc6b48ace08bf16a91d8e201&amp;id=74424c49c8&amp;e=b83d67ada6\">www.PriceTravel.com<\/a>, <em>B2B<\/em> para agentes de viajes minoristas en \u00a0<a href=\"https:\/\/mediaglobal.us20.list-manage.com\/track\/click?u=dcc6b48ace08bf16a91d8e201&amp;id=1999449cc3&amp;e=b83d67ada6\">Travelinn.com.mx<\/a> y <em>B2B2C<\/em> con <a href=\"https:\/\/mediaglobal.us20.list-manage.com\/track\/click?u=dcc6b48ace08bf16a91d8e201&amp;id=224f70a948&amp;e=b83d67ada6\"><em>B2BTravel Program<\/em><\/a>, marca exclusiva para empresas afiliadas que comercializan productos del <em>holding<\/em>. El <em>call center 24\/7<\/em> estar\u00e1 disponible para atender en todas estas unidades de negocio.<\/p>\n<p>El <em>Black Friday<\/em> es excelente oportunidad para reactivar el turismo y para que los viajeros elijan su pr\u00f3ximo destino, con la confianza de que el sector est\u00e1 alineado con protocolos de higiene y seguridad y que vivan la mejor experiencia.<\/p>\n<p>&nbsp;<\/p>\n<blockquote>\n<p style=\"text-align: right;\">\u201c<strong>El<\/strong> <strong>\u00e1ngel de la fama tiene sus alas hechas de papel&#8230; peri\u00f3dico\u201d.<br \/>\n<\/strong><\/p>\n<\/blockquote>\n<p>&nbsp;<\/p>\n<p><em><span class=\"Apple-converted-space\"><a href=\"mailto:victoriagprado@gmail.com\" target=\"_blank\" rel=\"noopener noreferrer\">victoriagprado@gmail.com<\/a><br \/>\nTwitter: <a href=\"https:\/\/twitter.com\/victoriagprado\" target=\"_blank\" rel=\"noopener noreferrer\">@victoriagprado<\/a><\/span><\/em><\/p>\n","protected":false},"excerpt":{"rendered":"<p>Con derrama econ\u00f3mica de alrededor de 500 millones de pesos, los protectores de nochebuena de Xochimilco comenzaron la venta de esta flor de temporada en todos los mercados donde cada a\u00f1o se ofrecen m\u00e1s de \u00a030 especies de nochebuena.<\/p>\n","protected":false},"author":3,"featured_media":488049,"comment_status":"open","ping_status":"open","sticky":false,"template":"","format":"standard","meta":{"_monsterinsights_skip_tracking":false,"_monsterinsights_sitenote_active":false,"_monsterinsights_sitenote_note":"","_monsterinsights_sitenote_category":0,"footnotes":""},"categories":[11],"tags":[107,43674,106],"class_list":["post-487973","post","type-post","status-publish","format-standard","has-post-thumbnail","hentry","category-turismo","tag-de-cinco-estrellas","tag-opinion","tag-victoria-gonzalez-prado"],"_links":{"self":[{"href":"https:\/\/www.diarioimagen.net\/index.php?rest_route=\/wp\/v2\/posts\/487973","targetHints":{"allow":["GET"]}}],"collection":[{"href":"https:\/\/www.diarioimagen.net\/index.php?rest_route=\/wp\/v2\/posts"}],"about":[{"href":"https:\/\/www.diarioimagen.net\/index.php?rest_route=\/wp\/v2\/types\/post"}],"author":[{"embeddable":true,"href":"https:\/\/www.diarioimagen.net\/index.php?rest_route=\/wp\/v2\/users\/3"}],"replies":[{"embeddable":true,"href":"https:\/\/www.diarioimagen.net\/index.php?rest_route=%2Fwp%2Fv2%2Fcomments&post=487973"}],"version-history":[{"count":0,"href":"https:\/\/www.diarioimagen.net\/index.php?rest_route=\/wp\/v2\/posts\/487973\/revisions"}],"wp:featuredmedia":[{"embeddable":true,"href":"https:\/\/www.diarioimagen.net\/index.php?rest_route=\/wp\/v2\/media\/488049"}],"wp:attachment":[{"href":"https:\/\/www.diarioimagen.net\/index.php?rest_route=%2Fwp%2Fv2%2Fmedia&parent=487973"}],"wp:term":[{"taxonomy":"category","embeddable":true,"href":"https:\/\/www.diarioimagen.net\/index.php?rest_route=%2Fwp%2Fv2%2Fcategories&post=487973"},{"taxonomy":"post_tag","embeddable":true,"href":"https:\/\/www.diarioimagen.net\/index.php?rest_route=%2Fwp%2Fv2%2Ftags&post=487973"}],"curies":[{"name":"wp","href":"https:\/\/api.w.org\/{rel}","templated":true}]}}