{"id":487977,"date":"2020-11-27T00:02:36","date_gmt":"2020-11-27T06:02:36","guid":{"rendered":"https:\/\/www.diarioimagen.net\/?p=487977"},"modified":"2020-11-27T05:06:05","modified_gmt":"2020-11-27T11:06:05","slug":"el-pjcdmx-aplica-pruebas-de-deteccion-de-covid-19-a-sus-6-mil-trabajadores-que-laboran-presencialmente","status":"publish","type":"post","link":"https:\/\/www.diarioimagen.net\/?p=487977","title":{"rendered":"El PJCDMX aplica pruebas de detecci\u00f3n de Covid-19 a sus 6 mil trabajadores que laboran presencialmente"},"content":{"rendered":"<p>&nbsp;<\/p>\n<ul>\n<li><strong><em>Ser\u00e1n en tres ocasiones; la primera inici\u00f3 ayer, la siguiente, el 7 de diciembre y la \u00faltima, en enero, para un total de 18 mil<\/em><\/strong><\/li>\n<li><strong><em>Acciones en colaboraci\u00f3n con el gobierno de la Ciudad de M\u00e9xico y con el Instituto Nacional de Medicina Gen\u00f3mica: Guerra \u00c1lvarez<\/em><\/strong><\/li>\n<\/ul>\n<p>&nbsp;<\/p>\n<div id=\"attachment_488044\" style=\"width: 470px\" class=\"wp-caption aligncenter\"><a href=\"https:\/\/www.diarioimagen.net\/?attachment_id=488044\" rel=\"attachment wp-att-488044\"><img loading=\"lazy\" decoding=\"async\" aria-describedby=\"caption-attachment-488044\" class=\"size-full wp-image-488044\" src=\"https:\/\/www.diarioimagen.net\/wp-content\/uploads\/2020\/11\/tribunal-1.jpg\" alt=\"\" width=\"460\" height=\"270\" \/><\/a><p id=\"caption-attachment-488044\" class=\"wp-caption-text\">El presidente del Poder Judicial de la Ciudad de M\u00e9xico, magistrado Rafael Guerra \u00c1lvarez, presenci\u00f3 el inicio de la aplicaci\u00f3n de pruebas de detecci\u00f3n de Covid-19 por PCR a 6 mil trabajadores del \u00f3rgano judicial capitalino que actualmente laboran de manera presencial en las diversas instalaciones.<\/p><\/div>\n<p>&nbsp;<\/p>\n<p>El Poder Judicial de la Ciudad de M\u00e9xico (PJCDMX) inform\u00f3 que desde ayer se aplican pruebas de detecci\u00f3n de Covid-19 por PCR, que ser\u00e1n en tres ocasiones, a los 6 mil trabajadores que actualmente laboran de forma presencial en las instalaciones del \u00f3rgano judicial capitalino, con el prop\u00f3sito de garantizar su salud y el acceso a la justicia a la ciudadan\u00eda.<\/p>\n<p>Se aplicar\u00e1n dos pruebas a cada uno de los 6 mil trabajadores en activo antes del pr\u00f3ximo 15 de diciembre y otras m\u00e1s en enero, una vez reanudadas las actividades, despu\u00e9s del periodo vacacional de fin de a\u00f1o. En total, ser\u00e1n 18 mil pruebas.<\/p>\n<p>Este esfuerzo, de acuerdo con un mensaje del presidente del PJCDMX, magistrado Rafael Guerra \u00c1lvarez, se desplegar\u00e1 gracias a la colaboraci\u00f3n con el gobierno de la Ciudad de M\u00e9xico y con el Instituto Nacional de Medicina Gen\u00f3mica.<\/p>\n<p>Ayer inici\u00f3 la aplicaci\u00f3n de la primera prueba a 6 mil trabajadores, misma que culmina el 4 de diciembre; la segunda aplicaci\u00f3n iniciar\u00e1 el 7 de diciembre y concluir\u00e1 el 15 de diciembre, en tanto que para la tercera, est\u00e1 por definirse para los d\u00edas de enero entrante.<\/p>\n<p>La aplicaci\u00f3n de las pruebas de detecci\u00f3n de Covid-19 por PCR tendr\u00e1 cobertura total entre el personal de todos los inmuebles del PJCDMX: Ni\u00f1os H\u00e9roes 119, Ni\u00f1os H\u00e9roes 150, Ni\u00f1os H\u00e9roes 132, Dr. Claudio Bernard, Dr. Liceaga, Ju\u00e1rez 8, Sullivan, Incifo, Patriotismo, R\u00edo Lerma, Reclusorio Norte, Reclusorio Oriente, Reclusorio Sur y Reclusorio de Santa Martha Acatitla.<\/p>\n<p>Previo a la toma de la prueba, cada trabajador deber\u00e1 contestar un cuestionario que incluye el consentimiento de la toma de la muestra, as\u00ed como el aviso de que el resultado ser\u00e1 tratado de manera confidencial y con la debida protecci\u00f3n de los datos personales.<\/p>\n","protected":false},"excerpt":{"rendered":"<p>El Poder Judicial de la Ciudad de M\u00e9xico (PJCDMX) inform\u00f3 que desde ayer se aplican pruebas de detecci\u00f3n de Covid-19 por PCR, que ser\u00e1n en tres ocasiones, a los 6 mil trabajadores que actualmente laboran de forma presencial en las instalaciones del \u00f3rgano judicial capitalino, con el prop\u00f3sito de garantizar su salud y el acceso a la justicia a la ciudadan\u00eda.<\/p>\n","protected":false},"author":3,"featured_media":488044,"comment_status":"open","ping_status":"open","sticky":false,"template":"","format":"standard","meta":{"_monsterinsights_skip_tracking":false,"_monsterinsights_sitenote_active":false,"_monsterinsights_sitenote_note":"","_monsterinsights_sitenote_category":0,"footnotes":""},"categories":[6],"tags":[90021,29516,87380,90222],"class_list":["post-487977","post","type-post","status-publish","format-standard","has-post-thumbnail","hentry","category-cd-de-mexico","tag-covid-19","tag-pandemia","tag-poder-judicial-de-la-ciudad-de-mexico","tag-prueba"],"_links":{"self":[{"href":"https:\/\/www.diarioimagen.net\/index.php?rest_route=\/wp\/v2\/posts\/487977","targetHints":{"allow":["GET"]}}],"collection":[{"href":"https:\/\/www.diarioimagen.net\/index.php?rest_route=\/wp\/v2\/posts"}],"about":[{"href":"https:\/\/www.diarioimagen.net\/index.php?rest_route=\/wp\/v2\/types\/post"}],"author":[{"embeddable":true,"href":"https:\/\/www.diarioimagen.net\/index.php?rest_route=\/wp\/v2\/users\/3"}],"replies":[{"embeddable":true,"href":"https:\/\/www.diarioimagen.net\/index.php?rest_route=%2Fwp%2Fv2%2Fcomments&post=487977"}],"version-history":[{"count":0,"href":"https:\/\/www.diarioimagen.net\/index.php?rest_route=\/wp\/v2\/posts\/487977\/revisions"}],"wp:featuredmedia":[{"embeddable":true,"href":"https:\/\/www.diarioimagen.net\/index.php?rest_route=\/wp\/v2\/media\/488044"}],"wp:attachment":[{"href":"https:\/\/www.diarioimagen.net\/index.php?rest_route=%2Fwp%2Fv2%2Fmedia&parent=487977"}],"wp:term":[{"taxonomy":"category","embeddable":true,"href":"https:\/\/www.diarioimagen.net\/index.php?rest_route=%2Fwp%2Fv2%2Fcategories&post=487977"},{"taxonomy":"post_tag","embeddable":true,"href":"https:\/\/www.diarioimagen.net\/index.php?rest_route=%2Fwp%2Fv2%2Ftags&post=487977"}],"curies":[{"name":"wp","href":"https:\/\/api.w.org\/{rel}","templated":true}]}}