{"id":487996,"date":"2020-11-27T00:02:19","date_gmt":"2020-11-27T06:02:19","guid":{"rendered":"https:\/\/www.diarioimagen.net\/?p=487996"},"modified":"2020-11-27T02:41:42","modified_gmt":"2020-11-27T08:41:42","slug":"lopez-obrador-sigue-gastando-en-pasquines","status":"publish","type":"post","link":"https:\/\/www.diarioimagen.net\/?p=487996","title":{"rendered":"L\u00f3pez Obrador sigue gastando en pasquines"},"content":{"rendered":"<h2>La Retaguardia<\/h2>\n<h5>Adriana Moreno Cordero<\/h5>\n<p>&nbsp;<\/p>\n<ul>\n<li><strong><em>Aprueba el Senado suprimir fuero al Presidente de la Rep\u00fablica<\/em><\/strong><\/li>\n<\/ul>\n<p>&nbsp;<\/p>\n<p>Resulta verdaderamente lamentable que el presidente <strong>Andr\u00e9s Manuel L\u00f3pez Obrador<\/strong> siga obstinado en \u201cgobernar\u201d -si es que as\u00ed puede llam\u00e1rsele- en el mundo de lo absurdo que \u00e9l mismo ha construido. Es as\u00ed que ayer, en su gustad\u00edsima conferencia de prensa ma\u00f1anera, le cedi\u00f3 el micr\u00f3fono a su no menos incompetente vocero, <strong>Jes\u00fas Ram\u00edrez Cuevas<\/strong>, para presentar \u201cLa Gu\u00eda \u00c9tica de la Transformaci\u00f3n de M\u00e9xico\u201d, un pasqu\u00edn m\u00e1s que presenta esta llamada Cuarta Transformaci\u00f3n ante su total incapacidad de gobernar, pues con cumplir con la Constituci\u00f3n bastar\u00eda. Antes, vieron la luz la Cartilla Moral, a los inicios de la presente administraci\u00f3n, y luego una historieta titulada \u201c\u00bfQu\u00e9 te est\u00e1s tragando?\u201d, a principios de noviembre pasado, una dizque Gu\u00eda Nutricional, por aquello de que las bebidas azucaradas y la comida \u201cchatarra\u201d son las culpables de la pandemia de Covid-19, adem\u00e1s del neoliberalismo, que ahora, a los ojos del tabasque\u00f1o, ya se volvi\u00f3 un \u201cfruto prohibido\u201d.<\/p>\n<p>La pregunta es obligada: \u00bfCu\u00e1nto se gast\u00f3 en estas ocurrencias totalmente innecesarias el Ejecutivo?, porque de esta \u00faltima Gu\u00eda \u00c9tica, se imprimir\u00e1n 10 millones de ejemplares; nunca peor utilizados recursos que podr\u00edan destinarse por ejemplo, a los damnificados en Tabasco, donde por cierto, la Secretar\u00eda del Bienestar, que encabeza <strong>Javier May<\/strong>, trabaja m\u00e1s lento que una tortuga con eso de los censos a los afectados, mientras que el agua sigue subiendo.<\/p>\n<p>Podr\u00edan tambi\u00e9n destinarse para la contingencia sanitaria, ahora que no s\u00f3lo en la Ciudad de M\u00e9xico, no hemos salido del constante repunte y todo se dirige para peor.<\/p>\n<p>Nadie de su c\u00edrculo cercano, se atreve a decirle no al Presidente, pero basta revisar el contenido de esta gu\u00eda, para comprobar que por en\u00e9sima ocasi\u00f3n, el tabasque\u00f1o quiere tapar como sea, su total incapacidad para revertir las dram\u00e1ticas cifras de inseguridad que agobian al pa\u00eds. Ah\u00ed est\u00e1 que en el punto 10 de esta aberraci\u00f3n, como si estuviera en el p\u00falpito de una iglesia, L\u00f3pez Obrador establece que \u201cno se debe enfrentar el mal con el mal\u201d, porque, \u201cdesde una perspectiva humanista, los criminales y corruptos pueden redimirse por medio de la reflexi\u00f3n, la educaci\u00f3n y terapia psicol\u00f3gica, sin renunciar a la posibilidad de sanciones como la privaci\u00f3n de la libertad\u201d, \u00bfy d\u00f3nde habr\u00e1 quedado la ter\u00b4\u00b4ia de la chancla y el acusar a los criminales con sus progenitoras?, pero tambi\u00e9n como condici\u00f3n indispensable, hay que otorgarles el perd\u00f3n.<\/p>\n<p>Eso s\u00ed, todav\u00eda el mandatario se atreve a declarar en su gustad\u00edsima conferencia ma\u00f1anera que, la v\u00edspera del 1 de diciembre, ha cumplido con la mayor\u00eda de los compromisos que hizo al iniciar su gesti\u00f3n.<\/p>\n<p style=\"text-align: center;\"><strong>Municiones<\/strong><\/p>\n<p>*** El diputado federal <strong>Ricardo Gallardo Cardona<\/strong> manifest\u00f3 una profunda consternaci\u00f3n por la muerte de <strong>Jos\u00e9 Manuel Mireles<\/strong>, a quien calific\u00f3 como un guerrero que contribuy\u00f3 a cambiar este pa\u00eds y con el que comparti\u00f3 celda en 2015, al estar ambos acusados de manera injusta.\u00a0 \u201cMe duele en el alma la partida de mi amigo, el doctor Jos\u00e9 Manuel Mireles Valverde, un hombre que defendi\u00f3 a su tierra y su gente con valent\u00eda; compartimos celda, acusados de manera injusta; recib\u00ed consejos, me contagi\u00f3 su fuerza para sobrellevar el encierro\u201d, expres\u00f3 el tambi\u00e9n aspirante a la candidatura del PVEM a la gubernatura de San Luis Potos\u00ed.<\/p>\n<p>*** Con 89 en favor y 23 en contra, el Senado de la Rep\u00fablica aprob\u00f3, en los t\u00e9rminos enviados por la C\u00e1mara de Diputados, la minuta que reforma los art\u00edculos 108 y 111 de la Constituci\u00f3n para suprimir el fuero al Presidente de la Rep\u00fablica y pueda ser juzgado por cualquier delito.\u00a0El proyecto de decreto fue enviado a las legislaturas de las entidades federativas para sus efectos constitucionales.\u00a0Previamente, la asamblea vot\u00f3 en contra del dictamen de las comisiones dictaminadoras, el cual inclu\u00eda modificaciones a la minuta de la colegisladora. Dichos cambios pretend\u00edan eliminar tambi\u00e9n el fuero a los integrantes de las C\u00e1maras del Congreso de la Uni\u00f3n.\u00a0As\u00ed,\u00a0se aval\u00f3 establecer en el art\u00edculo 108 que, durante el tiempo de su encargo, el Presidente de la Rep\u00fablica podr\u00e1 ser imputado y juzgado por traici\u00f3n a la patria, hechos de corrupci\u00f3n, delitos electorales y todos aquellos delitos por los que podr\u00eda ser enjuiciado cualquier ciudadano com\u00fan.\u00a0En la tribuna, el senador <strong>Ricardo Monreal \u00c1vila<\/strong> explic\u00f3 que se lleg\u00f3 a un acuerdo con los grupos parlamentarios para que la minuta se aprobara en sus t\u00e9rminos originales, a efecto de que no regresara a la C\u00e1mara de origen y se env\u00ede a las legislaturas locales para que concluya su tr\u00e1mite constitucional.<\/p>\n<p>*** Por cierto, con una calurosa bienvenida, en el Senado fue recibido <strong>Jos\u00e9 Antonio \u00c1lvarez Lima<\/strong>, quien se reincorpor\u00f3 a sus actividades legislativas y muy a su pesar, dicen, tuvo que dejar la direcci\u00f3n del canal oficial del inquilino de Palacio Nacional, el Once.<\/p>\n<p>*** Continuando con lo que sucede en el Senado de la Rep\u00fablica, m\u00e1s de un legislador se admir\u00f3 \u2014incluso de Morena\u2014 cuando la distinguida senadora <strong>Luc\u00eda Trasvi\u00f1a<\/strong>, anunci\u00f3 que se separa de su cargo para buscar ni m\u00e1s ni menos que la candidatura del partido oficial al gobierno de Baja California Sur. Seg\u00fan se sabe, una buena parte de la militancia morenista, no quiere a una persona tan vulgar -por decir lo menos- como abanderada al gobierno de dicha entidad. Trasvi\u00f1a se ha caracterizado por desconocer lo que es la labor legislativa y es bien conocido que solo sabe insultar a sus compa\u00f1eros en la C\u00e1mara alta. \u00bfCon ese nivel, Luc\u00eda Trasvi\u00f1a puede aspirar? Sin duda, no, adem\u00e1s no se puede olvidar que el superdelegado en BCS, <strong>V\u00edctor Castro Cos\u00edo<\/strong>, pidi\u00f3 licencia como corresponde y desde hace tiempo se encuentra trabajando para lograr esa candidatura y por si lo anterior no resultara suficiente, es de los m\u00e1s cercanos al presidente L\u00f3pez Obrador y contar con la \u201cbendici\u00f3n\u201d del tabasque\u00f1o, es indispensable para aspirar, \u00bfo no?<\/p>\n<p>*** La firma sueca <strong>Dignitana<\/strong> dise\u00f1\u00f3 el sistema <strong>DigniCap<\/strong> para utilizarlo de manera regular en personas que padecen c\u00e1ncer, como parte del tratamiento de quimioterapia a nivel mundial. El objetivo es brindar calidad de vida a los pacientes al lograr la conservaci\u00f3n de su cabello. Dicho sistema funciona con el fr\u00edo continuo a trav\u00e9s de una gorra de silic\u00f3n conectada a una unidad central computarizada, que permite a los vasos sangu\u00edneos alrededor de los fol\u00edculos pilosos se contraigan (efecto de vasoconstricci\u00f3n) para que la quimioterapia llegue en menor cantidad a las c\u00e9lulas capilares logrando la reducci\u00f3n de la p\u00e9rdida de cabello. El DigniCap se utiliza 20 minutos antes de iniciar la quimioterapia, durante la aplicaci\u00f3n del tratamiento indicado.<\/p>\n<p><u><a href=\"mailto:morcora@gmail.com\" target=\"_blank\" rel=\"noopener noreferrer\"><em>morcora@gmail.com<\/em><\/a><\/u><\/p>\n","protected":false},"excerpt":{"rendered":"<p><span style=\"color: #005497;\"><strong>Adriana Moreno Cordero<\/strong><\/span><\/p>\n","protected":false},"author":3,"featured_media":0,"comment_status":"open","ping_status":"open","sticky":false,"template":"","format":"standard","meta":{"_monsterinsights_skip_tracking":false,"_monsterinsights_sitenote_active":false,"_monsterinsights_sitenote_note":"","_monsterinsights_sitenote_category":0,"footnotes":""},"categories":[69370],"tags":[69369,69368,43674],"class_list":["post-487996","post","type-post","status-publish","format-standard","hentry","category-adriana-moreno-cordero","tag-adriana-moreno-cordero","tag-la-retaguardia","tag-opinion"],"_links":{"self":[{"href":"https:\/\/www.diarioimagen.net\/index.php?rest_route=\/wp\/v2\/posts\/487996","targetHints":{"allow":["GET"]}}],"collection":[{"href":"https:\/\/www.diarioimagen.net\/index.php?rest_route=\/wp\/v2\/posts"}],"about":[{"href":"https:\/\/www.diarioimagen.net\/index.php?rest_route=\/wp\/v2\/types\/post"}],"author":[{"embeddable":true,"href":"https:\/\/www.diarioimagen.net\/index.php?rest_route=\/wp\/v2\/users\/3"}],"replies":[{"embeddable":true,"href":"https:\/\/www.diarioimagen.net\/index.php?rest_route=%2Fwp%2Fv2%2Fcomments&post=487996"}],"version-history":[{"count":0,"href":"https:\/\/www.diarioimagen.net\/index.php?rest_route=\/wp\/v2\/posts\/487996\/revisions"}],"wp:attachment":[{"href":"https:\/\/www.diarioimagen.net\/index.php?rest_route=%2Fwp%2Fv2%2Fmedia&parent=487996"}],"wp:term":[{"taxonomy":"category","embeddable":true,"href":"https:\/\/www.diarioimagen.net\/index.php?rest_route=%2Fwp%2Fv2%2Fcategories&post=487996"},{"taxonomy":"post_tag","embeddable":true,"href":"https:\/\/www.diarioimagen.net\/index.php?rest_route=%2Fwp%2Fv2%2Ftags&post=487996"}],"curies":[{"name":"wp","href":"https:\/\/api.w.org\/{rel}","templated":true}]}}