{"id":488016,"date":"2020-11-27T00:04:24","date_gmt":"2020-11-27T06:04:24","guid":{"rendered":"https:\/\/www.diarioimagen.net\/?p=488016"},"modified":"2020-11-27T02:05:36","modified_gmt":"2020-11-27T08:05:36","slug":"enorme-violencia-contra-periodistas","status":"publish","type":"post","link":"https:\/\/www.diarioimagen.net\/?p=488016","title":{"rendered":"Enorme violencia contra periodistas"},"content":{"rendered":"<h2>Punto por punto<\/h2>\n<h5>Augusto Corro<\/h5>\n<p>&nbsp;<\/p>\n<p>En el transcurso de 2020, 19 periodistas fueron asesinados y 224 recibieron agresiones. Es el a\u00f1o m\u00e1s violento en la historia contra los comunicadores. Inform\u00f3 lo anterior Alejandro Encinas, subsecretario de Derechos Humanos yPoblaci\u00f3n de la Secretar\u00eda de Gobernaci\u00f3n.<\/p>\n<p>Tambi\u00e9n explic\u00f3 que desde el inici\u00f3 de la presente administraci\u00f3n asesinaron a 38 periodistas, seis de ellos que ya estaban incorporados al Mecanismo de Protecci\u00f3n para Personas Defensoras de Derechos Humanos y Periodistas.<\/p>\n<p>El informe fue presentado el mi\u00e9rcoles en la conferencia de prensa ma\u00f1anera, en Palacio Nacional. El funcionario explic\u00f3 que lamentablemente en los \u00faltimos diez a\u00f1os \u201chemos tenido una d\u00e9cada de enorme violencia contra el gremio period\u00edstico.<\/p>\n<p>\u201cDesde el a\u00f1o 2010 se han cometido 138 homicidios contra periodistas en todo el pa\u00eds, hay que se\u00f1alar que los tres \u00faltimos a\u00f1os han tenido un repunte significativo y reconocer que este a\u00f1o (2020) es lamentablemente el a\u00f1o en que se han cometido el mayor n\u00famero de homicidios en la \u00faltima d\u00e9cada alcanzando la cifra de 19\u201d, dijo el funcionario.<\/p>\n<p>Reconoci\u00f3 que hay altos niveles de impunidad en este tipo de delitos, pues actualmente s\u00f3lo dos casos tienen a delincuentes sentenciados, en 23, se tienen carpetas de investigaci\u00f3n abiertas y 13, est\u00e1n bajo proceso.<\/p>\n<p>En este espacio hemos informado sobre los asesinatos contra comunicadores en todo M\u00e9xico, convertido ahora en uno de los pa\u00edses m\u00e1s peligrosos para el ejercicio del periodismo.<\/p>\n<p>El propio Alejandro Encinas detall\u00f3 cual es la situaci\u00f3n que priva en M\u00e9xico desde hace diez a\u00f1os en el rengl\u00f3n de los cr\u00edmenes contra periodistas. Por supuesto que las agresiones continuar\u00e1n y no se ve alguna estrategia para evitar las acciones de los delincuentes que da\u00f1an a los comunicadores.<\/p>\n<p>No es una novedad saber que son las bandas de la delincuencia organizada, o los funcionarios municipales, quienes por venganza deciden privar de la vida a los representantes de los medios de comunicaci\u00f3n. Esos asesinos saben que no ser\u00e1n castigados por sus cr\u00edmenes.<\/p>\n<p>Consider\u00f3 el funcionario que en este tipo de delitos hay altos niveles de impunidad. En esas condiciones de burlar a la justicia, los periodistas se encuentran a merced de las decisiones de los criminales, que asesinan a cualquier hora del d\u00eda y en todas partes a sus v\u00edctimas.<\/p>\n<p>Uno de los hechos violentos que impact\u00f3 a la opini\u00f3n p\u00fablica fue el asesinato del reportero de \u201cEl Salmantino\u201d, Israel V\u00e1zquez Rangel, de 34 a\u00f1os, quien fue balaceado cuando cubr\u00eda una informaci\u00f3n sobre el hallazgo de restos humanos en bolsas, en la colonia Villa Salamanca 400, en Guanajuato. Las autoridades anunciaron la captura de los presuntos homicidas de V\u00e1zquez Rangel, pero no volvi\u00f3 a saberse m\u00e1s del asunto.<\/p>\n<p>La responsabilidad de informar se volvi\u00f3 un verdadero peligro en nuestro pa\u00eds. Debido a la frustrada guerra contra la delincuencia organizada en el sexenio del panista Felipe Calder\u00f3n, la sociedad mexicana entr\u00f3 a una espiral de violencia que no cede.<\/p>\n<p>Y sin duda alguna los periodistas quedaron en medio del fuego cruzado entre los c\u00e1rteles de la droga, los caciques de pueblo, los pol\u00edticos y las polic\u00edas corruptas. Si un comunicador tiene el valor de decir la verdad de los hechos, a denunciar injusticias, pone en peligro su vida.<\/p>\n<p>Los informadores, pues, no cuentan con una defensa adecuada que los beneficie. \u00bfA qui\u00e9n recurrir para exigir justicia si son los propios delincuentes quienes hacen las veces de autoridades? \u00bfCon qu\u00e9 seguridad se presenta una queja ante representantes de la ley coludidos con toda clase de criminales? \u00bfDe qu\u00e9 otra manera se explica el alto nivel de impunidad como lo se\u00f1al\u00f3 Alejandro Encinas?<\/p>\n<p>Los periodistas cada d\u00eda ejercen su labor sin garant\u00eda alguna y con un alto riesgo de sufrir agresiones. \u00bfUsted qu\u00e9 opina amable lector?<\/p>\n<p><a href=\"mailto:aco2742@hotmail.com\" target=\"_blank\" rel=\"noopener noreferrer\"><em>aco2742@hotmail.com<\/em><\/a><\/p>\n","protected":false},"excerpt":{"rendered":"<p><span style=\"color: #005497;\"><strong>Augusto Corro<\/strong><\/span><\/p>\n","protected":false},"author":3,"featured_media":0,"comment_status":"open","ping_status":"open","sticky":false,"template":"","format":"standard","meta":{"_monsterinsights_skip_tracking":false,"_monsterinsights_sitenote_active":false,"_monsterinsights_sitenote_note":"","_monsterinsights_sitenote_category":0,"footnotes":""},"categories":[157],"tags":[43686,43674,11515],"class_list":["post-488016","post","type-post","status-publish","format-standard","hentry","category-augusto-corro","tag-augusto-corro","tag-opinion","tag-punto-por-punto"],"_links":{"self":[{"href":"https:\/\/www.diarioimagen.net\/index.php?rest_route=\/wp\/v2\/posts\/488016","targetHints":{"allow":["GET"]}}],"collection":[{"href":"https:\/\/www.diarioimagen.net\/index.php?rest_route=\/wp\/v2\/posts"}],"about":[{"href":"https:\/\/www.diarioimagen.net\/index.php?rest_route=\/wp\/v2\/types\/post"}],"author":[{"embeddable":true,"href":"https:\/\/www.diarioimagen.net\/index.php?rest_route=\/wp\/v2\/users\/3"}],"replies":[{"embeddable":true,"href":"https:\/\/www.diarioimagen.net\/index.php?rest_route=%2Fwp%2Fv2%2Fcomments&post=488016"}],"version-history":[{"count":0,"href":"https:\/\/www.diarioimagen.net\/index.php?rest_route=\/wp\/v2\/posts\/488016\/revisions"}],"wp:attachment":[{"href":"https:\/\/www.diarioimagen.net\/index.php?rest_route=%2Fwp%2Fv2%2Fmedia&parent=488016"}],"wp:term":[{"taxonomy":"category","embeddable":true,"href":"https:\/\/www.diarioimagen.net\/index.php?rest_route=%2Fwp%2Fv2%2Fcategories&post=488016"},{"taxonomy":"post_tag","embeddable":true,"href":"https:\/\/www.diarioimagen.net\/index.php?rest_route=%2Fwp%2Fv2%2Ftags&post=488016"}],"curies":[{"name":"wp","href":"https:\/\/api.w.org\/{rel}","templated":true}]}}