{"id":488023,"date":"2020-11-27T00:08:47","date_gmt":"2020-11-27T06:08:47","guid":{"rendered":"https:\/\/www.diarioimagen.net\/?p=488023"},"modified":"2020-11-27T02:21:11","modified_gmt":"2020-11-27T08:21:11","slug":"la-crisis-por-pandemia-esta-lejos-de-superarse","status":"publish","type":"post","link":"https:\/\/www.diarioimagen.net\/?p=488023","title":{"rendered":"La crisis por pandemia est\u00e1 lejos de superarse"},"content":{"rendered":"<h2>Clase Pol\u00edtica<\/h2>\n<h5>Miguel \u00c1ngel Rivera<\/h5>\n<p>&nbsp;<\/p>\n<p>Por m\u00e1s que el presidente Andr\u00e9s Manuel L\u00f3pez Obrador y su comisionado para atender la pandemia por el coronavirus, el subsecretario de Salud Hugo L\u00f3pez-Gatell, mantienen el optimismo acerca de su \u201catinada\u201d pol\u00edtica para enfrentar la contingencia sanitaria, todos los indicadores externos est\u00e1n en su contra.<\/p>\n<p>Los expertos que no est\u00e1n de acuerdo con la pol\u00edtica oficial, por el contrario, sostienen que estamos en el peor momento de la pandemia y los datos lo confirman. Los recientes d\u00edas martes 24 y mi\u00e9rcoles 25 se registraron las cifras m\u00e1s altas de contagios desde que en nuestro pa\u00eds se registr\u00f3 el primer caso de contagio por coronavirus.<\/p>\n<p>Esto, sin contar con el grave resultado para M\u00e9xico del estudio realizado por la agencia Bloomberg, acerca de las mejores y peores naciones para estar durante este periodo cr\u00edtico. El an\u00e1lisis incluy\u00f3 a 53 pa\u00edses con las econom\u00edas de mayor nivel y en esa clasificaci\u00f3n M\u00e9xico apareci\u00f3 en el \u00faltimo sitio.<\/p>\n<p>Por supuesto, ese resultado fue repudiado por el presidente L\u00f3pez Obrador. Neg\u00f3 que M\u00e9xico sea el peor pa\u00eds para vivir la pandemia de Covid-19 y descalific\u00f3 el estudio de Bloomberg, al asegurar que la gente ni siquiera se entera de esta clase de noticias.<\/p>\n<p>Como es frecuente en los casos en los que no est\u00e1 de acuerdo, el primer mandatario recurri\u00f3 a su conocida f\u00f3rmula de tener \u201cotros datos\u201d.<\/p>\n<p>En su ma\u00f1anera de ayer jueves, el jefe del Ejecutivo sostuvo que las cifras nacionales muestran otra realidad.<\/p>\n<p>L\u00f3pez Obrador inclusive presumi\u00f3 una recuperaci\u00f3n de la econom\u00eda nacional y destac\u00f3 que el peso no se ha depreciado frente al d\u00f3lar, como ocurri\u00f3 en anteriores crisis. Tambi\u00e9n sostuvo que se avanza en la recuperaci\u00f3n de los empleos.<\/p>\n<p>As\u00ed, en opini\u00f3n del presidente L\u00f3pez Obrador vamos bien.<\/p>\n<p>Lo malo es que su optimismo no es compartido, ya no digamos en el extranjero, sino en el interior del pa\u00eds.<\/p>\n<p>En este sentido, el Banco de M\u00e9xico (Banxico) advirti\u00f3 que hay un fuerte deterioro en la situaci\u00f3n econ\u00f3mica del pa\u00eds, sin signos de una pronta recuperaci\u00f3n, pues especialistas consultados aprecian indicios de una contracci\u00f3n de hasta dos d\u00edgitos para el presente a\u00f1o.<\/p>\n<p>En un documento que recoge opiniones de especialistas consultados por el Banco Central se indica que la ca\u00edda de la econom\u00eda nacional podr\u00eda ser de 9.9 por ciento, estimaci\u00f3n que es peor que la de un mes anterior, cuando se fij\u00f3 en menos 8.8 por ciento es peor que la que hab\u00eda el mes pasado, que se fij\u00f3 en -8.80 por ciento.<\/p>\n<p>Un aspecto positivo es que la previsi\u00f3n del crecimiento econ\u00f3mico para 2021 se increment\u00f3 de 2.8% a 3 por ciento.<strong>\u00a0<\/strong><\/p>\n<p>Tambi\u00e9n aumentaron las expectativas de inflaci\u00f3n en relaci\u00f3n a la encuesta de junio, al tiempo que las referentes al cierre de 2021 se mantuvieron en niveles similares. Los resultados de la encuesta de julio sobre las expectativas de los especialistas en econom\u00eda del sector privado indican que la inflaci\u00f3n subir\u00e1 hasta 3.61%, mientras que el tipo de cambio cerrar\u00e1 en 22.65 pesos por d\u00f3lar, esto para 2020.<\/p>\n<p>En el referido documento, algunos de los integrantes de la Junta de Gobierno del Banco Central estimaron que en el segundo trimestre tambi\u00e9n habr\u00e1 una ca\u00edda en la econom\u00eda nacional, ya que en virtud de la duraci\u00f3n de la pandemia, la reapertura econ\u00f3mica ha sido m\u00e1s gradual a lo anticipado.<\/p>\n<p>Tambi\u00e9n, contra el optimismo oficial que pronostica una recuperaci\u00f3n nacional en forma de \u201cV\u201d, uno de los integrantes de la Junta de Gobierno de Banxico se\u00f1al\u00f3 que se observa una profunda recesi\u00f3n, con una recuperaci\u00f3n lenta y complicada en forma de \u201cU\u201d, debido al impacto negativo de la ca\u00edda en la inversi\u00f3n y el consumo. El mismo especialista se\u00f1al\u00f3 que en caso de haber un cambio, la recuperaci\u00f3n econ\u00f3mica podr\u00eda darse en forma de \u201cW\u201d si se da un segundo brote de Covid-19 o en caso de que las medidas sanitarias y econ\u00f3micas no tengan el suficiente alcance.<\/p>\n<p>Por otra parte, el documento destaca que la p\u00e9rdida de empleos en el pa\u00eds hasta abril lleg\u00f3 a 12.5 millones. La mayor\u00eda, 10 millones, son del sector informal y la mayor proporci\u00f3n eran de ingresos de dos salarios m\u00ednimos o menos, lo que evidencia que la poblaci\u00f3n m\u00e1s vulnerable se ha visto particularmente afectada.<\/p>\n<p style=\"text-align: center;\"><strong>La Alianza Federalista arremete contra la desaparici\u00f3n de fideicomisos<\/strong><\/p>\n<p>Otro fen\u00f3meno que afect\u00f3 a los m\u00e1s desprotegidos fue el de las inundaciones en Chiapas, Veracruz y Tabasco, especialmente en este \u00faltimo estado que todav\u00eda no lograr recuperarse del impacto, a pesar de que el gobierno federal ha emprendido programas de ayuda.<\/p>\n<p>Esas mismas inundaciones han tenido un impacto pol\u00edtico, pues refuerzan las protestas de gobiernos de los estados y partidos de oposici\u00f3n que desde un inicio se opusieron a la desaparici\u00f3n, ordenada por el gobierno de la llamada 4T, de m\u00e1s de cien fideicomisos entre los cuales destaca el fondo para casos de desastre (Fonden).<\/p>\n<p>La resistencia a la desaparici\u00f3n de los fideicomisos -justificada por el gobierno federal por la corrupci\u00f3n- fue intensamente combatida por la oposici\u00f3n en las c\u00e1maras de diputados y senadores, pero finalmente se impuso la amplia mayor\u00eda de Morena y Asociados (PT-PVEM-PES).<\/p>\n<p>Ante ese fracaso, se recurri\u00f3 a protestas ante la Suprema Corte de Justicia.<\/p>\n<p>Una de las demandas sobresalientes proviene de la Alianza Federalista, la organizaci\u00f3n integrada por diez gobernadores de otros tantos estados inconformes no s\u00f3lo con la desaparici\u00f3n de los fideicomisos, sino tambi\u00e9n con la forma como se reparten las participaciones federales y por los recortes a sus presupuestos.<\/p>\n<p>Los integrantes de esa alianza informaron que iniciaron el proceso para canalizar sus protestas ante el m\u00e1ximo tribunal del pa\u00eds, en concreto para inconformarse por la extinci\u00f3n de los fideicomisos.<\/p>\n<p>Los mandatarios estatales precisaron que cada uno de los diez gobiernos analiza por separado la forma m\u00e1s conveniente de formular sus protestas y los criterios para justificar su inconformidad, pues pretenden dejar constancia de las afectaciones que resiente cada uno, conforme a las particularidades de cada entidad federativa.<\/p>\n<p>En un comunicado, los aliancistas manifestaron confianza en que la Corte tomar\u00e1 en cuenta, con apego a derecho y a la raz\u00f3n, la importancia y la urgencia de su reclamo por todo lo que significa para el futuro del pa\u00eds y de miles de mexicanos.<\/p>\n<p>En referencia al argumento del gobierno federal y de sus diputados y senadores en el sentido de que los fideicomisos fueron cancelados para combatir la corrupci\u00f3n, los integrantes de la Alianza Federalista sostuvieron que de existir evidencias de corrupci\u00f3n y mal manejo de recursos en los fideicomisos, los responsables sean\u00a0denunciados y sancionados con todo el rigor de la ley.<\/p>\n<p>Los 10 gobernadores aliancistas que la supuesta corrupci\u00f3n \u201cno debe tomarse como pretexto para la injusta extinci\u00f3n de agendas indispensables para M\u00e9xico en materia de salud, deporte, seguridad, cultura, desastres naturales, educaci\u00f3n y justicia social\u201d.<\/p>\n<p style=\"text-align: center;\"><strong>La dirigencia del PRI aprueba protocolo para combatir violencia contra las mujeres<\/strong><\/p>\n<p>Todav\u00eda como secuela del D\u00eda Internacional de la Eliminaci\u00f3n de la Violencia contra la Mujer, la dirigencia nacional del PRI aprob\u00f3 un protocolo para \u00a0prevenir, atender, sancionar y erradicar la violencia pol\u00edtica contra las mujeres en raz\u00f3n de g\u00e9nero.<\/p>\n<p>El presidente del Comit\u00e9 Ejecutivo Nacional (CEN) del tricolor, Alejandro Moreno, afirm\u00f3 que con la aprobaci\u00f3n de ese protocolo su instituto pol\u00edtico refrenda su compromiso con el sector femenil.<\/p>\n<p>Al encabezar la LIII Sesi\u00f3n Extraordinaria\u00a0 del Consejo Pol\u00edtico Nacional (CPN), celebrada en el marco del D\u00eda Internacional de la Eliminaci\u00f3n de la Violencia contra la Mujer, el gobernador de Campeche con licencia expuso que ese mecanismo busca orientar a las mujeres militantes, funcionarias, aspirantes y candidatas del partido sobre las conductas y los procedimientos a su alcance para denunciar la violencia pol\u00edtica.<\/p>\n<p>Durante esa sesi\u00f3n el CPN autoriz\u00f3 a la dirigencia nacional avanzar en la publicaci\u00f3n de las convocatorias para seleccionar y postular las candidaturas a los gobiernos de las entidades federativas.<\/p>\n<p>\u201cEsto quiere decir que ya tenemos la ruta, que ya conocemos los tiempos y las formas y que estamos listos para iniciar de lleno el proceso de selecci\u00f3n de candidatas y candidatos a las 15 gubernaturas que se disputar\u00e1n el a\u00f1o que entra\u201d, explic\u00f3 Alejandro Moreno.<\/p>\n<p><a href=\"mailto:arcangelpaz@me.com\" target=\"_blank\" rel=\"noopener noreferrer\"><em>arcangelpaz@me.com<\/em><\/a><\/p>\n","protected":false},"excerpt":{"rendered":"<p><span style=\"color: #005497;\"><strong>Miguel \u00c1ngel Rivera<\/strong><\/span><\/p>\n","protected":false},"author":3,"featured_media":0,"comment_status":"open","ping_status":"open","sticky":false,"template":"","format":"standard","meta":{"_monsterinsights_skip_tracking":false,"_monsterinsights_sitenote_active":false,"_monsterinsights_sitenote_note":"","_monsterinsights_sitenote_category":0,"footnotes":""},"categories":[84119],"tags":[84120,84121,43674],"class_list":["post-488023","post","type-post","status-publish","format-standard","hentry","category-miguel-angel-rivera","tag-clase-politica","tag-miguel-angel-rivera","tag-opinion"],"_links":{"self":[{"href":"https:\/\/www.diarioimagen.net\/index.php?rest_route=\/wp\/v2\/posts\/488023","targetHints":{"allow":["GET"]}}],"collection":[{"href":"https:\/\/www.diarioimagen.net\/index.php?rest_route=\/wp\/v2\/posts"}],"about":[{"href":"https:\/\/www.diarioimagen.net\/index.php?rest_route=\/wp\/v2\/types\/post"}],"author":[{"embeddable":true,"href":"https:\/\/www.diarioimagen.net\/index.php?rest_route=\/wp\/v2\/users\/3"}],"replies":[{"embeddable":true,"href":"https:\/\/www.diarioimagen.net\/index.php?rest_route=%2Fwp%2Fv2%2Fcomments&post=488023"}],"version-history":[{"count":0,"href":"https:\/\/www.diarioimagen.net\/index.php?rest_route=\/wp\/v2\/posts\/488023\/revisions"}],"wp:attachment":[{"href":"https:\/\/www.diarioimagen.net\/index.php?rest_route=%2Fwp%2Fv2%2Fmedia&parent=488023"}],"wp:term":[{"taxonomy":"category","embeddable":true,"href":"https:\/\/www.diarioimagen.net\/index.php?rest_route=%2Fwp%2Fv2%2Fcategories&post=488023"},{"taxonomy":"post_tag","embeddable":true,"href":"https:\/\/www.diarioimagen.net\/index.php?rest_route=%2Fwp%2Fv2%2Ftags&post=488023"}],"curies":[{"name":"wp","href":"https:\/\/api.w.org\/{rel}","templated":true}]}}