{"id":488072,"date":"2020-11-30T00:04:33","date_gmt":"2020-11-30T06:04:33","guid":{"rendered":"https:\/\/www.diarioimagen.net\/?p=488072"},"modified":"2020-11-30T01:22:45","modified_gmt":"2020-11-30T07:22:45","slug":"entrega-de-titulos-de-propiedad-en-naucalpan","status":"publish","type":"post","link":"https:\/\/www.diarioimagen.net\/?p=488072","title":{"rendered":"Entrega de t\u00edtulos de\u00a0 propiedad en Naucalpan"},"content":{"rendered":"<p>&nbsp;<\/p>\n<p><b><img loading=\"lazy\" decoding=\"async\" class=\"aligncenter size-full wp-image-488073\" src=\"https:\/\/www.diarioimagen.net\/wp-content\/uploads\/2020\/11\/CAMACHO30-dPOR.jpg\" alt=\"\" width=\"460\" height=\"270\" \/><\/b><\/p>\n<p>&nbsp;<\/p>\n<p><b>Naucalpan, Estado de M\u00e9xico.- <\/b>En coordinaci\u00f3n con el Registro Agrario Nacional y<span class=\"Apple-converted-space\">\u00a0 <\/span>la Procuradur\u00eda Agraria entregu\u00e9 120 t\u00edtulos de propiedad a vecinos del Ejido de San Mateo Nopala, afirm\u00f3 la alcaldesa Patricia Dur\u00e1n.<\/p>\n<p>En este esfuerzo conjunto, que nos permite dar certeza patrimonial a los vecinos, agradezco la presencia de Arturo Velasco, encargado del Programa de T\u00edtulos de Propiedad municipal; de Guillermo Vargas, presidente del Comisariado Ejidal, y del diputado Max Correa. De esta manera seguimos construyendo confianza, expres\u00f3 la mandataria municipal.<span class=\"Apple-converted-space\">\u00a0<\/span><\/p>\n","protected":false},"excerpt":{"rendered":"<p>En coordinaci\u00f3n con el Registro Agrario Nacional y\u00a0 la Procuradur\u00eda Agraria entregu\u00e9 120 t\u00edtulos de propiedad a vecinos del Ejido de San Mateo Nopala<\/p>\n","protected":false},"author":1,"featured_media":488073,"comment_status":"open","ping_status":"open","sticky":false,"template":"","format":"standard","meta":{"_monsterinsights_skip_tracking":false,"_monsterinsights_sitenote_active":false,"_monsterinsights_sitenote_note":"","_monsterinsights_sitenote_category":0,"footnotes":""},"categories":[5],"tags":[43675,970],"class_list":["post-488072","post","type-post","status-publish","format-standard","has-post-thumbnail","hentry","category-estado-de-mexico","tag-estado-de-mexico","tag-naucalpan"],"_links":{"self":[{"href":"https:\/\/www.diarioimagen.net\/index.php?rest_route=\/wp\/v2\/posts\/488072","targetHints":{"allow":["GET"]}}],"collection":[{"href":"https:\/\/www.diarioimagen.net\/index.php?rest_route=\/wp\/v2\/posts"}],"about":[{"href":"https:\/\/www.diarioimagen.net\/index.php?rest_route=\/wp\/v2\/types\/post"}],"author":[{"embeddable":true,"href":"https:\/\/www.diarioimagen.net\/index.php?rest_route=\/wp\/v2\/users\/1"}],"replies":[{"embeddable":true,"href":"https:\/\/www.diarioimagen.net\/index.php?rest_route=%2Fwp%2Fv2%2Fcomments&post=488072"}],"version-history":[{"count":0,"href":"https:\/\/www.diarioimagen.net\/index.php?rest_route=\/wp\/v2\/posts\/488072\/revisions"}],"wp:featuredmedia":[{"embeddable":true,"href":"https:\/\/www.diarioimagen.net\/index.php?rest_route=\/wp\/v2\/media\/488073"}],"wp:attachment":[{"href":"https:\/\/www.diarioimagen.net\/index.php?rest_route=%2Fwp%2Fv2%2Fmedia&parent=488072"}],"wp:term":[{"taxonomy":"category","embeddable":true,"href":"https:\/\/www.diarioimagen.net\/index.php?rest_route=%2Fwp%2Fv2%2Fcategories&post=488072"},{"taxonomy":"post_tag","embeddable":true,"href":"https:\/\/www.diarioimagen.net\/index.php?rest_route=%2Fwp%2Fv2%2Ftags&post=488072"}],"curies":[{"name":"wp","href":"https:\/\/api.w.org\/{rel}","templated":true}]}}