{"id":488075,"date":"2020-11-30T00:03:14","date_gmt":"2020-11-30T06:03:14","guid":{"rendered":"https:\/\/www.diarioimagen.net\/?p=488075"},"modified":"2020-11-29T21:49:53","modified_gmt":"2020-11-30T03:49:53","slug":"el-ayuntamiento-de-cuautitlan-mantiene-programa-de-rehabilitacion-a-vialidades","status":"publish","type":"post","link":"https:\/\/www.diarioimagen.net\/?p=488075","title":{"rendered":"El ayuntamiento de Cuautitl\u00e1n\u00a0mantiene programa de rehabilitaci\u00f3n a vialidades\u00a0"},"content":{"rendered":"<p>&nbsp;<\/p>\n<p><b><img loading=\"lazy\" decoding=\"async\" class=\"aligncenter size-full wp-image-488076\" src=\"https:\/\/www.diarioimagen.net\/wp-content\/uploads\/2020\/11\/CAMACHO30-cPOR.jpg\" alt=\"\" width=\"460\" height=\"270\" \/><\/b><\/p>\n<p>&nbsp;<\/p>\n<p><strong>Cuautitl\u00e1n, Estado de M\u00e9xico<\/strong><b>.\u2013<\/b> El municipio, encabezado por el gobierno de Ariel Ju\u00e1rez, a fin de mantener la infraestructura urbana en buenas condiciones, personal de Servicios Urbanos realiz\u00f3 trabajos de mantenimiento al puente Morelos, consistentes en balizado y chequeo permanente. Se seguir\u00e1 laborando de esta manera en diferentes colonias.<span class=\"Apple-converted-space\">\u00a0<\/span><\/p>\n","protected":false},"excerpt":{"rendered":"<p>El municipio, encabezado por el gobierno de Ariel Ju\u00e1rez, a fin de mantener la infraestructura urbana en buenas condiciones, personal de Servicios Urbanos realiz\u00f3 trabajos de mantenimiento al puente Morelos, consistentes en balizado y chequeo permanente. Se seguir\u00e1 laborando de esta manera en diferentes colonias.\u00a0<\/p>\n","protected":false},"author":1,"featured_media":488076,"comment_status":"open","ping_status":"open","sticky":false,"template":"","format":"standard","meta":{"_monsterinsights_skip_tracking":false,"_monsterinsights_sitenote_active":false,"_monsterinsights_sitenote_note":"","_monsterinsights_sitenote_category":0,"footnotes":""},"categories":[5],"tags":[681,43675],"class_list":["post-488075","post","type-post","status-publish","format-standard","has-post-thumbnail","hentry","category-estado-de-mexico","tag-cuautitlan","tag-estado-de-mexico"],"_links":{"self":[{"href":"https:\/\/www.diarioimagen.net\/index.php?rest_route=\/wp\/v2\/posts\/488075","targetHints":{"allow":["GET"]}}],"collection":[{"href":"https:\/\/www.diarioimagen.net\/index.php?rest_route=\/wp\/v2\/posts"}],"about":[{"href":"https:\/\/www.diarioimagen.net\/index.php?rest_route=\/wp\/v2\/types\/post"}],"author":[{"embeddable":true,"href":"https:\/\/www.diarioimagen.net\/index.php?rest_route=\/wp\/v2\/users\/1"}],"replies":[{"embeddable":true,"href":"https:\/\/www.diarioimagen.net\/index.php?rest_route=%2Fwp%2Fv2%2Fcomments&post=488075"}],"version-history":[{"count":0,"href":"https:\/\/www.diarioimagen.net\/index.php?rest_route=\/wp\/v2\/posts\/488075\/revisions"}],"wp:featuredmedia":[{"embeddable":true,"href":"https:\/\/www.diarioimagen.net\/index.php?rest_route=\/wp\/v2\/media\/488076"}],"wp:attachment":[{"href":"https:\/\/www.diarioimagen.net\/index.php?rest_route=%2Fwp%2Fv2%2Fmedia&parent=488075"}],"wp:term":[{"taxonomy":"category","embeddable":true,"href":"https:\/\/www.diarioimagen.net\/index.php?rest_route=%2Fwp%2Fv2%2Fcategories&post=488075"},{"taxonomy":"post_tag","embeddable":true,"href":"https:\/\/www.diarioimagen.net\/index.php?rest_route=%2Fwp%2Fv2%2Ftags&post=488075"}],"curies":[{"name":"wp","href":"https:\/\/api.w.org\/{rel}","templated":true}]}}