{"id":488145,"date":"2020-11-30T00:02:04","date_gmt":"2020-11-30T06:02:04","guid":{"rendered":"https:\/\/www.diarioimagen.net\/?p=488145"},"modified":"2020-11-29T23:28:48","modified_gmt":"2020-11-30T05:28:48","slug":"que-diferencia-hay-entre-el-cartel-del-mar-y-el-cartel-de-sinaloa","status":"publish","type":"post","link":"https:\/\/www.diarioimagen.net\/?p=488145","title":{"rendered":"\u00bfQu\u00e9 diferencia hay entre el C\u00e1rtel del Mar y el C\u00e1rtel de Sinaloa?"},"content":{"rendered":"<h2>La Retaguardia<\/h2>\n<h5>Adriana Moreno Cordero<\/h5>\n<p>&nbsp;<\/p>\n<ul>\n<li><strong><em>Andr\u00e9s Manuel L\u00f3pez Obrador, igual que el presidente Bolsonaro<\/em><\/strong><\/li>\n<\/ul>\n<p>&nbsp;<\/p>\n<p>No se tratara de la madre de <strong>Joaqu\u00edn \u201cel Chapo\u201d Guzm\u00e1n<\/strong>, (\u00a1\u00a1aahh, no!!, que ya no hay que nombrarlo por su apodo),\u00a0 porque ah\u00ed s\u00ed, el presiente <strong>Andr\u00e9s Manuel L\u00f3pez Obrador<\/strong> se baja r\u00e1pidamente del veh\u00edculo y camina para saludar de mano a la se\u00f1ora <strong>Consuelo Loera<\/strong>, que le ha venido pidiendo poder estar en Estados Unidos para, por razones humanitarias, visitar a su hijo y luego, convivir en una taquiza con miembros de la familia Guzm\u00e1n Loera. Previamente, como se recordar\u00e1, en octubre de 2019, en un fallido operativo conocido como el \u201cculiacanazo\u201d, el mism\u00edsimo jefe del Ejecutivo orden\u00f3 la liberaci\u00f3n de <strong>Ovidio Guzm\u00e1n<\/strong> porque la situaci\u00f3n lo rebas\u00f3 ante tanta desorganizaci\u00f3n.<\/p>\n<p>Tiempo despu\u00e9s, el Presidente, mostr\u00f3 toda su soberbia, cuando <strong>Mar\u00eda Carolina Pe\u00f1a<\/strong>, madre del l\u00edder de pescadores de San Felipe, comunidad enclavada en Mexicali, Baja California,<strong> Sunshine Antonio Rodr\u00edguez Pe\u00f1a<\/strong>, una mujer de edad avanzada, logr\u00f3 llegar hasta la camioneta del tabasque\u00f1o para pedir la liberaci\u00f3n de su hijo y en un ejercicio de enorme soberbia, L\u00f3pez Obrador no se tom\u00f3 la molestia ni siquiera de bajar el vidrio, prefiri\u00f3 quedarse viendo a la nada, como si la mujer no estuviera ah\u00ed, suplicante; con eso de que ahora se dedica -seg\u00fan \u00e9l- a cuidar la investidura presidencial, no sea que se la vayan a maltratar o a raspar\u2026 Realmente pat\u00e9tico. C\u00f3mo se nota que el Presidente no ha le\u00eddo su rid\u00edcula, \u00a1perd\u00f3n!, su maravillosa Gu\u00eda Etica que apenas dio a conocer hace unos d\u00edas desde el p\u00falpito de Palacio Nacional; puede que ni \u00e9l la haya escrito.<\/p>\n<p>Apenas el pasado mes de noviembre, en un operativo presuntamente de la Secretar\u00eda de Marina, fue detenido el exl\u00edder de pescadores de San Felipe, seg\u00fan narr\u00f3 el hijo de este personaje, por la madrugada con gente encapuchada enca\u00f1onando a todos los miembros de la familia, acus\u00e1ndolo de ser presunto l\u00edder del C\u00e1rtel del Mar, ejercer la delincuencia organizada en la modalidad de lavado de dinero y traficar con especies end\u00e9micas como la totoaba.<\/p>\n<p>Se sabe tambi\u00e9n y llama la atenci\u00f3n, por otro lado, que Rodr\u00edguez Pe\u00f1a es un conocido activista en San Felipe y antes de ser detenido, hab\u00eda manifestado sus intenciones de participar en el proceso electoral del a\u00f1o entrante, probablemente, con una candidatura independiente. \u00bfAcaso la consigna de la Federaci\u00f3n era cerrarle el camino?<\/p>\n<p>En las fotograf\u00edas tomadas por el fotoperiodista <strong>V\u00edctor Medina<\/strong>, se puede ver a la se\u00f1ora Mar\u00eda Carolina visiblemente afectada, desesperada y con l\u00e1grimas en los ojos. Atr\u00e1s de ella, se aprecia una cartulina con la figura de su hijo y una interesante leyenda en letras negras y rojas: \u201cAMLO, si \u00e9l cree en ti, nosotros creeremos\u2026\u201d. \u00bfSer\u00e1 que Sunshine Rodr\u00edguez es uno de los millones que votaron por L\u00f3pez Obrador y ahora, dadas las circunstancias, est\u00e1 desencantado, por no decir decepcionado?<\/p>\n<p>Independientemente de la situaci\u00f3n legal que tenga el l\u00edder de pescadores de San Felipe, -porque ya en una ocasi\u00f3n, en 2017 fue detenido y luego liberado- y si resulta ser culpable o no, ya en los corrillos pol\u00edticos se comenta cu\u00e1les podr\u00edan ser las diferencias entre este C\u00e1rtel del Mar y el famos\u00edsimo C\u00e1rtel de Sinaloa que comanda \u201cEl Chapo\u201d Guzm\u00e1n y por qu\u00e9 no hay las mismas atenciones para Consuelo Loera que para Mar\u00eda Carolina Pe\u00f1a. Qu\u00e9 le costaba al Presidente haberla escuchado simplemente, por ser una persona de la tercera edad; una madre que al igual que la se\u00f1ora Loera, quiere ver y saber de su hijo, \u00bfpor qu\u00e9 no otorgarle las mismas facilidades a la se\u00f1ora Pe\u00f1a?\u00bf Ser\u00e1 acaso que al tabasque\u00f1o no le tiene cuenta este nuevo expediente, m\u00e1s a\u00fan si tomamos en consideraci\u00f3n que hace unas semanas, hasta disculpas p\u00fablicas le ofreci\u00f3 a Joaqu\u00edn Guzm\u00e1n por llamarlo \u201cEl Chapo\u201d<\/p>\n<p>\u00bfSer\u00e1 que en el caso de la detenci\u00f3n de Sunshine Rodr\u00edguez no hay una figura clave como lo es Ovidio Guzm\u00e1n, que a leguas se nota que en esta llamada Cuarta Transformaci\u00f3n, es \u00e9l quien tiene \u201cel sart\u00e9n por el mango\u201d? Al tiempo.<\/p>\n<p style=\"text-align: center;\"><strong>Municiones<\/strong><\/p>\n<p>*** \u00a1Qui\u00e9n lo dir\u00eda!, L\u00f3pez Obrador est\u00e1 igualito que el presidente de Brasil, <strong>Jair Bolsonaro,<\/strong> y eso que el tabasque\u00f1o se dice liberal ciento por ciento y no ultraconservador como el brasile\u00f1o. Resulta que Bolsonaro es otro de los que se resiste a reconocer el triunfo de <strong>Joe Biden<\/strong> en las elecciones presidenciales del vecino pa\u00eds del norte y alega -al igual que <strong>Donald Trump<\/strong>&#8211; que hubo fraude en esos comicios, por lo que esperar\u00e1 a que se resuelvan los asuntos legales de la elecci\u00f3n en Estados Unidos para dar su posicionamiento y felicitar al ganador. Hace alrededor de una semana, el Presidente mexicano dijo sobre este asunto: \u201cNo queremos ser imprudentes, no queremos actuar a la ligera y queremos ser respetuosos de la autodeterminaci\u00f3n de los pueblos y del derecho ajeno\u201d y opt\u00f3 por esperar -seg\u00fan \u00e9l- a que se resuelva lo legal en dichos comicios. Muy probablemente, el tabasque\u00f1o no ha reparado en que todos los recursos legales que el a\u00fan inquilino de la Casa Blanca ha interpuesto, se han derrumbado; Biden es ya el presidente virtual de los Estados Unidos, mientras que un frustrado y decepcionado Trump, se dedica a jugar golf como mecanismo de evasi\u00f3n para no asimilar su estrepitosa p\u00e9rdida. Por cierto, los acuerdos que hab\u00eda hecho el tabasque\u00f1o con su muy querido amigoouu, tambi\u00e9n se vinieron por tierra.<\/p>\n<p>*** En el marco de la Feria Internacional del Libro que se lleva a cabo en Guadalajara,\u00a0 durante su participaci\u00f3n en la presentaci\u00f3n del libro \u201cCiudadan\u00eda, Interculturalidad y Redes Sociales\u201d, el consejero presidente del INE, <strong>Lorenzo C\u00f3rdova Vianello<\/strong>, se\u00f1al\u00f3 que la ciudadan\u00eda digital se ha incorporado a la vida democr\u00e1tica como una nueva forma de participaci\u00f3n que exige respeto, intercambio y deliberaci\u00f3n informada, manteniendo los valores y principios de la vida democr\u00e1tica, al tiempo que asever\u00f3 que la pandemia de la desinformaci\u00f3n, ahora\u00a0<em>infodemia<\/em>, supone un reto no s\u00f3lo para las autoridades, sino tambi\u00e9n para la propia ciudadan\u00eda. Subray\u00f3 el doctor C\u00f3rdova que \u201cen los tiempos que corren, pero tambi\u00e9n en el futuro que viene, el pensamiento cr\u00edtico ser\u00e1 clave para el ejercicio de la ciudadan\u00eda, para que ayude a sortear las trampas de la desinformaci\u00f3n y tambi\u00e9n para exigir sus derechos a las autoridades y hacerse corresponsables de su vida con otros en comunidad\u201d.<\/p>\n<p>*** V\u00eda un comunicado, la Fiscal\u00eda General de la Rep\u00fablica, inform\u00f3 que ha solicitado la extradici\u00f3n a M\u00e9xico ni m\u00e1s ni menos que del ex secretario de Seguridad P\u00fablica en tiempos del calderonismo, <strong>Genaro Garc\u00eda Luna<\/strong>, al tener ya una orden de aprehensi\u00f3n en contra del exfuncionario, quien habr\u00eda incrementado su patrimonio en alrededor de 27 millones de pesos, de manera ilegal.<\/p>\n<p><u><a href=\"mailto:morcora@gmail.com\" target=\"_blank\" rel=\"noopener noreferrer\"><em>morcora@gmail.com<\/em><\/a><\/u><\/p>\n","protected":false},"excerpt":{"rendered":"<p><span style=\"color: #005497;\"><strong>Adriana Moreno Cordero<\/strong><\/span><\/p>\n","protected":false},"author":3,"featured_media":0,"comment_status":"open","ping_status":"open","sticky":false,"template":"","format":"standard","meta":{"_monsterinsights_skip_tracking":false,"_monsterinsights_sitenote_active":false,"_monsterinsights_sitenote_note":"","_monsterinsights_sitenote_category":0,"footnotes":""},"categories":[69370],"tags":[69369,69368,43674],"class_list":["post-488145","post","type-post","status-publish","format-standard","hentry","category-adriana-moreno-cordero","tag-adriana-moreno-cordero","tag-la-retaguardia","tag-opinion"],"_links":{"self":[{"href":"https:\/\/www.diarioimagen.net\/index.php?rest_route=\/wp\/v2\/posts\/488145","targetHints":{"allow":["GET"]}}],"collection":[{"href":"https:\/\/www.diarioimagen.net\/index.php?rest_route=\/wp\/v2\/posts"}],"about":[{"href":"https:\/\/www.diarioimagen.net\/index.php?rest_route=\/wp\/v2\/types\/post"}],"author":[{"embeddable":true,"href":"https:\/\/www.diarioimagen.net\/index.php?rest_route=\/wp\/v2\/users\/3"}],"replies":[{"embeddable":true,"href":"https:\/\/www.diarioimagen.net\/index.php?rest_route=%2Fwp%2Fv2%2Fcomments&post=488145"}],"version-history":[{"count":0,"href":"https:\/\/www.diarioimagen.net\/index.php?rest_route=\/wp\/v2\/posts\/488145\/revisions"}],"wp:attachment":[{"href":"https:\/\/www.diarioimagen.net\/index.php?rest_route=%2Fwp%2Fv2%2Fmedia&parent=488145"}],"wp:term":[{"taxonomy":"category","embeddable":true,"href":"https:\/\/www.diarioimagen.net\/index.php?rest_route=%2Fwp%2Fv2%2Fcategories&post=488145"},{"taxonomy":"post_tag","embeddable":true,"href":"https:\/\/www.diarioimagen.net\/index.php?rest_route=%2Fwp%2Fv2%2Ftags&post=488145"}],"curies":[{"name":"wp","href":"https:\/\/api.w.org\/{rel}","templated":true}]}}