{"id":488150,"date":"2020-11-30T00:04:28","date_gmt":"2020-11-30T06:04:28","guid":{"rendered":"https:\/\/www.diarioimagen.net\/?p=488150"},"modified":"2020-12-11T01:28:20","modified_gmt":"2020-12-11T07:28:20","slug":"bueno-que-diputados-se-reelijan","status":"publish","type":"post","link":"https:\/\/www.diarioimagen.net\/?p=488150","title":{"rendered":"\u00bfBueno, que diputados se reelijan?"},"content":{"rendered":"<h2>Perfil de M\u00e9xico<\/h2>\n<h5>Armando R\u00edos Ruiz<\/h5>\n<p>&nbsp;<\/p>\n<p>En una acci\u00f3n por dem\u00e1s ma\u00f1osa, de manera sorpresiva y sin que el punto estuviera en la orden del d\u00eda, sin dictamen de las comisiones correspondientes y sin la presencia de partidos de oposici\u00f3n, salvo Movimiento Ciudadano, al finalizar la semana pasada, los diputados aprobaron una reforma que les permite reelegirse sin pedir licencia y abandonar el esca\u00f1o para hacer campa\u00f1a.<\/p>\n<p>Quiere decir que los dizque legisladores, que s\u00f3lo acuden a levantar la mano y a avalar las iniciativas del Ejecutivo sin condiciones y las que les ordenan desde las altas esferas del gobierno, podr\u00e1n postularse y hacer su campa\u00f1a pl\u00e1cidamente, sin dejar de cobrar un solo centavo de sus salarios y desde luego, sin tener que acudir a las sesiones.<\/p>\n<p>Es una reforma sin precedentes, en lo que se refiere al abuso estratosf\u00e9rico de los representantes populares que ni siquiera lo son, porque fueron elegidos por el arrastre que represent\u00f3 la elecci\u00f3n del Presidente, en unos comicios en los cuales, los electores acudieron a las urnas a votar por los cuadros en donde estaba inscrito el nombre de Morena, sin que importara qui\u00e9n era el candidato por quien sufragaron.<\/p>\n<p>De esta manera, apostamos doble contra sencillo a que la C\u00e1mara de Diputados se pobl\u00f3 de indeseables, de ignorantes y hasta de delincuentes que permanecen ocultos, agazapados detr\u00e1s del fuero, sencillamente porque no participan jam\u00e1s. Porque no son capaces de presentar una iniciativa\u00a0 y porque su \u00fanico trabajo consiste en levantar la mano cada vez que se les requiere.<\/p>\n<p>Esa es su verdadera funci\u00f3n: acudir a la c\u00e1mara durante tres meses a levantar la mano, adem\u00e1s, en tiempos normales, no de crisis sanitaria, a sentarse en la curul a dormitar. Cobran altos salarios por eso. Pero son m\u00e1s necesarios cuando el requerimiento es para participar\u00a0 en la aprobaci\u00f3n de las decisiones del Ejecutivo. Otros tres meses son de vacaciones. Sin siquiera volver a los distritos que representan a enterarse de los problemas de la regi\u00f3n.<\/p>\n<p>Los que recibieron ayuda de grupos delictivos para hacer campa\u00f1as volver\u00e1n a ser objeto de lo mismo. Esa es la t\u00f3nica y uno de los puntos que en a\u00f1os pasados se discuti\u00f3 antes de que la reforma se sometiera a la consideraci\u00f3n de los flamantes \u201cservidores p\u00fablicos\u201d.<\/p>\n<p>En esta ocasi\u00f3n, se valieron del impedimento que impone la pandemia, de hacer acto de presencia f\u00edsica en el recinto legislativo. Es m\u00e1s f\u00e1cil hacerlo a trav\u00e9s de las computadoras, a las que tambi\u00e9n es m\u00e1s f\u00e1cil no acudir, para dar el albazo, como ocurri\u00f3.<\/p>\n<p>Esto es tambi\u00e9n lo que requiere el primer mandatario: conservar a sus incondicionales para que act\u00faen a su favor el a\u00f1o entrante, durante las elecciones m\u00e1s grandes de la historia, en las cuales habr\u00e1n de elegirse m\u00e1s de dos mil cargos de elecci\u00f3n popular.<\/p>\n<p>Corresponde al pueblo acudir a las urnas, si desea impedir tal hecho, a sufragar en contra, para evitar que la puerta rumbo a la dictadura se abra de par en par y quede a disposici\u00f3n incondicional de los planes de reforma constitucional, para favorecer primero, la revocaci\u00f3n de mandato y despu\u00e9s, la reelecci\u00f3n.<\/p>\n<p>No obstante, Claudia Zavala, consejera del INE y presidenta de la Comisi\u00f3n de Prerrogativas, dijo que dicho instituto analizar\u00e1 el convenio y determinar\u00e1 qu\u00e9 es lo que proceder\u00e1. El acuerdo ser\u00e1 analizado y en consecuencia, el INE crear\u00e1 el acto de autoridad y determinar\u00e1 lo procedente.<\/p>\n<p>Como sea, los diputados der Morena se salieron con la suya. Impusieron su mayor\u00eda en un virtual reciento carente de opositores y mantendr\u00e1n la C\u00e1mara Baja repleta de indeseables buenos para nada, que continuar\u00e1n recibiendo todas, absolutamente todas las prebendas que otorga el puesto.<\/p>\n<p>Se trata de un paso m\u00e1s dado por Morena, para consolidar el proyecto concebido desde el sur del continente, para avanzar en la imposici\u00f3n de gobiernos dizque de izquierda.<\/p>\n<p><a href=\"mailto:ariosruiz@gmail.com\" target=\"_blank\" rel=\"noopener noreferrer\"><em>ariosruiz@gmail.com<\/em><\/a><\/p>\n","protected":false},"excerpt":{"rendered":"<p><span style=\"color: #005497;\"><strong>Armando R\u00edos Ruiz<\/strong><\/span><\/p>\n","protected":false},"author":3,"featured_media":0,"comment_status":"open","ping_status":"open","sticky":false,"template":"","format":"standard","meta":{"_monsterinsights_skip_tracking":false,"_monsterinsights_sitenote_active":false,"_monsterinsights_sitenote_note":"","_monsterinsights_sitenote_category":0,"footnotes":""},"categories":[88405],"tags":[88407,43674,91193],"class_list":["post-488150","post","type-post","status-publish","format-standard","hentry","category-armando-rios-ruiz","tag-armando-rios-ruiz","tag-opinion","tag-perfil-de-mexico"],"_links":{"self":[{"href":"https:\/\/www.diarioimagen.net\/index.php?rest_route=\/wp\/v2\/posts\/488150","targetHints":{"allow":["GET"]}}],"collection":[{"href":"https:\/\/www.diarioimagen.net\/index.php?rest_route=\/wp\/v2\/posts"}],"about":[{"href":"https:\/\/www.diarioimagen.net\/index.php?rest_route=\/wp\/v2\/types\/post"}],"author":[{"embeddable":true,"href":"https:\/\/www.diarioimagen.net\/index.php?rest_route=\/wp\/v2\/users\/3"}],"replies":[{"embeddable":true,"href":"https:\/\/www.diarioimagen.net\/index.php?rest_route=%2Fwp%2Fv2%2Fcomments&post=488150"}],"version-history":[{"count":0,"href":"https:\/\/www.diarioimagen.net\/index.php?rest_route=\/wp\/v2\/posts\/488150\/revisions"}],"wp:attachment":[{"href":"https:\/\/www.diarioimagen.net\/index.php?rest_route=%2Fwp%2Fv2%2Fmedia&parent=488150"}],"wp:term":[{"taxonomy":"category","embeddable":true,"href":"https:\/\/www.diarioimagen.net\/index.php?rest_route=%2Fwp%2Fv2%2Fcategories&post=488150"},{"taxonomy":"post_tag","embeddable":true,"href":"https:\/\/www.diarioimagen.net\/index.php?rest_route=%2Fwp%2Fv2%2Ftags&post=488150"}],"curies":[{"name":"wp","href":"https:\/\/api.w.org\/{rel}","templated":true}]}}