{"id":488155,"date":"2020-11-30T00:04:23","date_gmt":"2020-11-30T06:04:23","guid":{"rendered":"https:\/\/www.diarioimagen.net\/?p=488155"},"modified":"2020-11-30T23:02:48","modified_gmt":"2020-12-01T05:02:48","slug":"violencia-en-polanco","status":"publish","type":"post","link":"https:\/\/www.diarioimagen.net\/?p=488155","title":{"rendered":"Violencia en Polanco"},"content":{"rendered":"<h2>Punto por punto<\/h2>\n<h5>Augusto Corro<\/h5>\n<p>&nbsp;<\/p>\n<p>El empresario franc\u00e9s Baptiste Lormand, de 45 a\u00f1os, fue reportado como desaparecido el pasado viernes y el s\u00e1bado en la madrugada fue hallado sin vida, junto con otro cad\u00e1ver, en un camino en el pueblo de Magdalena Petlacalco, Tlalpan.<\/p>\n<p>Las autoridades informaron que la desaparici\u00f3n del hombre de negocios, due\u00f1o de varios restaurantes, ocurri\u00f3 el jueves en la colonia Polanco, pero fue el viernes cuando presentaron la denuncia correspondiente.\u00a0 Ambas v\u00edctimas estaban atadas y presentaban golpes en diferentes partes del cuerpo.<\/p>\n<p>Baptiste Lormand fue visto por \u00faltima vez con vida a las 17 horas en la citada colonia, donde se ubican restaurantes visitados por empresarios y pol\u00edticos. Los dos asesinatos se suman a la ola de violencia que azota a M\u00e9xico. Extraoficialmente se dijo que el otro cad\u00e1ver podr\u00eda ser de uno de los empleados del empresario.<\/p>\n<p>La polic\u00eda investiga el m\u00f3vil de los cr\u00edmenes en un escenario de violencia que no cede en el pa\u00eds. Hace varios a\u00f1os la Ciudad de M\u00e9xico se enorgullec\u00eda de la ausencia de delincuencia, pero los tiempos cambiaron; hasta el propio jefe de la polic\u00eda capitalina, Omar Garc\u00eda Harfuch, fue v\u00edctima de un atentado, en las Lomas de Chapultepec.<\/p>\n<p>Los dos hechos se registraron en zonas residenciales capitalinas, ahora incluidas en sitios de hechos violentos de alto impacto. En Polanco se desat\u00f3 la violencia con sus respectivos delitos que registra robos a transe\u00fantes y secuestros.<\/p>\n<p>El desconfinamiento y la apertura de actividades sociales como comerciales para regresar a la llamada nueva normalidad, provocaron que la incidencia de delitos de acto impacto repuntara en la Ciudad de M\u00e9xico.<\/p>\n<p><strong>No cede el coronavirus<\/strong><\/p>\n<p>No avanza la lucha contra el coronavirus. A nueve meses de que se report\u00f3 el primer caso de coronavirus en M\u00e9xico, creci\u00f3 la cifra de decesos y contagios. El \u00faltimo reporte sanitario del s\u00e1bado arroj\u00f3 los siguientes datos: 105 mil 459 fallecimientos y un total acumulado de un mill\u00f3n 100 mil 683 contagios.<\/p>\n<p>En la Ciudad de M\u00e9xico se vive una incertidumbre ante la indecisi\u00f3n de las autoridades para regresar al color rojo del sem\u00e1foro sanitario. Si bien dijeron que existe una alerta, continuamos en el color naranja.<\/p>\n<p>El gobierno dijo que se incrementar\u00e1n las pruebas de Covid-19 para dar seguimiento a los infectados y canalizar a los enfermos a los hospitales, como acciones que rompan la cadena de contagios.<\/p>\n<p>Sin embargo, las medidas se\u00f1aladas no son suficientes para derrotar el virus. Se necesita volver al aislamiento y a la aplicaci\u00f3n correcta y contin\u00faa de los protocolos de salud. En tanto no se cuente con la vacuna que mate a la Covid-19, s\u00f3lo nos queda echar mano de la paciencia y fortaleza de esp\u00edritu.<\/p>\n<p>No tiene caso referirnos a los pron\u00f3sticos de los futuros estragos de la pandemia. El problema no s\u00f3lo afecta la salud de la poblaci\u00f3n; tambi\u00e9n da\u00f1a su econom\u00eda. La tragedia de la pobreza se agudiza en un sinn\u00famero de pa\u00edses.<\/p>\n<p>Entonces, atender los dos problemas: salud y econom\u00eda al mismo tiempo trajo mayores conflictos. Por ejemplo, para activar la econom\u00eda, se deb\u00eda abandonar el confinamiento que funcionaba como una medida pr\u00e1ctica y eficiente contra la pandemia.<\/p>\n<p>Pero se present\u00f3 la necesidad de reactivar la econom\u00eda y se regres\u00f3 al color de sem\u00e1foro que permit\u00eda m\u00e1s libertad de movilidad, entre otras cosas. La idea no fructific\u00f3 plenamente. Las medidas sanitarias se relajaron y el virus se fortaleci\u00f3. Volver al color rojo es lo que preocupa a las autoridades.<\/p>\n<p>\u00bfQu\u00e9 hacer en esas condiciones? \u00bfSuperar la crisis econ\u00f3mica sin que importe el relajamiento de los protocolos sanitarios, que al no aplicarse incrementan los contagios y los respectivos decesos? \u00bfO implantar medidas m\u00e1s estrictas como el confinamiento obligatorio, aunque se da\u00f1e m\u00e1s a la econom\u00eda?<\/p>\n<p>\u00bfUsted qu\u00e9 opina amable lector?<\/p>\n<p><a href=\"mailto:aco2742@hotmail.com\" target=\"_blank\" rel=\"noopener noreferrer\"><em>aco2742@hotmail.com<\/em><\/a><\/p>\n","protected":false},"excerpt":{"rendered":"<p><span style=\"color: #005497;\"><strong>Augusto Corro<\/strong><\/span><\/p>\n","protected":false},"author":3,"featured_media":0,"comment_status":"open","ping_status":"open","sticky":false,"template":"","format":"standard","meta":{"_monsterinsights_skip_tracking":false,"_monsterinsights_sitenote_active":false,"_monsterinsights_sitenote_note":"","_monsterinsights_sitenote_category":0,"footnotes":""},"categories":[157],"tags":[43686,43674,11515],"class_list":["post-488155","post","type-post","status-publish","format-standard","hentry","category-augusto-corro","tag-augusto-corro","tag-opinion","tag-punto-por-punto"],"_links":{"self":[{"href":"https:\/\/www.diarioimagen.net\/index.php?rest_route=\/wp\/v2\/posts\/488155","targetHints":{"allow":["GET"]}}],"collection":[{"href":"https:\/\/www.diarioimagen.net\/index.php?rest_route=\/wp\/v2\/posts"}],"about":[{"href":"https:\/\/www.diarioimagen.net\/index.php?rest_route=\/wp\/v2\/types\/post"}],"author":[{"embeddable":true,"href":"https:\/\/www.diarioimagen.net\/index.php?rest_route=\/wp\/v2\/users\/3"}],"replies":[{"embeddable":true,"href":"https:\/\/www.diarioimagen.net\/index.php?rest_route=%2Fwp%2Fv2%2Fcomments&post=488155"}],"version-history":[{"count":0,"href":"https:\/\/www.diarioimagen.net\/index.php?rest_route=\/wp\/v2\/posts\/488155\/revisions"}],"wp:attachment":[{"href":"https:\/\/www.diarioimagen.net\/index.php?rest_route=%2Fwp%2Fv2%2Fmedia&parent=488155"}],"wp:term":[{"taxonomy":"category","embeddable":true,"href":"https:\/\/www.diarioimagen.net\/index.php?rest_route=%2Fwp%2Fv2%2Fcategories&post=488155"},{"taxonomy":"post_tag","embeddable":true,"href":"https:\/\/www.diarioimagen.net\/index.php?rest_route=%2Fwp%2Fv2%2Ftags&post=488155"}],"curies":[{"name":"wp","href":"https:\/\/api.w.org\/{rel}","templated":true}]}}