{"id":488164,"date":"2020-11-30T00:08:57","date_gmt":"2020-11-30T06:08:57","guid":{"rendered":"https:\/\/www.diarioimagen.net\/?p=488164"},"modified":"2020-11-30T01:20:11","modified_gmt":"2020-11-30T07:20:11","slug":"dos-anos-de-polarizacion","status":"publish","type":"post","link":"https:\/\/www.diarioimagen.net\/?p=488164","title":{"rendered":"Dos a\u00f1os de polarizaci\u00f3n"},"content":{"rendered":"<h2>Detr\u00e1s del Poder<\/h2>\n<h5>Jos\u00e9 Antonio L\u00f3pez Sosa<\/h5>\n<p><strong>\u00a0<\/strong><\/p>\n<p>Ma\u00f1ana se cumplen dos a\u00f1os del inicio de la administraci\u00f3n del presidente Andr\u00e9s Manuel L\u00f3pez Obrador, lo que el ha denominado como la Cuarta Transformaci\u00f3n.<\/p>\n<p>Como en todo gobierno, hay aciertos y desaciertos, hay quienes est\u00e1n a favor y en contra y hay un diagn\u00f3stico en el terreno de la realidad, mismo que no nos pone en el escenario que se prometi\u00f3 desde la campa\u00f1a pol\u00edtica del propio Presidente. S\u00ed, hay una pandemia de por medio que ha llevado al mundo a la crisis sanitaria y econ\u00f3mica, sin embargo hay cosas poco claras tambi\u00e9n en el manejo de estas pandemia al interior del pa\u00eds.<\/p>\n<p>La s\u00edntesis son dos a\u00f1os de polarizaci\u00f3n, dos a\u00f1os en que los que creen en L\u00f3pez Obrador le justifican todo, a pesar de lo que sea y a toda costa; dos a\u00f1os en que los odiadores de L\u00f3pez Obrador encuentran m\u00e1s y m\u00e1s elementos para ir contra \u00e9l y asegurar que es lo peor que le ha ocurrido al pa\u00eds; en medio, el ciudadano que no ve progreso y que se dirime entre las maromas y los ataques.<\/p>\n<p>Ahora bien, el Presidente es responsable de esta polarizaci\u00f3n, todas las ma\u00f1anas desde su p\u00falpito de comunicaci\u00f3n se\u00f1ala, ridiculiza y apoda a sus adversarios, mete a todos en la misma cesta, les llama pasquines inmundos a quienes le critican, asegura que en su gobierno est\u00e1 \u201cprohibido prohibir\u201d mientras exhibe a periodistas que no comulgan con sus modos, manda mensajes claros para dividir entre los que est\u00e1n y no con \u00e9l, pr\u00e1cticamente todo aquel que se atreva a criticar algo sobre su gesti\u00f3n es etiquetado como conservador, neoliberal y pasa al lado de los que est\u00e1n contra el bien de M\u00e9xico.<\/p>\n<p>El balance que saco de estos dos a\u00f1os es polarizaci\u00f3n, es lo \u00fanico que ha crecido y ganado adeptos al por mayor.<\/p>\n<p>Tan ciegos est\u00e1n los de un lado que los del otro, tan mal le hacen al pa\u00eds los creyentes que los odiadores del Presidente, cada vez el an\u00e1lisis es menos claro y m\u00e1s visceral, de un lado y del otro.<\/p>\n<p>Un hecho que no podemos dejar de observar es que, la mayor\u00eda de las promesas de campa\u00f1a no se han cumplido, definitivamente no estamos mejor que en diciembre de 2018.<\/p>\n<p><a href=\"mailto:frontenis77@yahoo.com\" target=\"_blank\" rel=\"noopener noreferrer\"><em>frontenis77@yahoo.com<\/em><\/a><u><\/u><\/p>\n","protected":false},"excerpt":{"rendered":"<p><span style=\"color: #005497;\"><strong>Jos\u00e9 Antonio L\u00f3pez Sosa<\/strong><\/span><\/p>\n","protected":false},"author":3,"featured_media":0,"comment_status":"open","ping_status":"open","sticky":false,"template":"","format":"standard","meta":{"_monsterinsights_skip_tracking":false,"_monsterinsights_sitenote_active":false,"_monsterinsights_sitenote_note":"","_monsterinsights_sitenote_category":0,"footnotes":""},"categories":[637],"tags":[638,43690,43674],"class_list":["post-488164","post","type-post","status-publish","format-standard","hentry","category-jose-antonio-lopez-sosa","tag-detras-del-poder","tag-jose-antonio-lopez-sosa","tag-opinion"],"_links":{"self":[{"href":"https:\/\/www.diarioimagen.net\/index.php?rest_route=\/wp\/v2\/posts\/488164","targetHints":{"allow":["GET"]}}],"collection":[{"href":"https:\/\/www.diarioimagen.net\/index.php?rest_route=\/wp\/v2\/posts"}],"about":[{"href":"https:\/\/www.diarioimagen.net\/index.php?rest_route=\/wp\/v2\/types\/post"}],"author":[{"embeddable":true,"href":"https:\/\/www.diarioimagen.net\/index.php?rest_route=\/wp\/v2\/users\/3"}],"replies":[{"embeddable":true,"href":"https:\/\/www.diarioimagen.net\/index.php?rest_route=%2Fwp%2Fv2%2Fcomments&post=488164"}],"version-history":[{"count":0,"href":"https:\/\/www.diarioimagen.net\/index.php?rest_route=\/wp\/v2\/posts\/488164\/revisions"}],"wp:attachment":[{"href":"https:\/\/www.diarioimagen.net\/index.php?rest_route=%2Fwp%2Fv2%2Fmedia&parent=488164"}],"wp:term":[{"taxonomy":"category","embeddable":true,"href":"https:\/\/www.diarioimagen.net\/index.php?rest_route=%2Fwp%2Fv2%2Fcategories&post=488164"},{"taxonomy":"post_tag","embeddable":true,"href":"https:\/\/www.diarioimagen.net\/index.php?rest_route=%2Fwp%2Fv2%2Ftags&post=488164"}],"curies":[{"name":"wp","href":"https:\/\/api.w.org\/{rel}","templated":true}]}}