{"id":488246,"date":"2020-12-01T00:04:36","date_gmt":"2020-12-01T06:04:36","guid":{"rendered":"https:\/\/www.diarioimagen.net\/?p=488246"},"modified":"2020-11-30T21:16:39","modified_gmt":"2020-12-01T03:16:39","slug":"compromete-del-mazo-ir-de-la-mano-con-tultepec-en-temas-de-desarrollo","status":"publish","type":"post","link":"https:\/\/www.diarioimagen.net\/?p=488246","title":{"rendered":"Compromete Del Mazo ir de la mano con Tultepec en temas de desarrollo"},"content":{"rendered":"<p>&nbsp;<\/p>\n<ul>\n<li><em><b>Proyectos por aeropuerto en Santa Luc\u00eda<\/b><\/em><\/li>\n<\/ul>\n<p>&nbsp;<\/p>\n<div id=\"attachment_488247\" style=\"width: 470px\" class=\"wp-caption aligncenter\"><img loading=\"lazy\" decoding=\"async\" aria-describedby=\"caption-attachment-488247\" class=\"size-full wp-image-488247\" src=\"https:\/\/www.diarioimagen.net\/wp-content\/uploads\/2020\/11\/CAMACHO1-aPOR.jpg\" alt=\"\" width=\"460\" height=\"270\" \/><p id=\"caption-attachment-488247\" class=\"wp-caption-text\">El edil Marco Antonio Cruz Cruz solicit\u00f3 al gobernador Alfredo Del Mazo Maza su intervenci\u00f3n para participar en proyectos sobre nuevo aeropuerto.<\/p><\/div>\n<p>&nbsp;<\/p>\n<p><strong>Tultepec, Estado de M\u00e9xico.-<\/strong> El alcalde Marco Antonio Cruz Cruz solicit\u00f3 al gobernador del Estado de M\u00e9xico, Alfredo Del Mazo Maza, su intervenci\u00f3n para reunirse con los secretarios General de Gobierno y de Obra P\u00fablica y Desarrollo Urbano mexiquenses, con la finalidad de conocer y participar en los proyectos contemplados en la regi\u00f3n y que impactar\u00e1n a Tultepec con motivo de la construcci\u00f3n del nuevo aeropuerto.<\/p>\n<p>Al darle la bienvenida durante la entrega de tarjetas del Programa Salario Rosa, el edil precis\u00f3 que entre los cambios que se dar\u00e1n con la construcci\u00f3n del aeropuerto Felipe \u00c1ngeles, se encuentra la modificaci\u00f3n de la autopista del Circuito Exterior Mexiquense y el cruce de m\u00e1s de 9 kil\u00f3metros de v\u00edas y un patio de maniobras en territorio tultepequense debido a la ampliaci\u00f3n del Tren Suburbano.<\/p>\n<p>El gobernador inform\u00f3 que a tres a\u00f1os de iniciado este programa del Salario Rosa, suman ya m\u00e1s de 341 mil mujeres que son beneficiarias en todo el estado, a las que se suman hoy m\u00e1s de cuatro mil de los municipios de Huixquilucan, Jilotzingo, Tlalnepantla, Teoloyucan, Xonacatl\u00e1n, Cuautitl\u00e1n, Jaltenco, Tultitl\u00e1n, Coacalco y Tultepec; quienes lo reciben hoy por primera vez.<\/p>\n<p>Hace unos d\u00edas, cinco alcaldes de la regi\u00f3n se reunieron en Tultepec, con la finalidad de alcanzar una postura conjunta en relaci\u00f3n a la problem\u00e1tica de l\u00edmites territoriales, motivado por la actualizaci\u00f3n y publicaci\u00f3n de sus planes de desarrollo urbano municipal (PDUM), en el marco del convenio de coordinaci\u00f3n para el seguimiento e implemento del Programa Territorial Operativo de la Zona Norte del Valle de M\u00e9xico (PTOZNVM).<\/p>\n<p>Debido a que sus territorios ser\u00e1n impactados por el proyecto de construcci\u00f3n del nuevo aeropuerto, los ediles Jos\u00e9 Rosario Romero Lugo, Felipe Valent\u00edn Mart\u00ednez Su\u00e1rez, Elena Garc\u00eda Mart\u00ednez y Marco Antonio Cruz Cruz, de Jaltenco, Tonanitla, Tultitl\u00e1n, Tultepec respectivamente; as\u00ed como Mariela Guti\u00e9rrez Escalante de Tec\u00e1mac, a trav\u00e9s de su Director de Desarrollo Urbano, Daniel Nicol\u00e1s Hern\u00e1ndez Ch\u00e1vez; tuvieron en un primer encuentro de acercamiento.<\/p>\n<p>Ello a fin de evitar que con las obras complementarias en torno al aeropuerto Felipe \u00c1ngeles, se deje a comunidades en la incertidumbre de pertenencia de un municipio u otro, y con ello sin claridad en la prestaci\u00f3n de los servicios b\u00e1sicos como ya ocurre en varias poblaciones que son reclamadas por una u otra autoridad municipal.<\/p>\n<p>En el mismo sentido, los ediles coincidieron en que se establezcan usos de suelo o l\u00edneas estrat\u00e9gicas de desarrollo urbano comunes, que resulten congruentes con el Programa Territorial Operativo de la Zona Norte del Valle de M\u00e9xico y con el Plan de Desarrollo Urbano del Estado de M\u00e9xico.<\/p>\n","protected":false},"excerpt":{"rendered":"<p>El alcalde Marco Antonio Cruz Cruz solicit\u00f3 al gobernador del Estado de M\u00e9xico, Alfredo Del Mazo Maza, su intervenci\u00f3n para reunirse con los secretarios General de Gobierno y de Obra P\u00fablica y Desarrollo Urbano mexiquenses, con la finalidad de conocer y participar en los proyectos contemplados en la regi\u00f3n y que impactar\u00e1n a Tultepec con motivo de la construcci\u00f3n del nuevo aeropuerto.<\/p>\n","protected":false},"author":1,"featured_media":488247,"comment_status":"open","ping_status":"open","sticky":false,"template":"","format":"standard","meta":{"_monsterinsights_skip_tracking":false,"_monsterinsights_sitenote_active":false,"_monsterinsights_sitenote_note":"","_monsterinsights_sitenote_category":0,"footnotes":""},"categories":[5],"tags":[31416,43675,3802],"class_list":["post-488246","post","type-post","status-publish","format-standard","has-post-thumbnail","hentry","category-estado-de-mexico","tag-desarrollo","tag-estado-de-mexico","tag-tultepec"],"_links":{"self":[{"href":"https:\/\/www.diarioimagen.net\/index.php?rest_route=\/wp\/v2\/posts\/488246","targetHints":{"allow":["GET"]}}],"collection":[{"href":"https:\/\/www.diarioimagen.net\/index.php?rest_route=\/wp\/v2\/posts"}],"about":[{"href":"https:\/\/www.diarioimagen.net\/index.php?rest_route=\/wp\/v2\/types\/post"}],"author":[{"embeddable":true,"href":"https:\/\/www.diarioimagen.net\/index.php?rest_route=\/wp\/v2\/users\/1"}],"replies":[{"embeddable":true,"href":"https:\/\/www.diarioimagen.net\/index.php?rest_route=%2Fwp%2Fv2%2Fcomments&post=488246"}],"version-history":[{"count":0,"href":"https:\/\/www.diarioimagen.net\/index.php?rest_route=\/wp\/v2\/posts\/488246\/revisions"}],"wp:featuredmedia":[{"embeddable":true,"href":"https:\/\/www.diarioimagen.net\/index.php?rest_route=\/wp\/v2\/media\/488247"}],"wp:attachment":[{"href":"https:\/\/www.diarioimagen.net\/index.php?rest_route=%2Fwp%2Fv2%2Fmedia&parent=488246"}],"wp:term":[{"taxonomy":"category","embeddable":true,"href":"https:\/\/www.diarioimagen.net\/index.php?rest_route=%2Fwp%2Fv2%2Fcategories&post=488246"},{"taxonomy":"post_tag","embeddable":true,"href":"https:\/\/www.diarioimagen.net\/index.php?rest_route=%2Fwp%2Fv2%2Ftags&post=488246"}],"curies":[{"name":"wp","href":"https:\/\/api.w.org\/{rel}","templated":true}]}}