{"id":488341,"date":"2020-12-01T00:03:54","date_gmt":"2020-12-01T06:03:54","guid":{"rendered":"https:\/\/www.diarioimagen.net\/?p=488341"},"modified":"2020-11-30T23:06:09","modified_gmt":"2020-12-01T05:06:09","slug":"amlo-contra-la-fil-guadalajara","status":"publish","type":"post","link":"https:\/\/www.diarioimagen.net\/?p=488341","title":{"rendered":"AMLO contra la FIL Guadalajara"},"content":{"rendered":"<h2>Espacio Electoral<\/h2>\n<h5>Eleazar Flores<\/h5>\n<p>&nbsp;<\/p>\n<p><strong>QU\u00c9 BUENO-.<\/strong> Si la Feria Internacional del Libro de Guadalajara edici\u00f3n 2020 fuera respaldada por la Cuarta Transformaci\u00f3n sencillamente \u201cla salar\u00eda\u201d, comenta el fijado Don Teofilito y da muchos argumentos de apoyo.<\/p>\n<p>Este gobierno ha debilitado presupuestalmente a toda la actividad cultural y cient\u00edfica por medio del Conacyt y de desapoyos a universidades, ni hablar.<\/p>\n<p>DISCURSOS-. En eventos inaugurales de la edici\u00f3n 34 de la Feria Internacional del Libro de Guadalajara, habl\u00f3 gente importante como el fil\u00f3sofo espa\u00f1ol Fernando Savater, el escritor mexicano Enrique Krauze, el gobernador de Jalisco, Enrique Alfaro, con excelente participaci\u00f3n.<\/p>\n<p>Pero no falt\u00f3 la discrepancia a cargo del espa\u00f1ol nacionalizado Francisco Ignacio Taibo Mahojo, mejor conocido como Paco Ignacio Taibo ll, director del Fondo de Cultura Econ\u00f3mica, quien para defender chamba y salario dijo coincidir con su jefe, el padre de la Cuarta Transformaci\u00f3n, quien calific\u00f3 a la FIL como evento de conservadores, qu\u00e9 la parece.<\/p>\n<p>El fil\u00f3sofo Fernando Savater y el escritor Enrique Krauze estuvieron en su nivel al que nos tienen acostumbrados,destacando el esfuerzo de los organizadores y participantes no obstante estar carentes de apoyos o contar con los m\u00ednimos. Aun as\u00ed el evento sigui\u00f3 adelante en forma virtual en parte.<\/p>\n<p>Este escribiente, por trabajo y por placer -comparable s\u00f3lo cuando las Chivas despluman a las \u00c1guilas- ha estado en \u201cdos que tres\u201d ocasiones en la FIL Guadalajara, constatando el bullicio cultural de un p\u00fablico preferentemente joven sin faltar los adultos mayores barbudos, con gafas y dem\u00e1s.<\/p>\n<p>Sin menosprecio a todas las valiosas intervenciones, -menos la de Taibo ll-, me quedo con lo dicho por el gobernador de Jalisco, Enrique Alfaro, quien entre otras cosas dijo: \u201cCuando los liberales pretenden reconstruir a la naci\u00f3n con gu\u00edas morales y hablan de una feria conservadora lo \u00fanico que hay que hacer es sonreir ante lo rid\u00edculo\u201d, a\u00f1adiendo que el evento lleva el nombre de Guadalajara, pero ya es universal y no obstante tener su origen en la Universidad ya pertenece a todo el mundo.<\/p>\n<p>Ra\u00fal Padilla, director del evento, dijo que los libros son veh\u00edculos de libertad y enemigos de fundamentalismos.<\/p>\n<p>La mejor prueba del divorcio de la Cuarta Transformaci\u00f3n con la FIL de Guadalajara es que ning\u00fan funcionario federal estuvo en la inauguraci\u00f3n del evento, ciertamente con menos asistentes que de la 33 edici\u00f3n hacia atr\u00e1s.<\/p>\n<p>Con datos que nunca sobrar\u00e1n, cabe recordar que la Feria Internacional del Libro de Guadalajara es la segunda m\u00e1s importante y de mayores participantes del mundo, siendo superada s\u00f3lo por la de Berl\u00edn en Alemania, lo que habla de su nivel de importancia.<\/p>\n<p>Han estado y participando casi todos los premios Nobel de Literatura, nom\u00e1s.<\/p>\n<p><em><a href=\"mailto:elefa44@gmail.com\" target=\"_blank\" rel=\"noopener noreferrer\">elefa44@gmail.com<\/a><\/em><\/p>\n","protected":false},"excerpt":{"rendered":"<p><span style=\"color: #005497;\"><strong>Eleazar Flores<\/strong><\/span><\/p>\n","protected":false},"author":3,"featured_media":0,"comment_status":"open","ping_status":"open","sticky":false,"template":"","format":"standard","meta":{"_monsterinsights_skip_tracking":false,"_monsterinsights_sitenote_active":false,"_monsterinsights_sitenote_note":"","_monsterinsights_sitenote_category":0,"footnotes":""},"categories":[81743],"tags":[81744,81776,43674],"class_list":["post-488341","post","type-post","status-publish","format-standard","hentry","category-eleazar-flores","tag-eleazar-flores","tag-espacio-electoral","tag-opinion"],"_links":{"self":[{"href":"https:\/\/www.diarioimagen.net\/index.php?rest_route=\/wp\/v2\/posts\/488341","targetHints":{"allow":["GET"]}}],"collection":[{"href":"https:\/\/www.diarioimagen.net\/index.php?rest_route=\/wp\/v2\/posts"}],"about":[{"href":"https:\/\/www.diarioimagen.net\/index.php?rest_route=\/wp\/v2\/types\/post"}],"author":[{"embeddable":true,"href":"https:\/\/www.diarioimagen.net\/index.php?rest_route=\/wp\/v2\/users\/3"}],"replies":[{"embeddable":true,"href":"https:\/\/www.diarioimagen.net\/index.php?rest_route=%2Fwp%2Fv2%2Fcomments&post=488341"}],"version-history":[{"count":0,"href":"https:\/\/www.diarioimagen.net\/index.php?rest_route=\/wp\/v2\/posts\/488341\/revisions"}],"wp:attachment":[{"href":"https:\/\/www.diarioimagen.net\/index.php?rest_route=%2Fwp%2Fv2%2Fmedia&parent=488341"}],"wp:term":[{"taxonomy":"category","embeddable":true,"href":"https:\/\/www.diarioimagen.net\/index.php?rest_route=%2Fwp%2Fv2%2Fcategories&post=488341"},{"taxonomy":"post_tag","embeddable":true,"href":"https:\/\/www.diarioimagen.net\/index.php?rest_route=%2Fwp%2Fv2%2Ftags&post=488341"}],"curies":[{"name":"wp","href":"https:\/\/api.w.org\/{rel}","templated":true}]}}