{"id":488492,"date":"2020-12-02T00:04:30","date_gmt":"2020-12-02T06:04:30","guid":{"rendered":"https:\/\/www.diarioimagen.net\/?p=488492"},"modified":"2020-12-01T23:39:02","modified_gmt":"2020-12-02T05:39:02","slug":"por-covid-jalon-de-orejas-a-mexico","status":"publish","type":"post","link":"https:\/\/www.diarioimagen.net\/?p=488492","title":{"rendered":"Por Covid, \u201cjal\u00f3n de orejas\u201d a M\u00e9xico"},"content":{"rendered":"<h2>Punto por punto<\/h2>\n<h5>Augusto Corro<\/h5>\n<p>&nbsp;<\/p>\n<p>La Organizaci\u00f3n Mundial de la Salud (OMS) pidi\u00f3 a M\u00e9xico a M\u00e9xico tomarse en serio la epidemia de Covid-19, debido a que desde mediados de noviembre se duplic\u00f3 el n\u00famero de casos de defunciones por el coronavirus.<\/p>\n<p>Concretamente, el director de esa organizaci\u00f3n, Tedros Adhanom Ghebreyesus, cuando ambos indicadores aumentan, es un problema muy severo; y nos gustar\u00eda pedir a M\u00e9xico que sea muy serio.<\/p>\n<p>M\u00e9xico inici\u00f3 diciembre con 105 mil decesos y un mill\u00f3n 113 mil 543 contagiados. Esta informaci\u00f3n nos informa sobre la realidad que se vive en el pa\u00eds con las posibilidades de que el contagio cobre m\u00e1s v\u00edctimas.<\/p>\n<p>En respuesta, el subsecretario de Salud, Hugo L\u00f3pez-Gatell, declar\u00f3 que no s\u00f3lo M\u00e9xico, sino en todo el mundo debe tomarse en serio la pandemia del virus.<\/p>\n<p>El funcionario de la OMS tambi\u00e9n se refiri\u00f3 al cubrebocas. Dijo que llevarlo es importante, igual que la higiene y el distanciamiento f\u00edsico; \u201cesperamos que los l\u00edderes sean un modelo, que den ejemplo\u201d.<\/p>\n<p>La llamada de atenci\u00f3n de la citada organizaci\u00f3n es muy oportuna, en espec\u00edfico para M\u00e9xico, pues en este mes se multiplican las fiestas por diferentes razones, hasta en los lugares m\u00e1s apartados del pa\u00eds.<\/p>\n<p>Ojal\u00e1 y las autoridades act\u00faen con sensatez e inteligencia en el manejo del sem\u00e1foro sanitario para evitar el relajamiento de las medidas antivirales, con el pretexto de la reanudaci\u00f3n de las actividades para rescatar la econom\u00eda.<\/p>\n<p>La recomendaci\u00f3n es, pues, guardar el esp\u00edritu fiestero para mejores \u00e9pocas que sin duda, tarde o temprano llegar\u00e1n. Sin embargo, el control sanitario total ser\u00e1 muy dif\u00edcil, pues la Ciudad de M\u00e9xico cuenta con una de las poblaciones m\u00e1s grandes del mundo.<\/p>\n<p><strong>El caso Daniel Lormand<\/strong><\/p>\n<p>Como informamos ayer, la polic\u00eda captur\u00f3 a Miguel Angel Tinoco, de 30 a\u00f1os, como uno de los presuntos asesinos del empresario fr\u00e1nces Baptiste Jacques Daniel Lormand y su socio mexicano Luis Orozco.<\/p>\n<p>Los dos restauranteros fueron ultimados en la zona sur de la Ciudad de Mexico. Las autoridades dijeron que el m\u00f3vil de los cr\u00edmenes fue el robo de varias botellas de licor de precios altos, que podr\u00edan alcanzar el mill\u00f3n de pesos.<\/p>\n<p>Fue r\u00e1pida la soluci\u00f3n del caso Lombard, aunque solo hay una persona detenida; sin embargo, en los cateos en casas de presuntos implicados, fueron detenidas tres personas que no estar\u00edan relacionadas directamente con el doble homicidio, pero s\u00ed vinculadas a Miguel Angel.\u00a0 En la revisi\u00f3n, la polic\u00eda encontr\u00f3 armas de fuego, botellas de licor de alta gama (car\u00edsimas) y droga.<\/p>\n<p>El jueves en la tarde Lormand sali\u00f3 de su casa y no regres\u00f3. Ante la ausencia prolongada del franc\u00e9s.<\/p>\n<p>Por otra parte, cientos de personas, algunas vestidas de blanco, se reunieron en Polanco la tarde del lunes, para marchar por las calles de esa zona exclusiva, para repudiar el asesinato de los empresarios restauranteros.<\/p>\n<p>Los vecinos de Polanco que marcharon se quejaron de la inseguridad y la impunidad, que seg\u00fan ellos, azota a la zona de restaurantes y tiendas de lujo. Dijeron tambi\u00e9n que la delincuencia aument\u00f3 en esa colonia debido al sinn\u00famero de antros y bares instalados en a\u00f1os recientes.<\/p>\n<p>El jueves 26 en la tarde, Lormand sali\u00f3 de su casa y no regres\u00f3.\u00a0 Ante esa ausencia prolongada, la familia present\u00f3 la denuncia ante las autoridades.<\/p>\n<p>En las primeras horas del viernes, fueron localizados los cuerpos sin vida de Lombard y de su socio Orozco, en un camino de terracer\u00eda por la alcald\u00eda de Tlalpan, en el sur de la Ciudad de M\u00e9xico.<\/p>\n<p>La polic\u00eda inici\u00f3 la investigaci\u00f3n auxiliada con las c\u00e1maras de vigilancia que marcaron la hora y el rumbo de las v\u00edctimas que viajaron en dos veh\u00edculos para acudir a su cita con los asesinos. \u00bfUsted qu\u00e9 opina amable lector?<\/p>\n<p><a href=\"mailto:aco2742@hotmail.com\" target=\"_blank\" rel=\"noopener noreferrer\"><em>aco2742@hotmail.com<\/em><\/a><\/p>\n","protected":false},"excerpt":{"rendered":"<p><span style=\"color: #005497;\"><strong>Augusto Corro<\/strong><\/span><\/p>\n","protected":false},"author":3,"featured_media":0,"comment_status":"open","ping_status":"open","sticky":false,"template":"","format":"standard","meta":{"_monsterinsights_skip_tracking":false,"_monsterinsights_sitenote_active":false,"_monsterinsights_sitenote_note":"","_monsterinsights_sitenote_category":0,"footnotes":""},"categories":[157],"tags":[43686,43674,11515],"class_list":["post-488492","post","type-post","status-publish","format-standard","hentry","category-augusto-corro","tag-augusto-corro","tag-opinion","tag-punto-por-punto"],"_links":{"self":[{"href":"https:\/\/www.diarioimagen.net\/index.php?rest_route=\/wp\/v2\/posts\/488492","targetHints":{"allow":["GET"]}}],"collection":[{"href":"https:\/\/www.diarioimagen.net\/index.php?rest_route=\/wp\/v2\/posts"}],"about":[{"href":"https:\/\/www.diarioimagen.net\/index.php?rest_route=\/wp\/v2\/types\/post"}],"author":[{"embeddable":true,"href":"https:\/\/www.diarioimagen.net\/index.php?rest_route=\/wp\/v2\/users\/3"}],"replies":[{"embeddable":true,"href":"https:\/\/www.diarioimagen.net\/index.php?rest_route=%2Fwp%2Fv2%2Fcomments&post=488492"}],"version-history":[{"count":0,"href":"https:\/\/www.diarioimagen.net\/index.php?rest_route=\/wp\/v2\/posts\/488492\/revisions"}],"wp:attachment":[{"href":"https:\/\/www.diarioimagen.net\/index.php?rest_route=%2Fwp%2Fv2%2Fmedia&parent=488492"}],"wp:term":[{"taxonomy":"category","embeddable":true,"href":"https:\/\/www.diarioimagen.net\/index.php?rest_route=%2Fwp%2Fv2%2Fcategories&post=488492"},{"taxonomy":"post_tag","embeddable":true,"href":"https:\/\/www.diarioimagen.net\/index.php?rest_route=%2Fwp%2Fv2%2Ftags&post=488492"}],"curies":[{"name":"wp","href":"https:\/\/api.w.org\/{rel}","templated":true}]}}