{"id":488494,"date":"2020-12-02T00:03:21","date_gmt":"2020-12-02T06:03:21","guid":{"rendered":"https:\/\/www.diarioimagen.net\/?p=488494"},"modified":"2020-12-01T23:40:26","modified_gmt":"2020-12-02T05:40:26","slug":"dia-del-presidente","status":"publish","type":"post","link":"https:\/\/www.diarioimagen.net\/?p=488494","title":{"rendered":"\u00bfD\u00eda del Presidente?"},"content":{"rendered":"<h2>Espacio Electoral<\/h2>\n<h5>Eleazar Flores<\/h5>\n<p><strong>\u00a0<\/strong><\/p>\n<p><strong>TIEMPOS \u00bfNUEVOS?-.<\/strong> Anta\u00f1o, cuando s\u00f3lo hab\u00eda un \u201cd\u00eda del Presidente\u201d que era el primero de septiembre con motivo del informe, era un d\u00eda feriado y de descanso obligatorio. Hoy en dos a\u00f1os llevamos ya seis informes, m\u00ednimo.<\/p>\n<p>Qu\u00e9 bueno que ya no es d\u00eda feriado, pues se registrar\u00edan muchos descansos al a\u00f1o. Ahora, del contenido del informe de hoy, no se apure \u201cvamos bien\u201d.<\/p>\n<p><strong>OMS PIDE SERFIEDAD-.<\/strong> Lo verdaderamente delicado del momento que vive M\u00e9xico en materia de salud p\u00fablica es la pandemia que no obstante los fat\u00eddicos hechos que arrojan un mill\u00f3n 468 mil defunciones a nivel mundial, con\u00a0 105 mil 490 de M\u00e9xico -equivalente al 10% aproximadamente- no se ve la m\u00ednima intenci\u00f3n de cambiar las estrategias de combate al mal.<\/p>\n<p><strong>M\u00c9XICO-.<\/strong> Su gobierno deber\u00eda tomar con m\u00e1s seriedad las cosas, pidi\u00f3 el lunes el se\u00f1or Tedros Adhanom director de la Organizaci\u00f3n Mundial de la Salud de la Organizaci\u00f3n de las Naciones Unidas, quien calific\u00f3 de \u201cpreocupante\u201d la Covid-19 en M\u00e9xico, llamando al gobierno a \u201ctomarse muy en serio\u201d la pandemia.<\/p>\n<p>Lo preocupante adem\u00e1s de las m\u00e1s de cien mil v\u00edctimas de la pandemia es la soberbia del supersubsecretario de Salud Hugo L\u00f3pez-Gatell, quien ante la petici\u00f3n de la OMS de tomar con m\u00e1s seriedad la lucha contra la pandemia, dijo que el llamado no era para \u00e9l o el gobierno, sino para el pueblo de M\u00e9xico.<\/p>\n<p>O sea que es culpa del pueblo de M\u00e9xico la carest\u00eda de insumos indispensables para la protecci\u00f3n del personal m\u00e9dico, como se evidenci\u00f3 todav\u00eda el lunes con quejas de doctores, enfermeras y dem\u00e1s personal param\u00e9dico, que carece hasta de lo indispensable para trabajar tranquilos.<\/p>\n<p>Es tambi\u00e9n culpa del pueblo que no se tengan suficientes medicinas para tratar la lucha contra el c\u00e1ncer infantil, fen\u00f3meno que se ha presentado constantemente en el \u00faltimo a\u00f1o.<\/p>\n<p>Conocida la postura del gobierno de ser \u201cel primero en esto, lo otro y dem\u00e1s\u201d, podr\u00eda agregar que el de M\u00e9xico es el primer gobierno al que la Organizaci\u00f3n Mundial de la Salud le pide m\u00e1s seriedad en sus acciones para combatir la pandemia. Que se sepa no ha habido caso semejante.<\/p>\n<p><strong>INFORMES-.<\/strong> No s\u00f3lo este espacio, sino muchos m\u00e1s han perdido la cuenta de los \u201cinformes\u201d que el padre de la cuarta transformaci\u00f3n ha dado desde el inicio y hasta el final del primer tercio de su r\u00e9gimen.<\/p>\n<p>Tome como referencia el de los \u201cprimeros cien d\u00edas\u201d en la que el punto importante fue combatir la escasez de gasoilina, el informe de julio de 2019 con motivo del primer aniversario del triunfo electoral y de ah\u00ed los \u201ctradicionales\u201d del uno de septiembre y\u00a0 uno de diciembre.<\/p>\n<p><em><a href=\"mailto:elefa44@gmail.com\" target=\"_blank\" rel=\"noopener noreferrer\">elefa44@gmail.com<\/a><\/em><\/p>\n","protected":false},"excerpt":{"rendered":"<p><span style=\"color: #005497;\"><strong>Eleazar Flores<\/strong><\/span><\/p>\n","protected":false},"author":3,"featured_media":0,"comment_status":"open","ping_status":"open","sticky":false,"template":"","format":"standard","meta":{"_monsterinsights_skip_tracking":false,"_monsterinsights_sitenote_active":false,"_monsterinsights_sitenote_note":"","_monsterinsights_sitenote_category":0,"footnotes":""},"categories":[81743],"tags":[81744,81776,43674],"class_list":["post-488494","post","type-post","status-publish","format-standard","hentry","category-eleazar-flores","tag-eleazar-flores","tag-espacio-electoral","tag-opinion"],"_links":{"self":[{"href":"https:\/\/www.diarioimagen.net\/index.php?rest_route=\/wp\/v2\/posts\/488494","targetHints":{"allow":["GET"]}}],"collection":[{"href":"https:\/\/www.diarioimagen.net\/index.php?rest_route=\/wp\/v2\/posts"}],"about":[{"href":"https:\/\/www.diarioimagen.net\/index.php?rest_route=\/wp\/v2\/types\/post"}],"author":[{"embeddable":true,"href":"https:\/\/www.diarioimagen.net\/index.php?rest_route=\/wp\/v2\/users\/3"}],"replies":[{"embeddable":true,"href":"https:\/\/www.diarioimagen.net\/index.php?rest_route=%2Fwp%2Fv2%2Fcomments&post=488494"}],"version-history":[{"count":0,"href":"https:\/\/www.diarioimagen.net\/index.php?rest_route=\/wp\/v2\/posts\/488494\/revisions"}],"wp:attachment":[{"href":"https:\/\/www.diarioimagen.net\/index.php?rest_route=%2Fwp%2Fv2%2Fmedia&parent=488494"}],"wp:term":[{"taxonomy":"category","embeddable":true,"href":"https:\/\/www.diarioimagen.net\/index.php?rest_route=%2Fwp%2Fv2%2Fcategories&post=488494"},{"taxonomy":"post_tag","embeddable":true,"href":"https:\/\/www.diarioimagen.net\/index.php?rest_route=%2Fwp%2Fv2%2Ftags&post=488494"}],"curies":[{"name":"wp","href":"https:\/\/api.w.org\/{rel}","templated":true}]}}