{"id":488750,"date":"2020-12-04T00:06:48","date_gmt":"2020-12-04T06:06:48","guid":{"rendered":"https:\/\/www.diarioimagen.net\/?p=488750"},"modified":"2020-12-07T03:19:23","modified_gmt":"2020-12-07T09:19:23","slug":"jose-maria-heredia-hermano-a-mexico-y-a-cuba","status":"publish","type":"post","link":"https:\/\/www.diarioimagen.net\/?p=488750","title":{"rendered":"Jos\u00e9 Mar\u00eda Heredia herman\u00f3 a M\u00e9xico y a Cuba"},"content":{"rendered":"<p>&nbsp;<\/p>\n<ul>\n<li><strong><em>Es considerado uno de los fundadores del Instituto Cient\u00edfico y Literario, antecedente de la UAEM<\/em><\/strong><\/li>\n<\/ul>\n<p>&nbsp;<\/p>\n<div id=\"attachment_488751\" style=\"width: 285px\" class=\"wp-caption alignright\"><img loading=\"lazy\" decoding=\"async\" aria-describedby=\"caption-attachment-488751\" class=\"wp-image-488751\" src=\"https:\/\/www.diarioimagen.net\/wp-content\/uploads\/2020\/12\/UaemPOR.jpg\" alt=\"\" width=\"275\" height=\"469\" \/><p id=\"caption-attachment-488751\" class=\"wp-caption-text\">El cronista de la UAEM, Carlos Alfonso Ledesma Ibarra, particip\u00f3 en el evento conmemorativo bicentenario \u201cEn el teocalli del Cholula\u201d, organizado por la Facultad de Humanidades.<\/p><\/div>\n<p><strong>Toluca, Estado de M\u00e9xico<\/strong>.\u2013 Jos\u00e9 Mar\u00eda Heredia y Heredia es de las pocas personas que logr\u00f3 hermanar a M\u00e9xico y Cuba, consider\u00f3 el cronista de la Universidad Aut\u00f3noma del Estado de M\u00e9xico, Carlos Alfonso Ledesma Ibarra.<\/p>\n<p>Durante su participaci\u00f3n en el evento conmemorativo bicentenario \u201cEn el teocalli del Cholula\u201d, organizado por la Facultad de Humanidades, destac\u00f3 que Heredia es considerado uno de los fundadores del Instituto Cient\u00edfico y Literario, antecedente de la UAEM.<\/p>\n<p>Indic\u00f3 que recibi\u00f3 el puesto de director del Instituto en 1834, donde imparti\u00f3 las c\u00e1tedras de idiomas, historia y literatura. Adem\u00e1s, fue autor del primer libro en castellano de historia universal en Am\u00e9rica, impreso por el Gobierno del Estado de M\u00e9xico.<\/p>\n<p>\u201cSu tiempo como director solo fue de dos a\u00f1os, periodo en el cual se recibieron a 140 alumnos. No egres\u00f3 ninguna generaci\u00f3n; sin embargo, influy\u00f3 en la formaci\u00f3n de varios alumnos como Plutarco Gonz\u00e1lez, quien fue gobernador del Estado de M\u00e9xico y muri\u00f3 durante la Guerra de Reforma\u201d.<\/p>\n<p>Detall\u00f3 que arrib\u00f3 a Toluca durante la segunda gubernatura de Lorenzo de Zavala. En esa \u00e9poca, en el a\u00f1o de 1833 la capital de la entidad enfrent\u00f3 una epidemia de c\u00f3lera que caus\u00f3 la muerte de 50 mil habitantes de todo el estado.<\/p>\n<p>\u201cLas cr\u00f3nicas de la ciudad en esa \u00e9poca son escalofriantes. Las calles vac\u00edas inundadas por el olor f\u00e9tido de la muerte. El n\u00famero de muertos trajo consigo la apertura de nuevos cementerios como el localizado en el Barrio de Santa B\u00e1rbara\u201d.<\/p>\n<p>Durante su paso por Toluca tambi\u00e9n fungi\u00f3 como magistrado del Tribunal Superior de Justicia, diputado y redactor de dos peri\u00f3dicos. Adem\u00e1s, fue director de la biblioteca p\u00fablica de la entidad.<\/p>\n<p>Carlos Ledesma Ibarra apunt\u00f3 que adem\u00e1s fue socio de la Academia Mexicana de la Lengua, la Academia de la Historia, as\u00ed como de la Sociedad Mexicana de Geograf\u00eda y Estad\u00edstica y la Academia de Poes\u00eda y Bellas Artes. \u201cSus ojos, sensibilidad y maestr\u00eda en las letras nos han hecho redescubrir las grandezas de nuestro pasado\u201d.<\/p>\n","protected":false},"excerpt":{"rendered":"<p>Jos\u00e9 Mar\u00eda Heredia y Heredia es de las pocas personas que logr\u00f3 hermanar a M\u00e9xico y Cuba, consider\u00f3 el cronista de la Universidad Aut\u00f3noma del Estado de M\u00e9xico, Carlos Alfonso Ledesma Ibarra.<\/p>\n","protected":false},"author":1,"featured_media":488752,"comment_status":"open","ping_status":"open","sticky":false,"template":"","format":"standard","meta":{"_monsterinsights_skip_tracking":false,"_monsterinsights_sitenote_active":false,"_monsterinsights_sitenote_note":"","_monsterinsights_sitenote_category":0,"footnotes":""},"categories":[5],"tags":[43675,452,1491],"class_list":["post-488750","post","type-post","status-publish","format-standard","has-post-thumbnail","hentry","category-estado-de-mexico","tag-estado-de-mexico","tag-toluca","tag-uaem"],"_links":{"self":[{"href":"https:\/\/www.diarioimagen.net\/index.php?rest_route=\/wp\/v2\/posts\/488750","targetHints":{"allow":["GET"]}}],"collection":[{"href":"https:\/\/www.diarioimagen.net\/index.php?rest_route=\/wp\/v2\/posts"}],"about":[{"href":"https:\/\/www.diarioimagen.net\/index.php?rest_route=\/wp\/v2\/types\/post"}],"author":[{"embeddable":true,"href":"https:\/\/www.diarioimagen.net\/index.php?rest_route=\/wp\/v2\/users\/1"}],"replies":[{"embeddable":true,"href":"https:\/\/www.diarioimagen.net\/index.php?rest_route=%2Fwp%2Fv2%2Fcomments&post=488750"}],"version-history":[{"count":0,"href":"https:\/\/www.diarioimagen.net\/index.php?rest_route=\/wp\/v2\/posts\/488750\/revisions"}],"wp:featuredmedia":[{"embeddable":true,"href":"https:\/\/www.diarioimagen.net\/index.php?rest_route=\/wp\/v2\/media\/488752"}],"wp:attachment":[{"href":"https:\/\/www.diarioimagen.net\/index.php?rest_route=%2Fwp%2Fv2%2Fmedia&parent=488750"}],"wp:term":[{"taxonomy":"category","embeddable":true,"href":"https:\/\/www.diarioimagen.net\/index.php?rest_route=%2Fwp%2Fv2%2Fcategories&post=488750"},{"taxonomy":"post_tag","embeddable":true,"href":"https:\/\/www.diarioimagen.net\/index.php?rest_route=%2Fwp%2Fv2%2Ftags&post=488750"}],"curies":[{"name":"wp","href":"https:\/\/api.w.org\/{rel}","templated":true}]}}